{"id":9392,"date":"2025-06-30T18:41:33","date_gmt":"2025-06-30T18:41:33","guid":{"rendered":"https:\/\/verdadincomodadiario.ar\/?p=9392"},"modified":"2025-06-30T18:41:33","modified_gmt":"2025-06-30T18:41:33","slug":"detienen-en-cordoba-a-banda-de-jovenes-con-armas-y-plata-uno-tiene-13-anos","status":"publish","type":"post","link":"https:\/\/verdadincomodadiario.ar\/?p=9392","title":{"rendered":"Detienen en C\u00f3rdoba a banda de j\u00f3venes con armas y plata, uno tiene 13 a\u00f1os"},"content":{"rendered":"<p><strong>Seis j\u00f3venes fueron detenidos<\/strong>\u00a0 este lunes en C\u00f3rdoba capital tras un operativo policial. <strong>Tres de ellos tienen 13, 15 y 17 a\u00f1os<\/strong>\u00a0 respectivamente. Se trasladaban armados en un veh\u00edculo junto a una gran suma de dinero en efectivo.<\/p>\n<p>El hecho ocurri\u00f3 durante la madrugada en barrio Arturo Capdevila. El procedimiento se concret\u00f3 en la intersecci\u00f3n de Federico Rauch y Chachapoyas. Los agentes detuvieron un Fiat Cronos ocupado por los seis sospechosos.<\/p>\n<p>Durante la requisa, <strong>hallaron <a href=\"https:\/\/derechadiario.com.ar\/sociedad\/cordoba-menor-15-anos-implicado-asesinato-volvio-detenido-con-arma\" title=\"C\u00f3rdoba: menor de 15 a\u00f1os implicado en asesinato volvi\u00f3 a ser detenido con un arma\">dos armas de fuego<\/a><\/strong>\u00a0 y dinero en efectivo. Las autoridades investigan el origen del dinero incautado. A\u00fan no se confirm\u00f3 si los implicados participaron de alg\u00fan il\u00edcito.<\/p>\n<div class=\"inter_image image_horizontal\">\n<picture><source class=\"img-responsive\" type=\"image\/webp\" data-srcset=\"https:\/\/filesedc.com\/uploads\/image\/post\/2025\/06\/271_300_200.webp 300w, https:\/\/filesedc.com\/uploads\/image\/post\/2025\/06\/271_630_420.webp 630w, https:\/\/filesedc.com\/uploads\/image\/post\/2025\/06\/271_760_507.webp 760w, https:\/\/filesedc.com\/uploads\/image\/post\/2025\/06\/271_1200_800.webp 1200w, https:\/\/filesedc.com\/uploads\/image\/post\/2025\/06\/271_1600_1067.webp 1600w, \"><img decoding=\"async\" src=\"https:\/\/derechadiario.com.ar\/filesedc\/uploads\/image\/post\/2025\/06\/271_1200_800.webp\" class=\"img-responsive lazyload\" alt=\"Escopeta antigua, cartucho y varios fajos de billetes argentinos sobre una superficie azul con el n\u00famero 911 en blanco.\" title=\"Escopeta antigua, cartucho y varios fajos de billetes argentinos sobre una superficie azul con el n\u00famero 911 en blanco.\"><\/picture>\n<div>\n<span class=\"img_footer\">Pose\u00edan dos armas de fuego y dinero en efectivo de dudos a procedencia. <\/span>| <span class=\"img_author\">La Derecha Diario<\/span>\n<\/div>\n<\/div>\n<h2>El veh\u00edculo qued\u00f3 secuestrado<\/h2>\n<p>El <strong>Fiat Cronos<\/strong>\u00a0 no ten\u00eda pedido de captura ni denuncia previa. Sin embargo, <strong>fue retenido por orden de la Justicia junto con las armas y el dinero<\/strong>. Los seis ocupantes fueron trasladados a una comisar\u00eda de la capital cordobesa.<\/p>\n<aside class=\"are-you-interested-container-photo\"><\/aside>\n<p>El operativo forma parte de los controles de rutina que realiza la Polic\u00eda. La presencia de menores armados vuelve a encender alarmas en materia de seguridad. El uso de armas no registradas por adolescentes preocupa a las autoridades.<\/p>\n<p>A pesar de la gravedad, a\u00fan no hay informaci\u00f3n oficial sobre los antecedentes. <strong>Tampoco se detall\u00f3 si los menores ten\u00edan <a href=\"https:\/\/derechadiario.com.ar\/sociedad\/cordoba-tres-menores-con-antecedentes-incendiaron-auto-policia\" title=\"C\u00f3rdoba: tres menores con antecedentes incendiaron el auto de un polic\u00eda\">denuncias previas<\/a>.<\/strong> La Justicia analizar\u00e1 las pruebas recolectadas durante el procedimiento.<\/p>\n<figure><img decoding=\"async\" src=\"https:\/\/derechadiario.com.ar\/filesedc\/uploads\/image\/post\/2025\/06\/270_1200_800.webp\" class=\"img-responsive lazyload\" alt=\"Autom\u00f3vil gris estacionado frente a una patrulla de polic\u00eda en una calle por la noche\" title=\"Autom\u00f3vil gris estacionado frente a una patrulla de polic\u00eda en una calle por la noche\"><\/figure>\n<aside class=\"whatsappChannelText\"><a href=\"https:\/\/whatsapp.com\/channel\/0029VagEjILGE56eKjedWF2U\" rel=\"nofollow\" title=\"WhatsApp Link\"><img alt=\"Logo de WhatsApp\" class=\"lazyload\" data-src=\"https:\/\/derechadiario.com.ar\/filesedc\/uploads\/other\/whatsapp_icon_mid_article.png\" width=\"32\" height=\"32\"><\/a> <a href=\"https:\/\/whatsapp.com\/channel\/0029VagEjILGE56eKjedWF2U\" rel=\"nofollow\" title=\"WhatsApp Link\"><strong>NO SE PIERDAN NINGUNA NOTICIA<\/strong>: Click aqu\u00ed para sumarte <strong>GRATIS<\/strong> al canal de noticias de <strong>La Derecha Diario en WhatsApp.<\/strong><\/a><\/aside>\n<h2>Menores, armas y efectivo<\/h2>\n<p>La edad de algunos detenidos vuelve a poner en foco el <a href=\"https:\/\/derechadiario.com.ar\/sociedad\/crece-delincuencia-menores-choferes-apps-transporte-alerta\" title=\"Crece la delincuencia de menores en C\u00f3rdoba: choferes de apps de transporte en alerta\"><strong>debate sobre la imputabilidad<\/strong><\/a>. <strong>El m\u00e1s joven tiene apenas 13 a\u00f1os, edad a la que no puede ser juzgado penalmente.<\/strong> El C\u00f3digo Penal impide aplicar sanciones severas en estos casos.<\/p>\n<p>Mientras se discute la baja de edad de imputabilidad, estos hechos se repiten. La combinaci\u00f3n de armas y dinero sin justificar resulta preocupante. No se descarta que los mayores hayan inducido a los menores a participar.<\/p>\n<p>Los seis j\u00f3venes permanecen detenidos mientras avanza la investigaci\u00f3n. La Fiscal\u00eda de turno deber\u00e1 determinar si existi\u00f3 un delito previo. Las armas ser\u00e1n peritadas para verificar si fueron usadas en otros hechos.<\/p>\n","protected":false},"excerpt":{"rendered":"<p>Seis j\u00f3venes fueron detenidos\u00a0 este lunes en C\u00f3rdoba capital tras un operativo policial. Tres de ellos tienen 13, 15 y 17 a\u00f1os\u00a0 respectivamente. Se trasladaban armados en un veh\u00edculo junto a una gran suma de dinero en efectivo. El hecho ocurri\u00f3 durante la madrugada en barrio Arturo Capdevila. El procedimiento se concret\u00f3 en la intersecci\u00f3n [&hellip;]<\/p>\n","protected":false},"author":2,"featured_media":9393,"comment_status":"open","ping_status":"open","sticky":false,"template":"","format":"standard","meta":{"_et_pb_use_builder":"","_et_pb_old_content":"","_et_gb_content_width":"","footnotes":""},"categories":[84],"tags":[],"class_list":["post-9392","post","type-post","status-publish","format-standard","has-post-thumbnail","hentry","category-ultimomomento"],"_links":{"self":[{"href":"https:\/\/verdadincomodadiario.ar\/index.php?rest_route=\/wp\/v2\/posts\/9392","targetHints":{"allow":["GET"]}}],"collection":[{"href":"https:\/\/verdadincomodadiario.ar\/index.php?rest_route=\/wp\/v2\/posts"}],"about":[{"href":"https:\/\/verdadincomodadiario.ar\/index.php?rest_route=\/wp\/v2\/types\/post"}],"author":[{"embeddable":true,"href":"https:\/\/verdadincomodadiario.ar\/index.php?rest_route=\/wp\/v2\/users\/2"}],"replies":[{"embeddable":true,"href":"https:\/\/verdadincomodadiario.ar\/index.php?rest_route=%2Fwp%2Fv2%2Fcomments&post=9392"}],"version-history":[{"count":0,"href":"https:\/\/verdadincomodadiario.ar\/index.php?rest_route=\/wp\/v2\/posts\/9392\/revisions"}],"wp:featuredmedia":[{"embeddable":true,"href":"https:\/\/verdadincomodadiario.ar\/index.php?rest_route=\/wp\/v2\/media\/9393"}],"wp:attachment":[{"href":"https:\/\/verdadincomodadiario.ar\/index.php?rest_route=%2Fwp%2Fv2%2Fmedia&parent=9392"}],"wp:term":[{"taxonomy":"category","embeddable":true,"href":"https:\/\/verdadincomodadiario.ar\/index.php?rest_route=%2Fwp%2Fv2%2Fcategories&post=9392"},{"taxonomy":"post_tag","embeddable":true,"href":"https:\/\/verdadincomodadiario.ar\/index.php?rest_route=%2Fwp%2Fv2%2Ftags&post=9392"}],"curies":[{"name":"wp","href":"https:\/\/api.w.org\/{rel}","templated":true}]}}