{"id":9390,"date":"2025-06-30T18:41:34","date_gmt":"2025-06-30T18:41:34","guid":{"rendered":"https:\/\/verdadincomodadiario.ar\/?p=9390"},"modified":"2025-06-30T18:41:34","modified_gmt":"2025-06-30T18:41:34","slug":"un-cordobes-liderara-renault-brasil-su-mayor-filial-en-sudamerica","status":"publish","type":"post","link":"https:\/\/verdadincomodadiario.ar\/?p=9390","title":{"rendered":"Un cordob\u00e9s liderar\u00e1 Renault Brasil, su mayor filial en Sudam\u00e9rica"},"content":{"rendered":"<p>A partir del 14 de julio, <strong>Renault Brasil tendr\u00e1 nuevo presidente: el ingeniero cordob\u00e9s Ariel Montenegro.<\/strong> Asumir\u00e1 el puesto en reemplazo de Ricardo Gondo, quien se retira de la compa\u00f1\u00eda tras una extensa trayectoria. Montenegro, de 39 a\u00f1os, tomar\u00e1 las riendas de una filial clave para la estrategia de la automotriz en Am\u00e9rica Latina.<\/p>\n<p>El nombramiento ocurre en un contexto de cambios relevantes dentro del Grupo <a href=\"https:\/\/derechadiario.com.ar\/economia\/renault-inicia-produccion-su-nueva-pick-up-compacta-argentina\" title=\"Renault inicia la producci\u00f3n de su nueva pick up compacta en argentina\">Renault<\/a>, con salidas recientes en cargos regionales y globales. <strong>Montenegro reportar\u00e1 directamente a Fabrice Cambolive, actual director general de la marca a nivel mundial.<\/strong> Su designaci\u00f3n refuerza el perfil t\u00e9cnico y de gesti\u00f3n que la empresa busca consolidar en mercados competitivos.<\/p>\n<p>El cordob\u00e9s llega con una trayectoria ascendente dentro de la firma y con experiencia probada en conducci\u00f3n ejecutiva. \u00a0<strong>Su paso por Colombia lo posicion\u00f3 como referente en estrategia exportadora y liderazgo de plantas industriales<\/strong>. Ahora, afrontar\u00e1 el desaf\u00edo de dirigir la operaci\u00f3n brasile\u00f1a, una de las m\u00e1s importantes fuera de Europa.<\/p>\n<div class=\"inter_image image_horizontal\">\n<picture><source class=\"img-responsive\" type=\"image\/webp\" data-srcset=\"https:\/\/filesedc.com\/uploads\/image\/post\/2025\/06\/captura-de-pantalla-2025-06-30-141206_300_200.webp 300w, https:\/\/filesedc.com\/uploads\/image\/post\/2025\/06\/captura-de-pantalla-2025-06-30-141206_630_420.webp 630w, https:\/\/filesedc.com\/uploads\/image\/post\/2025\/06\/captura-de-pantalla-2025-06-30-141206_760_507.webp 760w, https:\/\/filesedc.com\/uploads\/image\/post\/2025\/06\/captura-de-pantalla-2025-06-30-141206_1200_800.webp 1200w, https:\/\/filesedc.com\/uploads\/image\/post\/2025\/06\/captura-de-pantalla-2025-06-30-141206_1600_1067.webp 1600w, \"><img decoding=\"async\" src=\"https:\/\/derechadiario.com.ar\/filesedc\/uploads\/image\/post\/2025\/06\/captura-de-pantalla-2025-06-30-141206_1200_800.webp\" class=\"img-responsive lazyload\" alt=\"Hombre de traje sonriente con los brazos cruzados posando junto a un auto Renault en un ambiente moderno y futurista\" title=\"Hombre de traje sonriente con los brazos cruzados posando junto a un auto Renault en un ambiente moderno y futurista\"><\/picture>\n<div>\n<span class=\"img_footer\">El cordob\u00e9s llega con una trayectoria ascendente dentro de la firma <\/span>| <span class=\"img_author\">La Derecha Diario<\/span>\n<\/div>\n<\/div>\n<h2>De Santa Isabel al mundo: formaci\u00f3n t\u00e9cnica y ascenso desde la base<\/h2>\n<p>Montenegro naci\u00f3 en 1986 en C\u00f3rdoba capital y comenz\u00f3 su formaci\u00f3n en el Instituto T\u00e9cnico Renault. Luego <strong>se gradu\u00f3 como ingeniero mec\u00e1nico en la UTN<\/strong> local. <strong>Desde sus inicios combin\u00f3 estudios con trabajo en la planta de Santa Isabel.<\/strong><\/p>\n<aside class=\"are-you-interested-container-photo\"><\/aside>\n<p><strong>Ingres\u00f3 como pasante a los 18 a\u00f1os y fue creciendo profesionalmente dentro del complejo fabril cordob\u00e9s. Ocup\u00f3 cargos en log\u00edstica, finanzas y producci\u00f3n, hasta llegar a ser gerente en 2015.<\/strong> Su historia personal refleja un v\u00ednculo estrecho con la industria, desde sus a\u00f1os de estudiante hasta su consolidaci\u00f3n como directivo.<\/p>\n<p>Durante trece a\u00f1os en <a href=\"https:\/\/derechadiario.com.ar\/sociedad\/renault-boreal-cuando-se-presenta-nuevo-suv-que-llega-argentina\" title=\"Renault Boreal: cu\u00e1ndo se presenta el nuevo SUV que llega a Argentina\">Renault<\/a> Argentina adquiri\u00f3 experiencia clave en \u00e1reas operativas y en relaci\u00f3n con proveedores. \u00a0<strong>Tambi\u00e9n lider\u00f3 procesos de mejora en la cadena de suministro y en la eficiencia industrial.<\/strong> Su primer auto fue un Renault 12, restaurado por \u00e9l mismo para ir a estudiar y trabajar en simult\u00e1neo.<\/p>\n<figure><img decoding=\"async\" src=\"https:\/\/derechadiario.com.ar\/filesedc\/uploads\/image\/post\/2025\/06\/captura-de-pantalla-2025-06-30-141226_1200_800.webp\" class=\"img-responsive lazyload\" alt=\"Hombre de cabello corto y oscuro con saco gris y camisa blanca sonriendo frente a un fondo con luces de ne\u00f3n en forma de flechas\" title=\"Hombre de cabello corto y oscuro con saco gris y camisa blanca sonriendo frente a un fondo con luces de ne\u00f3n en forma de flechas\"><\/figure>\n<h2>Colombia, Francia y Brasil: una carrera con proyecci\u00f3n internacional<\/h2>\n<p><strong>En 2018 se traslad\u00f3 a Curitiba como secretario ejecutivo para Am\u00e9rica y luego pas\u00f3 a Francia, sede central de la automotriz.<\/strong> All\u00ed coordin\u00f3 el comit\u00e9 directivo comercial y acompa\u00f1\u00f3 el desarrollo del plan estrat\u00e9gico global. En 2020 fue designado jefe de gabinete del CEO mundial y articulador entre vicepresidencias clave.<\/p>\n<p><strong>En 2022 asumi\u00f3 la presidencia de Renault-Sofasa en Colombia<\/strong>, donde potenci\u00f3 la estrategia exportadora de la filial. Bajo su gesti\u00f3n se retomaron env\u00edos a M\u00e9xico y se mantuvo el liderazgo en un mercado de alta competencia. <strong>Forbes lo distingui\u00f3 como uno de los ejecutivos m\u00e1s innovadores del pa\u00eds por su enfoque estrat\u00e9gico.<\/strong><\/p>\n<aside class=\"whatsappChannelText\"><a href=\"https:\/\/whatsapp.com\/channel\/0029VagEjILGE56eKjedWF2U\" rel=\"nofollow\" title=\"WhatsApp Link\"><img alt=\"Logo de WhatsApp\" class=\"lazyload\" data-src=\"https:\/\/derechadiario.com.ar\/filesedc\/uploads\/other\/whatsapp_icon_mid_article.png\" width=\"32\" height=\"32\"><\/a> <a href=\"https:\/\/whatsapp.com\/channel\/0029VagEjILGE56eKjedWF2U\" rel=\"nofollow\" title=\"WhatsApp Link\"><strong>NO SE PIERDAN NINGUNA NOTICIA<\/strong>: Click aqu\u00ed para sumarte <strong>GRATIS<\/strong> al canal de noticias de <strong>La Derecha Diario en WhatsApp.<\/strong><\/a><\/aside>\n<p>Ser\u00e1 reemplazado por Juan Camilo V\u00e9lez desde el 1\u00b0 de julio, mientras \u00e9l se instala en Brasil para asumir su nuevo cargo. <strong>La designaci\u00f3n confirma la confianza del grupo en su perfil t\u00e9cnico y de gesti\u00f3n.<\/strong> Montenegro enfrenta ahora el reto de fortalecer la presencia de Renault en el mayor mercado sudamericano.<\/p>\n","protected":false},"excerpt":{"rendered":"<p>A partir del 14 de julio, Renault Brasil tendr\u00e1 nuevo presidente: el ingeniero cordob\u00e9s Ariel Montenegro. Asumir\u00e1 el puesto en reemplazo de Ricardo Gondo, quien se retira de la compa\u00f1\u00eda tras una extensa trayectoria. Montenegro, de 39 a\u00f1os, tomar\u00e1 las riendas de una filial clave para la estrategia de la automotriz en Am\u00e9rica Latina. El [&hellip;]<\/p>\n","protected":false},"author":2,"featured_media":9391,"comment_status":"open","ping_status":"open","sticky":false,"template":"","format":"standard","meta":{"_et_pb_use_builder":"","_et_pb_old_content":"","_et_gb_content_width":"","footnotes":""},"categories":[84],"tags":[],"class_list":["post-9390","post","type-post","status-publish","format-standard","has-post-thumbnail","hentry","category-ultimomomento"],"_links":{"self":[{"href":"https:\/\/verdadincomodadiario.ar\/index.php?rest_route=\/wp\/v2\/posts\/9390","targetHints":{"allow":["GET"]}}],"collection":[{"href":"https:\/\/verdadincomodadiario.ar\/index.php?rest_route=\/wp\/v2\/posts"}],"about":[{"href":"https:\/\/verdadincomodadiario.ar\/index.php?rest_route=\/wp\/v2\/types\/post"}],"author":[{"embeddable":true,"href":"https:\/\/verdadincomodadiario.ar\/index.php?rest_route=\/wp\/v2\/users\/2"}],"replies":[{"embeddable":true,"href":"https:\/\/verdadincomodadiario.ar\/index.php?rest_route=%2Fwp%2Fv2%2Fcomments&post=9390"}],"version-history":[{"count":0,"href":"https:\/\/verdadincomodadiario.ar\/index.php?rest_route=\/wp\/v2\/posts\/9390\/revisions"}],"wp:featuredmedia":[{"embeddable":true,"href":"https:\/\/verdadincomodadiario.ar\/index.php?rest_route=\/wp\/v2\/media\/9391"}],"wp:attachment":[{"href":"https:\/\/verdadincomodadiario.ar\/index.php?rest_route=%2Fwp%2Fv2%2Fmedia&parent=9390"}],"wp:term":[{"taxonomy":"category","embeddable":true,"href":"https:\/\/verdadincomodadiario.ar\/index.php?rest_route=%2Fwp%2Fv2%2Fcategories&post=9390"},{"taxonomy":"post_tag","embeddable":true,"href":"https:\/\/verdadincomodadiario.ar\/index.php?rest_route=%2Fwp%2Fv2%2Ftags&post=9390"}],"curies":[{"name":"wp","href":"https:\/\/api.w.org\/{rel}","templated":true}]}}