{"id":9352,"date":"2025-06-30T14:24:44","date_gmt":"2025-06-30T14:24:44","guid":{"rendered":"https:\/\/verdadincomodadiario.ar\/?p=9352"},"modified":"2025-06-30T14:24:44","modified_gmt":"2025-06-30T14:24:44","slug":"el-ceo-de-openai-anticipo-que-desapareceran-miles-de-empleos-tradicionales","status":"publish","type":"post","link":"https:\/\/verdadincomodadiario.ar\/?p=9352","title":{"rendered":"El CEO de OpenAI anticip\u00f3 que desaparecer\u00e1n miles de empleos tradicionales"},"content":{"rendered":"<p><a href=\"https:\/\/derechadiario.com.ar\/politica\/por-que-elon-musk-odia-al-creador-chatgpt-sam-altman-historia-los-dos\" title=\"Por qu\u00e9 Elon Musk odia al creador de ChatGPT, Sam Altman: la historia entre los dos\"><strong>Sam Altman<\/strong><\/a>, CEO de <strong>OpenAI<\/strong> y creador de <a href=\"https:\/\/derechadiario.com.ar\/sociedad\/desafian-5-inteligencias-artificiales-leer-como-humanos-ganador-no-fue-chatgpt\" title=\"Desaf\u00edan a 5 Inteligencias Artificiales a leer como humanos: el ganador no fue ChatGPT\"><strong>ChatGPT<\/strong><\/a>, asegur\u00f3 que ya comenz\u00f3 una nueva era marcada por la expansi\u00f3n de la <strong>inteligencia artificial<\/strong>. En su visi\u00f3n, esta tecnolog\u00eda transformar\u00e1 por completo la econom\u00eda y el empleo tal como lo conocemos.<\/p>\n<p>Seg\u00fan Altman, el desarrollo de <strong>IA superinteligente<\/strong> es inevitable y su impacto ser\u00e1 tan profundo que muchas profesiones actuales dejar\u00e1n de existir. Pero tambi\u00e9n plantea que los cambios abrir\u00e1n puertas hacia nuevas formas de trabajo y progreso.<\/p>\n<div class=\"inter_image image_horizontal\">\n<picture><source class=\"img-responsive\" type=\"image\/webp\" data-srcset=\"https:\/\/filesedc.com\/uploads\/image\/post\/chatgpt-open-ai_300_200.webp 300w, https:\/\/filesedc.com\/uploads\/image\/post\/chatgpt-open-ai_630_420.webp 630w, https:\/\/filesedc.com\/uploads\/image\/post\/chatgpt-open-ai_760_507.webp 760w, https:\/\/filesedc.com\/uploads\/image\/post\/chatgpt-open-ai_1200_800.webp 1200w, https:\/\/filesedc.com\/uploads\/image\/post\/chatgpt-open-ai_1600_1067.webp 1600w, \"><img decoding=\"async\" src=\"https:\/\/derechadiario.com.ar\/filesedc\/uploads\/image\/post\/chatgpt-open-ai_1200_800.webp\" class=\"img-responsive lazyload\" alt=\"Un tel\u00e9fono m\u00f3vil muestra la p\u00e1gina de ChatGPT en primer plano con el logo y el nombre de OpenAI desenfocados al fondo.\" title=\"Un tel\u00e9fono m\u00f3vil muestra la p\u00e1gina de ChatGPT en primer plano con el logo y el nombre de OpenAI desenfocados al fondo.\"><\/picture>\n<div>\n<span class=\"img_footer\">Esta tecnolog\u00eda transformar\u00e1 por completo la econom\u00eda y el empleo tal como lo conocemos <\/span>| <span class=\"img_author\">La Derecha Diario<\/span>\n<\/div>\n<\/div>\n<h2><strong>El futuro seg\u00fan Altman<\/strong><\/h2>\n<p>En un ensayo reciente, Altman afirma que <em>\u201cya pasamos el horizonte de sucesos\u201d<\/em>. Esto marca un punto sin retorno en el avance de la IA. Esta transformaci\u00f3n no se manifiesta con robots futuristas, sino con herramientas como <strong>ChatGPT<\/strong>, que ya est\u00e1n cambiando la forma en que trabajamos todos los d\u00edas.<\/p>\n<p>\u201c<strong>ChatGPT es m\u00e1s poderoso que cualquier ser humano en la historia<\/strong>\u201d, asegura. Y agrega que lo m\u00e1s preocupante no es la capacidad total de estos sistemas, sino c\u00f3mo una <strong>m\u00ednima desalineaci\u00f3n<\/strong> puede generar efectos negativos.<\/p>\n<aside class=\"are-you-interested-container-photo\"><\/aside>\n<h2><strong>\u00bfQu\u00e9 profesiones tienen los d\u00edas contados?<\/strong><\/h2>\n<p>Altman remarca que <strong>la velocidad del cambio<\/strong> ser\u00e1 determinante. Los avances no solo seguir\u00e1n, sino que se van a acelerar. En ese contexto, muchas tareas pasar\u00e1n a ser realizadas por <strong>IA o robots<\/strong>.<\/p>\n<figure><img decoding=\"async\" src=\"https:\/\/derechadiario.com.ar\/filesedc\/uploads\/image\/post\/ia-autonoma-avances-2025-inteligencia-artificial_1200_800.webp\" class=\"img-responsive lazyload\" alt=\"Una inteligencia artificial aut\u00f3noma con luces y cables conectados a su cabeza.\" title=\"Una inteligencia artificial aut\u00f3noma con luces y cables conectados a su cabeza.\"><\/figure>\n<aside class=\"whatsappChannelText\"><a href=\"https:\/\/whatsapp.com\/channel\/0029VagEjILGE56eKjedWF2U\" rel=\"nofollow\" title=\"WhatsApp Link\"><img alt=\"Logo de WhatsApp\" class=\"lazyload\" data-src=\"https:\/\/derechadiario.com.ar\/filesedc\/uploads\/other\/whatsapp_icon_mid_article.png\" width=\"32\" height=\"32\"><\/a> <a href=\"https:\/\/whatsapp.com\/channel\/0029VagEjILGE56eKjedWF2U\" rel=\"nofollow\" title=\"WhatsApp Link\"><strong>NO SE PIERDAN NINGUNA NOTICIA<\/strong>: Click aqu\u00ed para sumarte <strong>GRATIS<\/strong> al canal de noticias de <strong>La Derecha Diario en WhatsApp.<\/strong><\/a><\/aside>\n<p>La productividad ya se est\u00e1 disparando. Cient\u00edficos afirman que con la ayuda de herramientas de IA son <strong>dos o tres veces m\u00e1s eficientes<\/strong>. La automatizaci\u00f3n crecer\u00e1 tanto que incluso habr\u00e1 <strong>robots que construyan robots<\/strong> o <strong>centros de datos que repliquen otros centros<\/strong>.<\/p>\n<h3><strong>Los trabajos que ya no extra\u00f1amos<\/strong><\/h3>\n<p>Altman compara el futuro con oficios del pasado. \u201c<em>Nadie quiere volver a ser farolero<\/em>\u201d, dice, en referencia a quienes encend\u00edan las farolas en las calles antes de la electricidad.<\/p>\n<figure><img decoding=\"async\" src=\"https:\/\/derechadiario.com.ar\/filesedc\/uploads\/image\/post\/de-abandonar-la-universidad-a-conquistar-silicon-valley-la-increible-historia-de-sam-altman_1200_800.webp\" class=\"img-responsive lazyload\" alt=\"Un hombre hablando en un escenario con el logotipo de OpenAI de fondo.\" title=\"Un hombre hablando en un escenario con el logotipo de OpenAI de fondo.\"><\/figure>\n<p>Para \u00e9l, <strong>las profesiones actuales tambi\u00e9n dejar\u00e1n de tener sentido<\/strong>, aunque en su momento parezcan esenciales. Las pr\u00f3ximas generaciones ver\u00e1n el mundo con otros ojos y considerar\u00e1n importantes tareas que hoy ni imaginamos.<\/p>\n","protected":false},"excerpt":{"rendered":"<p>Sam Altman, CEO de OpenAI y creador de ChatGPT, asegur\u00f3 que ya comenz\u00f3 una nueva era marcada por la expansi\u00f3n de la inteligencia artificial. En su visi\u00f3n, esta tecnolog\u00eda transformar\u00e1 por completo la econom\u00eda y el empleo tal como lo conocemos. Seg\u00fan Altman, el desarrollo de IA superinteligente es inevitable y su impacto ser\u00e1 tan [&hellip;]<\/p>\n","protected":false},"author":2,"featured_media":9353,"comment_status":"open","ping_status":"open","sticky":false,"template":"","format":"standard","meta":{"_et_pb_use_builder":"","_et_pb_old_content":"","_et_gb_content_width":"","footnotes":""},"categories":[84],"tags":[],"class_list":["post-9352","post","type-post","status-publish","format-standard","has-post-thumbnail","hentry","category-ultimomomento"],"_links":{"self":[{"href":"https:\/\/verdadincomodadiario.ar\/index.php?rest_route=\/wp\/v2\/posts\/9352","targetHints":{"allow":["GET"]}}],"collection":[{"href":"https:\/\/verdadincomodadiario.ar\/index.php?rest_route=\/wp\/v2\/posts"}],"about":[{"href":"https:\/\/verdadincomodadiario.ar\/index.php?rest_route=\/wp\/v2\/types\/post"}],"author":[{"embeddable":true,"href":"https:\/\/verdadincomodadiario.ar\/index.php?rest_route=\/wp\/v2\/users\/2"}],"replies":[{"embeddable":true,"href":"https:\/\/verdadincomodadiario.ar\/index.php?rest_route=%2Fwp%2Fv2%2Fcomments&post=9352"}],"version-history":[{"count":0,"href":"https:\/\/verdadincomodadiario.ar\/index.php?rest_route=\/wp\/v2\/posts\/9352\/revisions"}],"wp:featuredmedia":[{"embeddable":true,"href":"https:\/\/verdadincomodadiario.ar\/index.php?rest_route=\/wp\/v2\/media\/9353"}],"wp:attachment":[{"href":"https:\/\/verdadincomodadiario.ar\/index.php?rest_route=%2Fwp%2Fv2%2Fmedia&parent=9352"}],"wp:term":[{"taxonomy":"category","embeddable":true,"href":"https:\/\/verdadincomodadiario.ar\/index.php?rest_route=%2Fwp%2Fv2%2Fcategories&post=9352"},{"taxonomy":"post_tag","embeddable":true,"href":"https:\/\/verdadincomodadiario.ar\/index.php?rest_route=%2Fwp%2Fv2%2Ftags&post=9352"}],"curies":[{"name":"wp","href":"https:\/\/api.w.org\/{rel}","templated":true}]}}