{"id":9348,"date":"2025-06-30T14:24:46","date_gmt":"2025-06-30T14:24:46","guid":{"rendered":"https:\/\/verdadincomodadiario.ar\/?p=9348"},"modified":"2025-06-30T14:24:46","modified_gmt":"2025-06-30T14:24:46","slug":"rapido-y-furioso-vin-diesel-anuncio-el-regreso-del-personaje-de-paul-walker","status":"publish","type":"post","link":"https:\/\/verdadincomodadiario.ar\/?p=9348","title":{"rendered":"&#8216;R\u00e1pido y Furioso&#8217;: Vin Diesel anunci\u00f3 el regreso del personaje de Paul Walker"},"content":{"rendered":"<p>La saga <strong>R\u00e1pido y Furioso<\/strong> se prepara para un cierre \u00e9pico. Vin Diesel confirm\u00f3 que el <a href=\"https:\/\/derechadiario.com.ar\/entretenimiento\/the-witcher-cuarta-temporada-trae-personaje-inesperado-del-videojuego\" title=\"'The Witcher': la cuarta temporada trae a un personaje inesperado del videojuego\">personaje<\/a> de <strong>Brian O\u2019Conner<\/strong> reaparecer\u00e1 en la <a href=\"https:\/\/derechadiario.com.ar\/entretenimiento\/lionsgate-confirma-john-wick-5-con-keanu-reeves-que-dijo-director-saga\" title=\"Lionsgate confirma John Wick 5 con Keanu Reeves: \u00bfqu\u00e9 dijo el director de la saga?\">entrega final<\/a>.<\/p>\n<p>Despu\u00e9s de m\u00e1s de una d\u00e9cada de la muerte de <strong>Paul Walker<\/strong>, su regreso marca un giro emotivo. El estudio apuesta fuerte para cerrar la historia con un homenaje inolvidable.<\/p>\n<div class=\"inter_image image_horizontal\">\n<picture><source class=\"img-responsive\" type=\"image\/webp\" data-srcset=\"https:\/\/filesedc.com\/uploads\/image\/post\/2025\/06\/vin-diesel-paul-walker_300_200.webp 300w, https:\/\/filesedc.com\/uploads\/image\/post\/2025\/06\/vin-diesel-paul-walker_630_420.webp 630w, https:\/\/filesedc.com\/uploads\/image\/post\/2025\/06\/vin-diesel-paul-walker_760_507.webp 760w, https:\/\/filesedc.com\/uploads\/image\/post\/2025\/06\/vin-diesel-paul-walker_1200_800.webp 1200w, https:\/\/filesedc.com\/uploads\/image\/post\/2025\/06\/vin-diesel-paul-walker_1600_1067.webp 1600w, \"><img decoding=\"async\" src=\"https:\/\/derechadiario.com.ar\/filesedc\/uploads\/image\/post\/2025\/06\/vin-diesel-paul-walker_1200_800.webp\" class=\"img-responsive lazyload\" alt=\"Dos hombres posan juntos en un evento, uno de ellos lleva gafas de sol y se\u00f1ala hacia la c\u00e1mara mientras el otro sonr\u00ede\" title=\"Dos hombres posan juntos en un evento, uno de ellos lleva gafas de sol y se\u00f1ala hacia la c\u00e1mara mientras el otro sonr\u00ede\"><\/picture>\n<div>\n<span class=\"img_footer\">Vin Diesel confirm\u00f3 que el personaje de Brian O\u2019Conner reaparecer\u00e1 en la entrega final <\/span>| <span class=\"img_author\">La Derecha Diario<\/span>\n<\/div>\n<\/div>\n<h2><strong>Vin Diesel sorprendi\u00f3 con el anuncio en un evento de fan\u00e1ticos<\/strong><\/h2>\n<p>Durante el <em>Fuel Fest<\/em> en California, Vin Diesel habl\u00f3 sobre la <strong>und\u00e9cima pel\u00edcula<\/strong> de la franquicia. Dijo que el estudio quiere estrenarla en <strong>abril de 2027<\/strong>, pero puso tres condiciones.<\/p>\n<ul>\n<li>Volver a filmar en Los \u00c1ngeles.<\/li>\n<li>Traer de nuevo las carreras callejeras como n\u00facleo de la historia.<\/li>\n<li>Reunir a Dominic Toretto con Brian O\u2019Conner.<\/li>\n<\/ul>\n<p>La menci\u00f3n del regreso de Brian dej\u00f3 al p\u00fablico sin palabras. Si bien <strong>Walker falleci\u00f3 en 2013<\/strong>, su personaje podr\u00eda volver gracias a tecnolog\u00eda digital.<\/p>\n<aside class=\"are-you-interested-container-photo\"><\/aside>\n<div class=\"text-center\">\n<h3 class=\"dailyMotionTitle\">Vin Diesel confirm\u00f3 el regreso de Paul Walker en el cierre de R\u00e1pido y furioso<\/h3>\n<aside>\n<figure class=\"op-interactive\"><\/figure>\n<\/aside>\n<\/div>\n<h2><strong>C\u00f3mo ser\u00eda el regreso de Brian O\u2019Conner<\/strong><\/h2>\n<p>En <strong>Furious 7<\/strong> se usaron efectos visuales y la participaci\u00f3n de los hermanos de Walker para despedir al personaje. Esa f\u00f3rmula podr\u00eda repetirse en el cierre de la saga.<\/p>\n<p>Hasta ahora no hay confirmaci\u00f3n oficial de <strong>Universal Pictures<\/strong>, pero el impacto del anuncio fue inmediato. Los fans ya especulan con una <strong>reaparici\u00f3n emocional<\/strong> y cargada de simbolismo.<\/p>\n<figure><img decoding=\"async\" src=\"https:\/\/derechadiario.com.ar\/filesedc\/uploads\/image\/post\/2025\/06\/vin-diesel-paul-walker-rapido-y-furioso_1200_800.webp\" class=\"img-responsive lazyload\" alt=\"Dos hombres de pie frente a un auto deportivo negro en un estacionamiento bajo un cielo nublado\" title=\"Dos hombres de pie frente a un auto deportivo negro en un estacionamiento bajo un cielo nublado\"><\/figure>\n<h3><strong>Un tributo que emociona a los seguidores<\/strong><\/h3>\n<p>El regreso de Brian ser\u00eda una forma de <strong>cerrar el c\u00edrculo<\/strong> para el personaje. Su v\u00ednculo con Toretto es parte esencial de la saga desde sus inicios.<\/p>\n<aside class=\"whatsappChannelText\"><a href=\"https:\/\/whatsapp.com\/channel\/0029VagEjILGE56eKjedWF2U\" rel=\"nofollow\" title=\"WhatsApp Link\"><img alt=\"Logo de WhatsApp\" class=\"lazyload\" data-src=\"https:\/\/derechadiario.com.ar\/filesedc\/uploads\/other\/whatsapp_icon_mid_article.png\" width=\"32\" height=\"32\"><\/a> <a href=\"https:\/\/whatsapp.com\/channel\/0029VagEjILGE56eKjedWF2U\" rel=\"nofollow\" title=\"WhatsApp Link\"><strong>NO SE PIERDAN NINGUNA NOTICIA<\/strong>: Click aqu\u00ed para sumarte <strong>GRATIS<\/strong> al canal de noticias de <strong>La Derecha Diario en WhatsApp.<\/strong><\/a><\/aside>\n<p>De concretarse, marcar\u00eda uno de los <strong>momentos m\u00e1s emotivos<\/strong> del cine de acci\u00f3n reciente. El objetivo: darle a la historia un final a la altura de su legado.<\/p>\n<h2><strong>La tr\u00e1gica muerte de Paul Walker<\/strong><\/h2>\n<p><strong>Paul Walker<\/strong> falleci\u00f3 el 30 de noviembre de 2013 en un accidente automovil\u00edstico. Iba como pasajero en un Porsche Carrera GT que se estrell\u00f3 en Santa Clarita, California.<\/p>\n<figure><img decoding=\"async\" src=\"https:\/\/derechadiario.com.ar\/filesedc\/uploads\/image\/post\/2025\/06\/paul-walker_1200_800.webp\" class=\"img-responsive lazyload\" alt=\"Hombre rubio con camiseta blanca de pie frente a un grupo de personas en un ambiente nocturno\" title=\"Hombre rubio con camiseta blanca de pie frente a un grupo de personas en un ambiente nocturno\"><\/figure>\n<p>Volv\u00edan de un evento solidario de su fundaci\u00f3n, Reach Out Worldwide. El auto, conducido por su amigo Roger Rodas, circulaba a una velocidad de entre 130 y 150 km\/h.<\/p>\n","protected":false},"excerpt":{"rendered":"<p>La saga R\u00e1pido y Furioso se prepara para un cierre \u00e9pico. Vin Diesel confirm\u00f3 que el personaje de Brian O\u2019Conner reaparecer\u00e1 en la entrega final. Despu\u00e9s de m\u00e1s de una d\u00e9cada de la muerte de Paul Walker, su regreso marca un giro emotivo. El estudio apuesta fuerte para cerrar la historia con un homenaje inolvidable. [&hellip;]<\/p>\n","protected":false},"author":2,"featured_media":9349,"comment_status":"open","ping_status":"open","sticky":false,"template":"","format":"standard","meta":{"_et_pb_use_builder":"","_et_pb_old_content":"","_et_gb_content_width":"","footnotes":""},"categories":[84],"tags":[],"class_list":["post-9348","post","type-post","status-publish","format-standard","has-post-thumbnail","hentry","category-ultimomomento"],"_links":{"self":[{"href":"https:\/\/verdadincomodadiario.ar\/index.php?rest_route=\/wp\/v2\/posts\/9348","targetHints":{"allow":["GET"]}}],"collection":[{"href":"https:\/\/verdadincomodadiario.ar\/index.php?rest_route=\/wp\/v2\/posts"}],"about":[{"href":"https:\/\/verdadincomodadiario.ar\/index.php?rest_route=\/wp\/v2\/types\/post"}],"author":[{"embeddable":true,"href":"https:\/\/verdadincomodadiario.ar\/index.php?rest_route=\/wp\/v2\/users\/2"}],"replies":[{"embeddable":true,"href":"https:\/\/verdadincomodadiario.ar\/index.php?rest_route=%2Fwp%2Fv2%2Fcomments&post=9348"}],"version-history":[{"count":0,"href":"https:\/\/verdadincomodadiario.ar\/index.php?rest_route=\/wp\/v2\/posts\/9348\/revisions"}],"wp:featuredmedia":[{"embeddable":true,"href":"https:\/\/verdadincomodadiario.ar\/index.php?rest_route=\/wp\/v2\/media\/9349"}],"wp:attachment":[{"href":"https:\/\/verdadincomodadiario.ar\/index.php?rest_route=%2Fwp%2Fv2%2Fmedia&parent=9348"}],"wp:term":[{"taxonomy":"category","embeddable":true,"href":"https:\/\/verdadincomodadiario.ar\/index.php?rest_route=%2Fwp%2Fv2%2Fcategories&post=9348"},{"taxonomy":"post_tag","embeddable":true,"href":"https:\/\/verdadincomodadiario.ar\/index.php?rest_route=%2Fwp%2Fv2%2Ftags&post=9348"}],"curies":[{"name":"wp","href":"https:\/\/api.w.org\/{rel}","templated":true}]}}