{"id":9322,"date":"2025-06-29T22:37:54","date_gmt":"2025-06-29T22:37:54","guid":{"rendered":"https:\/\/verdadincomodadiario.ar\/?p=9322"},"modified":"2025-06-29T22:37:54","modified_gmt":"2025-06-29T22:37:54","slug":"un-debilitado-andronico-rodriguez-ratifico-a-mariana-prado-como-parte-de-su-binomio","status":"publish","type":"post","link":"https:\/\/verdadincomodadiario.ar\/?p=9322","title":{"rendered":"Un debilitado Andr\u00f3nico Rodr\u00edguez ratific\u00f3 a Mariana Prado como parte de su binomio"},"content":{"rendered":"<p>El <a href=\"https:\/\/derechadiario.com.ar\/bolivia\/politica\/debe-alquilar-otra-sigla-andronico-rodriguez-abandono-al-desahuciado-mts\" title=\"Debe alquilar otra sigla: Andr\u00f3nico Rodr\u00edguez abandon\u00f3 al desahuciado MTS\">candidato presidencial Andr\u00f3nico Rodr\u00edguez<\/a> present\u00f3 a Mariana Prado como su acompa\u00f1ante de f\u00f3rmula en un acto realizado en la plaza Villarroel. Con esto arranc\u00f3 oficialmente su campa\u00f1a electoral con miras a los comicios del 17 de agosto.<\/p>\n<p>Durante el evento pidi\u00f3 paz social y unidad para superar la crisis que atraviesa el pa\u00eds. Ratific\u00f3 que su propuesta busca cambios profundos en lugar de solo administrar la decadencia actual. Prado fue recibida con guirnaldas, aplausos y un sombrero tradicional.<\/p>\n<p>El anuncio <strong>despeja semanas de rumores sobre una posible ruptura dentro de su frente pol\u00edtico<\/strong>. Mariana Prado fue cuestionada por haber defendido p\u00fablicamente a un feminicida sentenciado.<\/p>\n<p>Algunos analistas creyeron que esto pondr\u00eda en duda su permanencia en el binomio. Sin embargo, Rodr\u00edguez no solo la mantuvo sino que destac\u00f3 su papel en el proyecto. Afirm\u00f3 que <a href=\"https:\/\/derechadiario.com.ar\/bolivia\/politica\/pelo-capucha-jhonny-fernandez-evidencio-su-deseo-rearticular-al-masismo\" title=\"Pel\u00f3 capucha: Jhonny Fern\u00e1ndez evidenci\u00f3 su deseo de rearticular al masismo\">no ceder\u00e1 a presiones externas ni internas<\/a>.<\/p>\n<h2>Una candidatura en ca\u00edda libre<\/h2>\n<div class=\"inter_image image_horizontal\">\n<picture><source class=\"img-responsive\" type=\"image\/webp\" data-srcset=\"https:\/\/filesedc.com\/uploads\/image\/post\/2025\/06\/md-13-1751226400232_300_200.webp 300w, https:\/\/filesedc.com\/uploads\/image\/post\/2025\/06\/md-13-1751226400232_630_420.webp 630w, https:\/\/filesedc.com\/uploads\/image\/post\/2025\/06\/md-13-1751226400232_760_507.webp 760w, https:\/\/filesedc.com\/uploads\/image\/post\/2025\/06\/md-13-1751226400232_1200_800.webp 1200w, https:\/\/filesedc.com\/uploads\/image\/post\/2025\/06\/md-13-1751226400232_1600_1067.webp 1600w, \"><img decoding=\"async\" src=\"https:\/\/derechadiario.com.ar\/filesedc\/uploads\/image\/post\/2025\/06\/md-13-1751226400232_1200_800.webp\" class=\"img-responsive lazyload\" alt=\"Un hombre con collar de cuentas camina entre una multitud de personas que lo saludan y lo rodean, algunas llevan cascos y banderas\" title=\"Un hombre con collar de cuentas camina entre una multitud de personas que lo saludan y lo rodean, algunas llevan cascos y banderas\"><\/picture>\n<div>\n<span class=\"img_footer\">Carga con serias debilidades en su campa\u00f1a <\/span>| <span class=\"img_author\">La Derecha Diario<\/span>\n<\/div>\n<\/div>\n<p>Pese a su tono firme, <a href=\"https:\/\/derechadiario.com.ar\/bolivia\/politica\/elecciones-tcp-restituyo-sigla-andronico-rodriguez-y-dejo-fuera-evo-morales\" title=\"Elecciones: TCP restituy\u00f3 la sigla de Andr\u00f3nico Rodr\u00edguez y dej\u00f3 fuera a Evo Morales\">Rodr\u00edguez\u00a0carga con serias debilidades en su campa\u00f1a<\/a>. La analista Jimena Costa lo calific\u00f3 como <strong>el candidato m\u00e1s d\u00e9bil entre los disidentes del MAS<\/strong>. Cuestion\u00f3 su falta de estructura, recursos y capacidad para difundir su plan de gobierno.<\/p>\n<p>Tambi\u00e9n lo acus\u00f3 de depender de operadores como \u00c1lvaro Garc\u00eda Linera y F\u00e9lix Patzi. Se\u00f1al\u00f3 que ni siquiera enfrenta entrevistas abiertas.<\/p>\n<p>Rodr\u00edguez tambi\u00e9n <strong>fue expulsado por las organizaciones del Tr\u00f3pico de Cochabamba<\/strong>, basti\u00f3n del evismo. All\u00ed era reconocido como dirigente hasta que rompi\u00f3 con Evo Morales. Ahora, cualquier respaldo a su nombre en esa zona es castigado con dureza.<\/p>\n<p>\u00a0Aun as\u00ed, asegura tener el respaldo de al menos una federaci\u00f3n cocalera. Su equipo se comprometi\u00f3 a hacer campa\u00f1a incluso en municipios donde prima el rechazo.<\/p>\n<h2>Propuestas imprecisas<\/h2>\n<figure><img decoding=\"async\" src=\"https:\/\/derechadiario.com.ar\/filesedc\/uploads\/image\/post\/2025\/06\/457c9f27-4b09-4cf7-adf0-60c421d70c6f_1200_800.webp\" class=\"img-responsive lazyload\" alt=\"Una mujer saluda con la mano levantada mientras un hombre con sombrero y bufanda colorida habla por micr\u00f3fono frente a una multitud con banderas y pancartas\" title=\"Una mujer saluda con la mano levantada mientras un hombre con sombrero y bufanda colorida habla por micr\u00f3fono frente a una multitud con banderas y pancartas\"><\/figure>\n<p>En su discurso de m\u00e1s de 45 minutos, Rodr\u00edguez propuso revisar la Ley de Hidrocarburos y la de Inversiones, y fomentar el uso de biotecnolog\u00eda. Tambi\u00e9n \u00a0<strong>sugiri\u00f3 cambiar la matriz energ\u00e9tica que depende del gas<\/strong>.<\/p>\n<p>Aunque mencion\u00f3 l\u00edneas generales de su programa, no profundiz\u00f3 en las medidas concretas. Afirm\u00f3 que sin estabilidad social ning\u00fan modelo econ\u00f3mico tendr\u00e1 \u00e9xito.<\/p>\n<p>Durante el acto pidi\u00f3 a federaciones y confederaciones recomponer sus direcciones. Seg\u00fan \u00e9l, es urgente reconstruir la unidad para proteger las conquistas sociales logradas en 20 a\u00f1os.<\/p>\n<p>\u00a0Advirti\u00f3 que sus adversarios pol\u00edticos buscan imponer cambios radicales sin sustento. Llam\u00f3 a <strong>dejar atr\u00e1s las etiquetas de evistas, arcistas o androniquistas<\/strong>. \u201cHay que pensar en Bolivia\u201d, dijo al cerrar ese punto.<\/p>\n<p>Las tensiones en su alianza contin\u00faan y han escalado con nuevas denuncias. Desde Santa Cruz, dirigentes evistas lo acusaron de encubrir una red de venta de candidaturas.<\/p>\n<h2>Denuncias de prebendas<\/h2>\n<figure><img decoding=\"async\" src=\"https:\/\/derechadiario.com.ar\/filesedc\/uploads\/image\/post\/2025\/06\/1751134531117_1200_800.webp\" class=\"img-responsive lazyload\" alt=\"Grupo de personas en un escenario al aire libre con guirnaldas de flores alrededor del cuello y los brazos levantados en se\u00f1al de celebraci\u00f3n\" title=\"Grupo de personas en un escenario al aire libre con guirnaldas de flores alrededor del cuello y los brazos levantados en se\u00f1al de celebraci\u00f3n\"><\/figure>\n<p>Aseguran que en <strong>su entorno se cobra hasta 50.000 d\u00f3lares por un lugar en las listas<\/strong>. Presentaron supuestas pruebas digitales con nombres y montos. Exigieron que se limpien las listas y se depuren las estructuras.<\/p>\n<p>Tito Cede\u00f1o, dirigente evista, critic\u00f3 a la c\u00fapula de Rodr\u00edguez. Acus\u00f3 a los operadores de Rodr\u00edguez de <strong>marginar a candidatos consensuados para imponer postulantes &#8220;vendidos&#8221;<\/strong>.<\/p>\n<p>Incluso denunci\u00f3 que estas personas tienen v\u00ednculos con partidos opositores. Afirm\u00f3 que fueron maltratados en el Senado cuando intentaron advertirlo. Por todo esto, anunciaron el retiro de su apoyo a Rodr\u00edguez.<\/p>\n<p>Rodr\u00edguez intenta mostrarse como un l\u00edder joven con visi\u00f3n nacional. Sin embargo, enfrenta cr\u00edticas que ponen en duda su preparaci\u00f3n y autonom\u00eda. Jimena Costa lo calific\u00f3 como <strong>una marioneta pol\u00edtica sin capacidad de sostener un debate<\/strong>.<\/p>\n<p>A\u00f1adi\u00f3 que su juventud no basta para renovar la pol\u00edtica boliviana. Se\u00f1al\u00f3 que tras cinco a\u00f1os en el Senado no dej\u00f3 huella legislativa.<\/p>\n<p>Ante estas cr\u00edticas, Rodr\u00edguez asegura tener solvencia y firmeza. Rechaz\u00f3 los discursos demag\u00f3gicos de otros candidatos que prometen cambios radicales.<\/p>\n<p>Pidi\u00f3 a la poblaci\u00f3n no dejarse enga\u00f1ar por \u201ctrajes nuevos con pol\u00edticas viejas\u201d. Insisti\u00f3 en que su proyecto apunta a construir un pa\u00eds moderno. Prometi\u00f3 escuchar al pueblo y trabajar para mejorar las condiciones de vida.<\/p>\n<h2>Un temor a las apariciones p\u00fablicas<\/h2>\n<figure><img decoding=\"async\" src=\"https:\/\/derechadiario.com.ar\/filesedc\/uploads\/image\/post\/2025\/06\/1751206857582_1200_800.webp\" class=\"img-responsive lazyload\" alt=\"Hombre con sombrero de paja y bufanda amarilla es recibido por una multitud que le extiende las manos mientras camina por unas escaleras\" title=\"Hombre con sombrero de paja y bufanda amarilla es recibido por una multitud que le extiende las manos mientras camina por unas escaleras\"><\/figure>\n<p>Sobre su ausencia en foros p\u00fablicos, Rodr\u00edguez explic\u00f3 que se debe a problemas de agenda. Indic\u00f3 que tiene inter\u00e9s en participar y compartir sus propuestas. Sin embargo, <strong>organizaciones como la CAO lamentaron su inasistencia a debates clave<\/strong>.<\/p>\n<p>La cr\u00edtica se mantiene sobre su falta de visibilidad medi\u00e1tica. Su equipo respondi\u00f3 que pronto reforzar\u00e1 su presencia en medios.<\/p>\n<p>Pese al respaldo puntual de algunas figuras, Rodr\u00edguez a\u00fan debe superar retos importantes. Las fracturas internas, <strong>la desconfianza social y las acusaciones de corrupci\u00f3n empa\u00f1an su campa\u00f1a<\/strong>.<\/p>\n<p>La ratificaci\u00f3n de Mariana Prado fue un intento por mostrar coherencia y estabilidad. No obstante, la presi\u00f3n sobre su binomio contin\u00faa. El inicio de campa\u00f1a deja m\u00e1s dudas que certezas.<\/p>\n<p>Las encuestas a\u00fan no lo colocan como favorito. Su equipo espera que el contacto con las bases cambie esa percepci\u00f3n. Para ello han anunciado giras por el occidente y el sur del pa\u00eds.<\/p>\n","protected":false},"excerpt":{"rendered":"<p>El candidato presidencial Andr\u00f3nico Rodr\u00edguez present\u00f3 a Mariana Prado como su acompa\u00f1ante de f\u00f3rmula en un acto realizado en la plaza Villarroel. Con esto arranc\u00f3 oficialmente su campa\u00f1a electoral con miras a los comicios del 17 de agosto. Durante el evento pidi\u00f3 paz social y unidad para superar la crisis que atraviesa el pa\u00eds. Ratific\u00f3 [&hellip;]<\/p>\n","protected":false},"author":2,"featured_media":9323,"comment_status":"open","ping_status":"open","sticky":false,"template":"","format":"standard","meta":{"_et_pb_use_builder":"","_et_pb_old_content":"","_et_gb_content_width":"","footnotes":""},"categories":[84],"tags":[],"class_list":["post-9322","post","type-post","status-publish","format-standard","has-post-thumbnail","hentry","category-ultimomomento"],"_links":{"self":[{"href":"https:\/\/verdadincomodadiario.ar\/index.php?rest_route=\/wp\/v2\/posts\/9322","targetHints":{"allow":["GET"]}}],"collection":[{"href":"https:\/\/verdadincomodadiario.ar\/index.php?rest_route=\/wp\/v2\/posts"}],"about":[{"href":"https:\/\/verdadincomodadiario.ar\/index.php?rest_route=\/wp\/v2\/types\/post"}],"author":[{"embeddable":true,"href":"https:\/\/verdadincomodadiario.ar\/index.php?rest_route=\/wp\/v2\/users\/2"}],"replies":[{"embeddable":true,"href":"https:\/\/verdadincomodadiario.ar\/index.php?rest_route=%2Fwp%2Fv2%2Fcomments&post=9322"}],"version-history":[{"count":0,"href":"https:\/\/verdadincomodadiario.ar\/index.php?rest_route=\/wp\/v2\/posts\/9322\/revisions"}],"wp:featuredmedia":[{"embeddable":true,"href":"https:\/\/verdadincomodadiario.ar\/index.php?rest_route=\/wp\/v2\/media\/9323"}],"wp:attachment":[{"href":"https:\/\/verdadincomodadiario.ar\/index.php?rest_route=%2Fwp%2Fv2%2Fmedia&parent=9322"}],"wp:term":[{"taxonomy":"category","embeddable":true,"href":"https:\/\/verdadincomodadiario.ar\/index.php?rest_route=%2Fwp%2Fv2%2Fcategories&post=9322"},{"taxonomy":"post_tag","embeddable":true,"href":"https:\/\/verdadincomodadiario.ar\/index.php?rest_route=%2Fwp%2Fv2%2Ftags&post=9322"}],"curies":[{"name":"wp","href":"https:\/\/api.w.org\/{rel}","templated":true}]}}