{"id":9274,"date":"2025-06-29T03:28:25","date_gmt":"2025-06-29T03:28:25","guid":{"rendered":"https:\/\/verdadincomodadiario.ar\/?p=9274"},"modified":"2025-06-29T03:28:25","modified_gmt":"2025-06-29T03:28:25","slug":"alvaro-delgado-nuevo-presidente-del-pn-un-partido-cada-vez-mas-virado-a-la-izquierda-2","status":"publish","type":"post","link":"https:\/\/verdadincomodadiario.ar\/?p=9274","title":{"rendered":"\u00c1lvaro Delgado nuevo Presidente del PN: un partido cada vez m\u00e1s virado a la izquierda."},"content":{"rendered":"<p>En la jornada de hoy, \u00c1lvaro Delgado fue electo presidente del Directorio del Partido Nacional. Lo hizo envuelto en los habituales gestos de unidad y continuidad que caracterizan a la pol\u00edtica partidaria uruguaya cuando hay poco y nada para renovar.<\/p>\n<p><strong>Delgado, quien hace apenas meses recorri\u00f3 el pa\u00eds como candidato presidencial, vuelve ahora a la primera fila de la conducci\u00f3n partidaria para garantizar lo que mejor sabe hacer: sostener el statu quo.<\/strong> No sorprende entonces su frase, pronunciada con estudiada claridad: <strong>\u201cNo soy ni ser\u00e9 la derecha del Partido Nacional\u201d.<\/strong><\/p>\n<p><strong>La confesi\u00f3n revela mucho m\u00e1s de lo que oculta.<\/strong> Bajo la promesa de \u201cmodernidad\u201d y \u201ccentro\u201d, Delgado reafirma el rumbo de un nacionalismo cada vez m\u00e1s reacio a sacudirse la tibieza estatista que lo caracteriza desde hace d\u00e9cadas. Lejos de reclamar una administraci\u00f3n austera, impuestos m\u00e1s bajos, desregulaci\u00f3n real o libertad econ\u00f3mica efectiva, el nuevo presidente del Directorio apuesta por la misma receta de siempre: ret\u00f3rica de eficiencia, un pu\u00f1ado de promesas tecnocr\u00e1ticas y ninguna intenci\u00f3n de desmontar la pesada mochila de gasto p\u00fablico que aplasta a trabajadores y emprendedores por igual.<\/p>\n<p>Quiz\u00e1s tambi\u00e9n te interese leer sobre <a href=\"https:\/\/derechadiario.com.ar\/uruguay\/politica\/mujica-delato-sus-companeros-y-colaboro-con-los-militares-1972\">una historia olvidada de traiciones internas durante la d\u00e9cada de 1970<\/a>.<\/p>\n<p><strong>En los corrillos blancos se escucha que la jugada es astuta:<\/strong> mantener contentos a los sectores progresistas dentro del Partido Nacional y no incomodar a los socios de la coalici\u00f3n. Pero para quienes esperaban que la victoria electoral del 2019 habilitara una derecha liberal capaz de dinamitar privilegios y devolverle la libertad a la gente, <strong>el liderazgo de Delgado es apenas la confirmaci\u00f3n de una obviedad: sin derecha, no hay cambio.<\/strong><\/p>\n<div class=\"inter_image image_horizontal\">\n<picture><source class=\"img-responsive\" type=\"image\/webp\" data-srcset=\"https:\/\/filesedc.com\/uploads\/image\/post\/2025\/06\/5c9a16b8-cec9-42e3-b9bd-30442045d887_300_200.webp 300w, https:\/\/filesedc.com\/uploads\/image\/post\/2025\/06\/5c9a16b8-cec9-42e3-b9bd-30442045d887_630_420.webp 630w, https:\/\/filesedc.com\/uploads\/image\/post\/2025\/06\/5c9a16b8-cec9-42e3-b9bd-30442045d887_760_507.webp 760w, https:\/\/filesedc.com\/uploads\/image\/post\/2025\/06\/5c9a16b8-cec9-42e3-b9bd-30442045d887_1200_800.webp 1200w, https:\/\/filesedc.com\/uploads\/image\/post\/2025\/06\/5c9a16b8-cec9-42e3-b9bd-30442045d887_1600_1067.webp 1600w, \"><img decoding=\"async\" src=\"https:\/\/derechadiario.com.ar\/filesedc\/uploads\/image\/post\/2025\/06\/5c9a16b8-cec9-42e3-b9bd-30442045d887_1200_800.webp\" class=\"img-responsive lazyload\" alt=\"Hombre de traje y corbata azul sosteniendo un tapabocas blanco mientras habla frente a un micr\u00f3fono con fondo azul institucional\" title=\"Hombre de traje y corbata azul sosteniendo un tapabocas blanco mientras habla frente a un micr\u00f3fono con fondo azul institucional\"><\/picture>\n<div>\n<span class=\"img_footer\">\u00c1lvaro Delgado, &#8220;vocero&#8221; de Lacalle y candidato derrotado. <\/span>| <span class=\"img_author\">Redacci\u00f3n<\/span>\n<\/div>\n<\/div>\n<p><strong>Mientras tanto, la burocracia sigue intacta, el aparato estatal se alimenta de nuevos cargos y las reformas de fondo brillan por su ausencia.<\/strong> Delgado, a fuerza de declaraciones pol\u00edticamente correctas, consolida un nacionalismo domesticado, m\u00e1s atento a no incomodar a la izquierda que a defender convicciones liberales que alguna vez, t\u00edmidamente, habitaron sus filas.<\/p>\n<p>Quiz\u00e1s tambi\u00e9n te interese conocer <a href=\"https:\/\/derechadiario.com.ar\/uruguay\/opinion\/asi-luce-socialdemocracia\">un an\u00e1lisis ir\u00f3nico sobre jardines, arquitectura y socialdemocracia<\/a>.<\/p>\n<p><strong>En definitiva, \u00c1lvaro Delgado no es \u2014ni ser\u00e1\u2014 la derecha del Partido Nacional.<\/strong> Lo dijo \u00e9l mismo. Y lo celebran, discretos, quienes saben que sin una derecha dispuesta a incomodar, la fiesta del gasto nunca termina.<\/p>\n","protected":false},"excerpt":{"rendered":"<p>En la jornada de hoy, \u00c1lvaro Delgado fue electo presidente del Directorio del Partido Nacional. Lo hizo envuelto en los habituales gestos de unidad y continuidad que caracterizan a la pol\u00edtica partidaria uruguaya cuando hay poco y nada para renovar. Delgado, quien hace apenas meses recorri\u00f3 el pa\u00eds como candidato presidencial, vuelve ahora a la [&hellip;]<\/p>\n","protected":false},"author":2,"featured_media":9275,"comment_status":"open","ping_status":"open","sticky":false,"template":"","format":"standard","meta":{"_et_pb_use_builder":"","_et_pb_old_content":"","_et_gb_content_width":"","footnotes":""},"categories":[84],"tags":[],"class_list":["post-9274","post","type-post","status-publish","format-standard","has-post-thumbnail","hentry","category-ultimomomento"],"_links":{"self":[{"href":"https:\/\/verdadincomodadiario.ar\/index.php?rest_route=\/wp\/v2\/posts\/9274","targetHints":{"allow":["GET"]}}],"collection":[{"href":"https:\/\/verdadincomodadiario.ar\/index.php?rest_route=\/wp\/v2\/posts"}],"about":[{"href":"https:\/\/verdadincomodadiario.ar\/index.php?rest_route=\/wp\/v2\/types\/post"}],"author":[{"embeddable":true,"href":"https:\/\/verdadincomodadiario.ar\/index.php?rest_route=\/wp\/v2\/users\/2"}],"replies":[{"embeddable":true,"href":"https:\/\/verdadincomodadiario.ar\/index.php?rest_route=%2Fwp%2Fv2%2Fcomments&post=9274"}],"version-history":[{"count":0,"href":"https:\/\/verdadincomodadiario.ar\/index.php?rest_route=\/wp\/v2\/posts\/9274\/revisions"}],"wp:featuredmedia":[{"embeddable":true,"href":"https:\/\/verdadincomodadiario.ar\/index.php?rest_route=\/wp\/v2\/media\/9275"}],"wp:attachment":[{"href":"https:\/\/verdadincomodadiario.ar\/index.php?rest_route=%2Fwp%2Fv2%2Fmedia&parent=9274"}],"wp:term":[{"taxonomy":"category","embeddable":true,"href":"https:\/\/verdadincomodadiario.ar\/index.php?rest_route=%2Fwp%2Fv2%2Fcategories&post=9274"},{"taxonomy":"post_tag","embeddable":true,"href":"https:\/\/verdadincomodadiario.ar\/index.php?rest_route=%2Fwp%2Fv2%2Ftags&post=9274"}],"curies":[{"name":"wp","href":"https:\/\/api.w.org\/{rel}","templated":true}]}}