{"id":9272,"date":"2025-06-29T00:32:39","date_gmt":"2025-06-29T00:32:39","guid":{"rendered":"https:\/\/verdadincomodadiario.ar\/?p=9272"},"modified":"2025-06-29T00:32:39","modified_gmt":"2025-06-29T00:32:39","slug":"proclamacion-masista-del-castillo-prometio-continuar-con-el-modelo-empobrecedor","status":"publish","type":"post","link":"https:\/\/verdadincomodadiario.ar\/?p=9272","title":{"rendered":"Proclamaci\u00f3n masista: Del Castillo prometi\u00f3 continuar con el modelo empobrecedor"},"content":{"rendered":"<p><a href=\"https:\/\/derechadiario.com.ar\/bolivia\/politica\/bolivia-pais-mas-corrupto-estudio-revela-que-mas-consolido-delincuencia\" title=\"Bolivia, el pa\u00eds m\u00e1s corrupto: Un estudio revela que el MAS consolid\u00f3 la delincuencia\">El Movimiento Al Socialismo <\/a>proclam\u00f3 el viernes a<a href=\"https:\/\/derechadiario.com.ar\/bolivia\/politica\/evo-morales-ha-embarazado-varias-ninas-del-castillo-aseguro-tener-pruebas\" title=\"Evo Morales 'ha embarazado a varias ni\u00f1as': Del Castillo asegur\u00f3 tener pruebas\"> Eduardo Del Castillo como su candidato presidencial<\/a>. El acto se realiz\u00f3 en el Coliseo Cerrado Julio Borelli de La Paz, donde tambi\u00e9n fue presentado su acompa\u00f1ante de f\u00f3rmula, Mil\u00e1n Berna. Con esta proclamaci\u00f3n, el exministro de Gobierno inici\u00f3 oficialmente su campa\u00f1a electoral.<\/p>\n<p>El evento reuni\u00f3 a militantes, <a href=\"https:\/\/derechadiario.com.ar\/bolivia\/politica\/complice-luis-arce-reconocio-cinicamente-que-ha-evitado-capturar-evo-morales\" title=\"C\u00f3mplice: Luis Arce reconoci\u00f3 c\u00ednicamente que ha evitado capturar a Evo Morales\">autoridades del Gobierno y dirigentes de organizaciones sociales<\/a>. La proclamaci\u00f3n fue acompa\u00f1ada por arengas y rituales simb\u00f3licos en honor a la Pachamama.<\/p>\n<p>Del Castillo centr\u00f3 su discurso en un llamado a la unidad del instrumento pol\u00edtico. Afirm\u00f3 que el pa\u00eds necesita continuar estancado con el mismo camino iniciado en 2005 con la llamada revoluci\u00f3n democr\u00e1tica y cultural.<\/p>\n<p>\u00a0Asimismo, reivindic\u00f3 <a href=\"https:\/\/derechadiario.com.ar\/bolivia\/economia\/mauricio-rios-indico-que-crisis-economica-exige-desmontar-estado-plurinacional\" title=\"Mauricio R\u00edos indic\u00f3 que la crisis econ\u00f3mica exige desmontar el Estado Plurinacional\">el fracasado modelo del MAS como la \u00fanica alternativa para el pa\u00eds<\/a>. Con esto, demostr\u00f3 que ignora <strong>los actuales indicadores econ\u00f3micos que reflejan un deterioro econ\u00f3mico progresivo<\/strong>. Pero, prometi\u00f3 que si logra tomar el poder, los sectores populares ser\u00e1n protegidos.<\/p>\n<h2>Un discurso sin autocr\u00edtica\u00a0<\/h2>\n<div class=\"inter_image image_horizontal\">\n<picture><source class=\"img-responsive\" type=\"image\/webp\" data-srcset=\"https:\/\/filesedc.com\/uploads\/image\/post\/2025\/06\/md-10-1751150273188_300_200.webp 300w, https:\/\/filesedc.com\/uploads\/image\/post\/2025\/06\/md-10-1751150273188_630_420.webp 630w, https:\/\/filesedc.com\/uploads\/image\/post\/2025\/06\/md-10-1751150273188_760_507.webp 760w, https:\/\/filesedc.com\/uploads\/image\/post\/2025\/06\/md-10-1751150273188_1200_800.webp 1200w, https:\/\/filesedc.com\/uploads\/image\/post\/2025\/06\/md-10-1751150273188_1600_1067.webp 1600w, \"><img decoding=\"async\" src=\"https:\/\/derechadiario.com.ar\/filesedc\/uploads\/image\/post\/2025\/06\/md-10-1751150273188_1200_800.webp\" class=\"img-responsive lazyload\" alt=\"Un hombre con poncho rojo y guirnalda de flores habla en un micr\u00f3fono desde un podio mientras una mujer de cabello largo y chaqueta de mezclilla lo acompa\u00f1a, al fondo se observa un p\u00fablico con banderas.\" title=\"Un hombre con poncho rojo y guirnalda de flores habla en un micr\u00f3fono desde un podio mientras una mujer de cabello largo y chaqueta de mezclilla lo acompa\u00f1a, al fondo se observa un p\u00fablico con banderas.\"><\/picture>\n<div>\n<span class=\"img_footer\">El exministro, atribuy\u00f3 la crisis econ\u00f3mica a causas externas <\/span>| <span class=\"img_author\">La Derecha Diario<\/span>\n<\/div>\n<\/div>\n<p>Durante su intervenci\u00f3n, el exministro <strong>admiti\u00f3 que<\/strong> <strong>el pa\u00eds \u201cno est\u00e1 en su mejor momento\u201d<\/strong>. Atribuy\u00f3 la crisis econ\u00f3mica a causas externas, evitando mencionar la desastrosa gesti\u00f3n del actual gobierno.<\/p>\n<p>A pesar del malestar generalizado, \u00a0<strong>insisti\u00f3 en la necesidad de profundizar el proceso de cambio<\/strong>. Aleg\u00f3 que \u201clos momentos de crisis crean hombres y mujeres fuertes\u201d. Con ese argumento, busc\u00f3 proyectar liderazgo frente al desgaste del MAS.<\/p>\n<p>Mil\u00e1n Berna, su compa\u00f1ero de f\u00f3rmula, defendi\u00f3 la continuidad del proyecto pol\u00edtico socialista. Reivindic\u00f3 los antecedentes delincuenciales de movilizaciones masistas, las luchas sindicales y los movimientos ind\u00edgenas.<\/p>\n<p>Adem\u00e1s, sostuvo que el nuevo binomio encarna juventud, experiencia y compromiso con las bases. Su discurso apunt\u00f3 a cohesionar a un partido que atraviesa profundas divisiones internas. Tambi\u00e9n prometi\u00f3 reformas en salud, educaci\u00f3n y redistribuci\u00f3n de tierras.<\/p>\n<h2>El Gobierno respalda al binomio<\/h2>\n<figure><img decoding=\"async\" src=\"https:\/\/derechadiario.com.ar\/filesedc\/uploads\/image\/post\/2025\/06\/lg-1_1200_800.webp\" class=\"img-responsive lazyload\" alt=\"Dos hombres sonrientes con sombreros y guirnaldas de colores levantan las manos en se\u00f1al de celebraci\u00f3n mientras ondean banderas azules en un evento multitudinario\" title=\"Dos hombres sonrientes con sombreros y guirnaldas de colores levantan las manos en se\u00f1al de celebraci\u00f3n mientras ondean banderas azules en un evento multitudinario\"><\/figure>\n<p>El acto cont\u00f3 con la presencia de las autoridades del actual Gobierno. <strong>Luis Arce y David Choquehuanca estuvieron<\/strong> entre los primeros en llegar al coliseo.<\/p>\n<p>Tambi\u00e9n participaron ministros, diputados y dirigentes del MAS. Su asistencia fue le\u00edda como <strong>un respaldo institucional a la f\u00f3rmula Del Castillo-Berna<\/strong>. Sin embargo, no hicieron declaraciones p\u00fablicas durante el evento.<\/p>\n<p>Del Castillo advirti\u00f3 sobre <strong>un supuesto \u201cpeligro\u201d si el MAS pierde las elecciones<\/strong>. \u201cSi salimos del gobierno, quienes pagar\u00e1n son los sectores vulnerables\u201d, afirm\u00f3. Con esta frase busc\u00f3 posicionarse como el defensor de las clases populares.<\/p>\n<p>Tambi\u00e9n lanz\u00f3 cr\u00edticas a las candidaturas opositoras, a las que acus\u00f3 de elitismo. Seg\u00fan \u00e9l, los contrincantes buscan privatizar la educaci\u00f3n y excluir a los sectores ind\u00edgenas.<\/p>\n<h2>El MAS solo apela a la confrontaci\u00f3n<\/h2>\n<figure><img decoding=\"async\" src=\"https:\/\/derechadiario.com.ar\/filesedc\/uploads\/image\/post\/2025\/06\/514369646-1146680250809834-442338051845453439-n_1200_800.webp\" class=\"img-responsive lazyload\" alt=\"Tres hombres con guirnaldas de flores y ponchos coloridos en un escenario durante un evento pol\u00edtico con banderas y p\u00fablico al fondo\" title=\"Tres hombres con guirnaldas de flores y ponchos coloridos en un escenario durante un evento pol\u00edtico con banderas y p\u00fablico al fondo\"><\/figure>\n<p>El discurso del exministro estuvo cargado de la conocida ret\u00f3rica socialista, con la que <strong>busc\u00f3 confrontar a la poblaci\u00f3n<\/strong>. Desconoci\u00f3<a href=\"https:\/\/derechadiario.com.ar\/bolivia\/politica\/bolivia360-proyecto-marcelo-claure-convoco-los-candidatos-presidencia\" title=\"Bolivia360: el proyecto de Marcelo Claure que convoc\u00f3 a los candidatos presidenciales\"> la contribuci\u00f3n que realiza el sector empresarial al pa\u00eds<\/a>. En contraparte, reivindic\u00f3 a los gremiales, mineros y transportistas como pilares de la naci\u00f3n.<\/p>\n<p>Insisti\u00f3 en que el MAS fue dado por muerto pero que \u201cvolver\u00e1 a florecer\u201d. Con frases ya desgastas, Del Castillo\u00a0<strong>intent\u00f3 animar una\u00a0militancia que aparentemente poco a poco comienza a entender que los d\u00edas del MAS est\u00e1n contados<\/strong>.<\/p>\n<p>A pesar del tono optimista utilizado por los participantes del evento, los datos muestran un panorama adverso. Las dos \u00faltimas encuestas dan <strong>al binomio Del Castillo-Berna apenas entre 1,9 % y 2,3 % de intenci\u00f3n de voto<\/strong>.<\/p>\n<p>Esto refleja el fin del MAS tras d\u00e9cadas de una gesti\u00f3n marcada por esc\u00e1ndalos de corrupci\u00f3n y crisis. La econom\u00eda, estancada, ha dejado a miles de familias sin empleo ni ingresos estables. El modelo que prometen continuar solo le ofrece m\u00e1s miseria a la poblaci\u00f3n.<\/p>\n<h2>Continuar con el modelo socialista<\/h2>\n<figure><img decoding=\"async\" src=\"https:\/\/derechadiario.com.ar\/filesedc\/uploads\/image\/post\/2025\/06\/images-3-1751151515263_1200_800.webp\" class=\"img-responsive lazyload\" alt=\"Personas haciendo fila junto a un cami\u00f3n en un entorno al aire libre\" title=\"Personas haciendo fila junto a un cami\u00f3n en un entorno al aire libre\"><\/figure>\n<p>Del Castillo justific\u00f3 el modelo empobrecedor con la promesa de leyes para aliviar la carga financiera. Mencion\u00f3 iniciativas para deudores y emprendedores, aunque sin presentar medidas concretas.<\/p>\n<p>Tambi\u00e9n acus\u00f3 a los medios de comunicaci\u00f3n y a la oposici\u00f3n de manipular la realidad. <strong>Su estrategia consiste en apelar peligrosamente al resentimiento y a la identidad partidaria<\/strong>. Busca movilizar a una escasa militancia desmotivada ante la falta de resultados.<\/p>\n<p>En el acto tambi\u00e9n participaron representantes de las organizaciones afines al gobierno. Las Bartolinas, los Interculturales y la CSUTCB expresaron su respaldo al binomio. Los discursos estuvieron marcados por una ret\u00f3rica de lucha y resistencia.<\/p>\n<p>Sin embargo, <strong>no ofrecieron ninguna autocr\u00edtica sobre los innumerables errores de gesti\u00f3n<\/strong>. La desconexi\u00f3n entre la c\u00fapula del MAS y las necesidades reales de la poblaci\u00f3n fue evidente.<\/p>\n<p>\u00c9dgar Monta\u00f1o, ministro de Obras P\u00fablicas, encabez\u00f3 a los llamados \u201cGuerreros Azules\u201d. Defendi\u00f3 la participaci\u00f3n de funcionarios p\u00fablicos en el acto proselitista. <strong>\u201cQue ning\u00fan envidioso diga que usamos mal el tiempo de trabajo\u201d<\/strong>, afirm\u00f3.<\/p>\n<p>Estas declaraciones reavivaron cr\u00edticas por el uso de recursos estatales en campa\u00f1a. El oficialismo contin\u00faa sin distinguir entre partido y gobierno.<\/p>\n<h2>El acto gener\u00f3\u00a0m\u00e1s incertidumbre\u00a0<\/h2>\n<figure><img decoding=\"async\" src=\"https:\/\/derechadiario.com.ar\/filesedc\/uploads\/image\/post\/2025\/06\/md-11-1751150167491_1200_800.webp\" class=\"img-responsive lazyload\" alt=\"Tres personas en un escenario levantan los brazos y ondean banderas azules mientras llevan guirnaldas de flores y ponchos t\u00edpicos, rodeados de una multitud en un evento pol\u00edtico.\" title=\"Tres personas en un escenario levantan los brazos y ondean banderas azules mientras llevan guirnaldas de flores y ponchos t\u00edpicos, rodeados de una multitud en un evento pol\u00edtico.\"><\/figure>\n<p>Del Castillo enfatiz\u00f3 que el pr\u00f3ximo gobierno debe estar compuesto por j\u00f3venes y trabajadores. Present\u00f3 su candidatura como una nueva etapa dentro del masismo. Pero, no reconoci\u00f3 <strong>las recientes encuestas evidencian que la \u201crevoluci\u00f3n cultural\u201d parece haberse agotado<\/strong>.<\/p>\n<p>Tampoco mencion\u00f3 c\u00f3mo enfrentar\u00e1 el d\u00e9ficit fiscal ni la ca\u00edda de reservas. En cambio, prometi\u00f3 \u201cresurgir el pa\u00eds\u201d con unidad y voluntad pol\u00edtica.<\/p>\n<p>Berna, por su parte, habl\u00f3 de una educaci\u00f3n transformadora con tecnolog\u00eda. Asegur\u00f3 que impulsar\u00e1n una reforma estructural desde las aulas. Su discurso evit\u00f3 cifras o diagn\u00f3sticos claros del sector educativo.<\/p>\n<p>Asimismo, prometi\u00f3 mejorar el SUS, aunque no explic\u00f3 c\u00f3mo financiarlo en medio de la terrible crisis econ\u00f3mica. Sus intervenciones repitieron las habituales promesas demag\u00f3gicas socialistas, sin nuevos planteamientos.<\/p>\n<p>La proclamaci\u00f3n del viernes marc\u00f3 el inicio formal de la campa\u00f1a masista. El acto estuvo marcado por un discurso reiterativo. <strong>No hubo propuestas econ\u00f3micas concretas ni respuestas a la crisis actual<\/strong>.<\/p>\n<p>\u00a0El binomio oficialista se muestra decidido a continuar con el modelo vigente. A pesar del rechazo creciente, <strong>insisten en mantenerse en el poder a cualquier costo<\/strong>.<\/p>\n<p>Lo presentado en el acto muestra que la estrategia del MAS se basa en apelar al miedo y la identidad partidaria. <strong>Advierten que, si no gobiernan ellos, el pueblo sufrir\u00e1<\/strong>. Sin embargo, los resultados de gesti\u00f3n y las cifras econ\u00f3micas contradicen ese relato.<\/p>\n<p>La proclamaci\u00f3n fue un intento de mostrar unidad, aunque la fragmentaci\u00f3n interna persiste. El modelo empobrecedor que defienden es el mismo que ha llevado al pa\u00eds al borde del colapso.<\/p>\n","protected":false},"excerpt":{"rendered":"<p>El Movimiento Al Socialismo proclam\u00f3 el viernes a Eduardo Del Castillo como su candidato presidencial. El acto se realiz\u00f3 en el Coliseo Cerrado Julio Borelli de La Paz, donde tambi\u00e9n fue presentado su acompa\u00f1ante de f\u00f3rmula, Mil\u00e1n Berna. Con esta proclamaci\u00f3n, el exministro de Gobierno inici\u00f3 oficialmente su campa\u00f1a electoral. El evento reuni\u00f3 a militantes, [&hellip;]<\/p>\n","protected":false},"author":2,"featured_media":9273,"comment_status":"open","ping_status":"open","sticky":false,"template":"","format":"standard","meta":{"_et_pb_use_builder":"","_et_pb_old_content":"","_et_gb_content_width":"","footnotes":""},"categories":[84],"tags":[],"class_list":["post-9272","post","type-post","status-publish","format-standard","has-post-thumbnail","hentry","category-ultimomomento"],"_links":{"self":[{"href":"https:\/\/verdadincomodadiario.ar\/index.php?rest_route=\/wp\/v2\/posts\/9272","targetHints":{"allow":["GET"]}}],"collection":[{"href":"https:\/\/verdadincomodadiario.ar\/index.php?rest_route=\/wp\/v2\/posts"}],"about":[{"href":"https:\/\/verdadincomodadiario.ar\/index.php?rest_route=\/wp\/v2\/types\/post"}],"author":[{"embeddable":true,"href":"https:\/\/verdadincomodadiario.ar\/index.php?rest_route=\/wp\/v2\/users\/2"}],"replies":[{"embeddable":true,"href":"https:\/\/verdadincomodadiario.ar\/index.php?rest_route=%2Fwp%2Fv2%2Fcomments&post=9272"}],"version-history":[{"count":0,"href":"https:\/\/verdadincomodadiario.ar\/index.php?rest_route=\/wp\/v2\/posts\/9272\/revisions"}],"wp:featuredmedia":[{"embeddable":true,"href":"https:\/\/verdadincomodadiario.ar\/index.php?rest_route=\/wp\/v2\/media\/9273"}],"wp:attachment":[{"href":"https:\/\/verdadincomodadiario.ar\/index.php?rest_route=%2Fwp%2Fv2%2Fmedia&parent=9272"}],"wp:term":[{"taxonomy":"category","embeddable":true,"href":"https:\/\/verdadincomodadiario.ar\/index.php?rest_route=%2Fwp%2Fv2%2Fcategories&post=9272"},{"taxonomy":"post_tag","embeddable":true,"href":"https:\/\/verdadincomodadiario.ar\/index.php?rest_route=%2Fwp%2Fv2%2Ftags&post=9272"}],"curies":[{"name":"wp","href":"https:\/\/api.w.org\/{rel}","templated":true}]}}