{"id":9268,"date":"2025-06-29T00:32:41","date_gmt":"2025-06-29T00:32:41","guid":{"rendered":"https:\/\/verdadincomodadiario.ar\/?p=9268"},"modified":"2025-06-29T00:32:41","modified_gmt":"2025-06-29T00:32:41","slug":"el-ultra-comunista-monteverde-propuso-un-proyecto-para-expropiar-las-tierras-del-tambo","status":"publish","type":"post","link":"https:\/\/verdadincomodadiario.ar\/?p=9268","title":{"rendered":"El ultra comunista Monteverde propuso un proyecto para expropiar las tierras del Tambo"},"content":{"rendered":"<p>El pr\u00f3ximo domingo, la ciudad de <strong>Rosario<\/strong> se enfrenta a una encrucijada <strong>determinante<\/strong>: elegir entre el crecimiento y la libertad que propugna el exitoso gobierno de <a href=\"https:\/\/derechadiario.com.ar\/politica\/juan-pedro-aleart-llamo-proteger-rosario-y-terminar-con-kirchnerismo\" title=\"Juan Pedro Aleart llam\u00f3 a 'proteger a Rosario' y terminar con el kirchnerismo\">Javier Milei<\/a> o sumergirse en el abismo del <strong>estatismo y la decadencia<\/strong> que encarna el <strong>kirchnerismo<\/strong>, ahora a trav\u00e9s de su candidato local, <strong>Juan Monteverde<\/strong>. Este referente de <strong>Ciudad Futura<\/strong>, quien en 2016 ya evidenciaba sus intenciones expropiatorias al tuitear: <strong>&#8220;Vamos a presentar un proyecto de ordenanza para expropiar las tierras del Tambo&#8221;<\/strong>, se presenta como una &#8220;<strong>cara nueva<\/strong>&#8221; pero es, en realidad, el mismo rostro del fracaso.<\/p>\n<p>La promesa de <strong>Juan Monteverde<\/strong>, el candidato impulsado por las facciones m\u00e1s recalcitrantes del kirchnerismo y con el aval de figuras como <strong>Juan Grabois, Cristina Fern\u00e1ndez de Kirchner y Sergio Massa<\/strong>, no es otra que la de un proyecto de <strong>&#8220;fuerte intervenci\u00f3n estatal, m\u00e1s regulaci\u00f3n y una visi\u00f3n de izquierda que ya fracas\u00f3 en todos los niveles de gobierno&#8221;<\/strong>.<\/p>\n<div class=\"inter_image image_vertical\">\n<picture><source class=\"img-responsive\" type=\"image\/webp\" data-srcset=\"https:\/\/filesedc.com\/uploads\/image\/post\/2025\/06\/gukv7fnx0aanp1h_300_400.webp 300w, https:\/\/filesedc.com\/uploads\/image\/post\/2025\/06\/gukv7fnx0aanp1h_630_840.webp 630w, https:\/\/filesedc.com\/uploads\/image\/post\/2025\/06\/gukv7fnx0aanp1h_760_1013.webp 760w, https:\/\/filesedc.com\/uploads\/image\/post\/2025\/06\/gukv7fnx0aanp1h_1200_1600.webp 1200w, https:\/\/filesedc.com\/uploads\/image\/post\/2025\/06\/gukv7fnx0aanp1h_1600_2133.webp 1600w, \"><img decoding=\"async\" src=\"https:\/\/derechadiario.com.ar\/filesedc\/uploads\/image\/post\/2025\/06\/gukv7fnx0aanp1h_1200_1600.webp\" class=\"img-responsive lazyload\" alt=\"Imagen con un tuit de Juan Monteverde sobre el Che Guevara y un cartel con la frase Viva la deconstrucci\u00f3n, acompa\u00f1ada de un titular que menciona el apoyo de Monteverde al Che Guevara en Rosario\" title=\"Imagen con un tuit de Juan Monteverde sobre el Che Guevara y un cartel con la frase Viva la deconstrucci\u00f3n, acompa\u00f1ada de un titular que menciona el apoyo de Monteverde al Che Guevara en Rosario\"><\/picture>\n<div>\n<span class=\"img_footer\">Posteo de Monteverde en X: <\/span>| <span class=\"img_author\">La Derecha Diario<\/span>\n<\/div>\n<\/div>\n<p>Bajo la enga\u00f1osa etiqueta de &#8220;ciudadan\u00eda activa&#8221;, Monteverde esconde una agenda que <strong>se opone<\/strong> de ra\u00edz a la <strong>visi\u00f3n de libertad<\/strong> y <strong>desarrollo<\/strong> que el presidente Milei ha tra\u00eddo para Argentina. Su coqueteo con el <strong>comunismo<\/strong>, que no se limita a declaraciones sino que se evidencia en su ret\u00f3rica donde <strong>imita al Che y habla de comunismo en Rosario<\/strong>, es un claro indicador de lo que depara su gesti\u00f3n.<\/p>\n<p>Las gestiones afines a la ideolog\u00eda de <strong>Monteverde<\/strong>\u00a0 ya han dejado una estela de <strong>desastre en Rosario<\/strong>. Las estad\u00edsticas de seguridad, lejos de mejorar, han empeorado dr\u00e1sticamente. La presi\u00f3n fiscal ha asfixiado a los contribuyentes, mientras los discursos &#8220;<strong>comunitarios<\/strong>&#8221; han demostrado ser ineficaces para contener la <strong>crisis social<\/strong>, la imparable expansi\u00f3n del <strong>narcotr\u00e1fico<\/strong> y el creciente desempleo juvenil.<\/p>\n<aside class=\"are-you-interested-container-photo\"><\/aside>\n<p>La pretensi\u00f3n de Monteverde de presentarse como una alternativa fresca es desmentida por sus v\u00ednculos con los sectores m\u00e1s kirchneristas, quienes, con su abrazo, lo &#8220;desenmascaran&#8221; y <strong>lo asocian directamente con &#8220;lo peor de la vieja pol\u00edtica: discursos idealistas, medidas ineficaces y una agenda que gira en torno al control estatal, no a la libertad ciudadana.<\/strong><\/p>\n<aside class=\"whatsappChannelText\"><a href=\"https:\/\/whatsapp.com\/channel\/0029VagEjILGE56eKjedWF2U\" rel=\"nofollow\" title=\"WhatsApp Link\"><img alt=\"Logo de WhatsApp\" class=\"lazyload\" data-src=\"https:\/\/derechadiario.com.ar\/filesedc\/uploads\/other\/whatsapp_icon_mid_article.png\" width=\"32\" height=\"32\"><\/a> <a href=\"https:\/\/whatsapp.com\/channel\/0029VagEjILGE56eKjedWF2U\" rel=\"nofollow\" title=\"WhatsApp Link\"><strong>NO SE PIERDAN NINGUNA NOTICIA<\/strong>: Click aqu\u00ed para sumarte <strong>GRATIS<\/strong> al canal de noticias de <strong>La Derecha Diario en WhatsApp.<\/strong><\/a><\/aside>\n<figure><img decoding=\"async\" src=\"https:\/\/derechadiario.com.ar\/filesedc\/uploads\/image\/post\/2025\/06\/screenshot-2025-06-27-171647-1600-1067_1200_800.webp\" class=\"img-responsive lazyload\" alt=\"Dos hombres sentados en una mesa, uno de ellos hablando por micr\u00f3fono mientras el otro lo observa, con fondo de cortinas rojas y una bandera detr\u00e1s.\" title=\"Dos hombres sentados en una mesa, uno de ellos hablando por micr\u00f3fono mientras el otro lo observa, con fondo de cortinas rojas y una bandera detr\u00e1s.\"><\/figure>\n<p>La ideolog\u00eda de Monteverde, por s\u00ed misma, ya es un motivo de alarma, pero su historial pol\u00edtico es a\u00fan m\u00e1s preocupante. Fue <strong>socio del peronismo provincial<\/strong>, c\u00f3mplice silencioso de gestiones que <strong>permitieron el avance del narcotr\u00e1fico<\/strong> y el deterioro del tejido social. Su estrecha relaci\u00f3n con <strong>Juan Grabois<\/strong>, el m\u00e1ximo exponente de la econom\u00eda informal y el &#8220;<strong>piqueterismo&#8221;<\/strong>, solo puede anticipar <strong>&#8220;un modelo de gesti\u00f3n basado en la econom\u00eda informal, el piqueterismo y la multiplicaci\u00f3n de planes sociales como forma de dominaci\u00f3n pol\u00edtica&#8221;.<\/strong> Este es el mismo modelo que el gobierno de Javier Milei combate con firmeza para lograr la verdadera prosperidad y libertad de los argentinos.<\/p>\n<p>Este domingo, Rosario tiene la oportunidad hist\u00f3rica de romper con un <strong>ciclo de fracaso y abrazar el futuro<\/strong>. La elecci\u00f3n es clara: <strong>apostar por un modelo nuevo, con reglas claras, crecimiento econ\u00f3mico y orden institucional<\/strong>, un modelo que <strong>Juan Pedro Aleart<\/strong> encarna como una <strong>alternativa concreta, moderna y coherente<\/strong>, libre de los compromisos con la <strong>&#8220;vieja pol\u00edtica&#8221;.<\/strong>\u00a0 O, por el contrario, repetir el experimento populista con otro nombre y otra est\u00e9tica, pero con los mismos resultados de siempre.<\/p>\n","protected":false},"excerpt":{"rendered":"<p>El pr\u00f3ximo domingo, la ciudad de Rosario se enfrenta a una encrucijada determinante: elegir entre el crecimiento y la libertad que propugna el exitoso gobierno de Javier Milei o sumergirse en el abismo del estatismo y la decadencia que encarna el kirchnerismo, ahora a trav\u00e9s de su candidato local, Juan Monteverde. Este referente de Ciudad [&hellip;]<\/p>\n","protected":false},"author":2,"featured_media":9269,"comment_status":"open","ping_status":"open","sticky":false,"template":"","format":"standard","meta":{"_et_pb_use_builder":"","_et_pb_old_content":"","_et_gb_content_width":"","footnotes":""},"categories":[84],"tags":[],"class_list":["post-9268","post","type-post","status-publish","format-standard","has-post-thumbnail","hentry","category-ultimomomento"],"_links":{"self":[{"href":"https:\/\/verdadincomodadiario.ar\/index.php?rest_route=\/wp\/v2\/posts\/9268","targetHints":{"allow":["GET"]}}],"collection":[{"href":"https:\/\/verdadincomodadiario.ar\/index.php?rest_route=\/wp\/v2\/posts"}],"about":[{"href":"https:\/\/verdadincomodadiario.ar\/index.php?rest_route=\/wp\/v2\/types\/post"}],"author":[{"embeddable":true,"href":"https:\/\/verdadincomodadiario.ar\/index.php?rest_route=\/wp\/v2\/users\/2"}],"replies":[{"embeddable":true,"href":"https:\/\/verdadincomodadiario.ar\/index.php?rest_route=%2Fwp%2Fv2%2Fcomments&post=9268"}],"version-history":[{"count":0,"href":"https:\/\/verdadincomodadiario.ar\/index.php?rest_route=\/wp\/v2\/posts\/9268\/revisions"}],"wp:featuredmedia":[{"embeddable":true,"href":"https:\/\/verdadincomodadiario.ar\/index.php?rest_route=\/wp\/v2\/media\/9269"}],"wp:attachment":[{"href":"https:\/\/verdadincomodadiario.ar\/index.php?rest_route=%2Fwp%2Fv2%2Fmedia&parent=9268"}],"wp:term":[{"taxonomy":"category","embeddable":true,"href":"https:\/\/verdadincomodadiario.ar\/index.php?rest_route=%2Fwp%2Fv2%2Fcategories&post=9268"},{"taxonomy":"post_tag","embeddable":true,"href":"https:\/\/verdadincomodadiario.ar\/index.php?rest_route=%2Fwp%2Fv2%2Ftags&post=9268"}],"curies":[{"name":"wp","href":"https:\/\/api.w.org\/{rel}","templated":true}]}}