{"id":9262,"date":"2025-06-28T20:50:05","date_gmt":"2025-06-28T20:50:05","guid":{"rendered":"https:\/\/verdadincomodadiario.ar\/?p=9262"},"modified":"2025-06-28T20:50:05","modified_gmt":"2025-06-28T20:50:05","slug":"adiuc-paraliza-la-unc-los-alumnos-rehenes-del-conflicto-gremial-en-cordoba","status":"publish","type":"post","link":"https:\/\/verdadincomodadiario.ar\/?p=9262","title":{"rendered":"ADIUC paraliza la UNC: los alumnos, rehenes del conflicto gremial en C\u00f3rdoba"},"content":{"rendered":"<p>ADIUC resolvi\u00f3 profundizar las medidas de fuerza <a href=\"https:\/\/derechadiario.com.ar\/sociedad\/se-anuncio-otro-paro-extorsivo-universidad-nacional-cordoba\" title=\"Se anunci\u00f3 otro extorsivo paro en la Universidad Nacional de C\u00f3rdoba\">tras el paro nacional<\/a> de 48\u202fh y anunci\u00f3 que <strong>las mesas de julio quedar\u00e1n sin tomar para todos los claustros estudiantiles de la UNC.<\/strong>\u00a0<strong>La decisi\u00f3n incluye tambi\u00e9n no iniciar el segundo cuatrimestre<\/strong>, dejando en suspenso calendarios acad\u00e9micos y titulaciones ya programadas por la Secretar\u00eda de Asuntos Estudiantiles. El plenario gremial justific\u00f3 la medida en la \u201cemergencia universitaria\u201d y reclam\u00f3 que \u201csin recomposici\u00f3n y sin ley de financiamiento no habr\u00e1 normalidad\u201d.<\/p>\n<p>Durante la huelga se recolectaron firmas para exigir al Congreso que apruebe la <a href=\"https:\/\/derechadiario.com.ar\/sociedad\/unc-busca-blindaje-presupuestario-insostenible-sin-consensos-ni-respaldo-politico\" title=\"La UNC busca blindaje presupuestario insostenible sin consensos ni respaldo pol\u00edtico\">Ley de Financiamiento Universitario<\/a>.\u00a0Mientras se busca esa sanci\u00f3n legislativa, la casa de estudios permanece virtualmente cerrada y sin certezas para quienes deben rendir finales o comenzar pr\u00e1cticas profesionales. As\u00ed, en la pr\u00e1ctica\u00a0la UNC <strong>deja a miles de alumnos varados y sin opci\u00f3n de cursado regular<\/strong>.<\/p>\n<p>Tambi\u00e9n los no docentes se plegaron al paro nacional, potenciando la par\u00e1lisis administrativa que deja sin tr\u00e1mite becas, t\u00edtulos y expedientes de investigaci\u00f3n. <strong>La dirigencia gremial plante\u00f3 paros progresivos y rotativos por facultad,<\/strong> <strong>un esquema que garantiza inestabilidad permanente y desorientaci\u00f3n en cada agenda acad\u00e9mica.<\/strong> As\u00ed, la <a href=\"https:\/\/derechadiario.com.ar\/sociedad\/unc-permite-ingreso-universitario-sin-secundario-completo-inclusion-desatino\" title=\"La UNC permite ingreso universitario sin secundario completo: \u00bfinclusi\u00f3n o desatino?\">UNC<\/a>\u00a0sufre la suspensi\u00f3n de servicios b\u00e1sicos mientras el conflicto sindical se traslada a un nuevo ciclo de marchas y jornadas de protesta.<\/p>\n<div class=\"inter_image image_horizontal\">\n<picture><source class=\"img-responsive\" type=\"image\/webp\" data-srcset=\"https:\/\/filesedc.com\/uploads\/image\/post\/2025\/06\/captura-de-pantalla-2025-06-28-151704_300_200.webp 300w, https:\/\/filesedc.com\/uploads\/image\/post\/2025\/06\/captura-de-pantalla-2025-06-28-151704_630_420.webp 630w, https:\/\/filesedc.com\/uploads\/image\/post\/2025\/06\/captura-de-pantalla-2025-06-28-151704_760_507.webp 760w, https:\/\/filesedc.com\/uploads\/image\/post\/2025\/06\/captura-de-pantalla-2025-06-28-151704_1200_800.webp 1200w, https:\/\/filesedc.com\/uploads\/image\/post\/2025\/06\/captura-de-pantalla-2025-06-28-151704_1600_1067.webp 1600w, \"><img decoding=\"async\" src=\"https:\/\/derechadiario.com.ar\/filesedc\/uploads\/image\/post\/2025\/06\/captura-de-pantalla-2025-06-28-151704_1200_800.webp\" class=\"img-responsive lazyload\" alt=\"Persona con remera de ADIUC en primer plano durante una manifestaci\u00f3n con varias personas y banderas desenfocadas al fondo\" title=\"Persona con remera de ADIUC en primer plano durante una manifestaci\u00f3n con varias personas y banderas desenfocadas al fondo\"><\/picture>\n<div>\n<span class=\"img_footer\">Seg\u00fan comunic\u00f3 ADIUC, el 99,2% de los votantes se manifest\u00f3 a favor de profundizar el conflicto <\/span>| <span class=\"img_author\">La Derecha Diario<\/span>\n<\/div>\n<\/div>\n<h2>Alumnos sin clases, otra vez<\/h2>\n<p>Seg\u00fan comunic\u00f3 <a href=\"https:\/\/derechadiario.com.ar\/politica\/docentes-militantes-paralizan-unc-adiuc-redobla-su-plan-lucha-k-cordoba\" title=\"Docentes militantes paralizan la UNC: ADIUC redobla su plan de lucha K en C\u00f3rdoba\">ADIUC<\/a>, la decisi\u00f3n de\u00a0suspender mesas de ex\u00e1menes y clases \u201cva en l\u00ednea con los resultados de la Consulta Docente Universitaria\u201d. All\u00ed,\u00a0<strong>el 99,2% de los votantes se manifest\u00f3 a favor de profundizar el conflicto.<\/strong>\u00a0Lo que no mencionan es que esas medidas afectan a los estudiantes que se prepararon para rendir, planificaron sus calendarios y ahora se convierten en <strong>rehenes de la voluntad del gremio.<\/strong><\/p>\n<aside class=\"whatsappChannelText\"><a href=\"https:\/\/whatsapp.com\/channel\/0029VagEjILGE56eKjedWF2U\" rel=\"nofollow\" title=\"WhatsApp Link\"><img alt=\"Logo de WhatsApp\" class=\"lazyload\" data-src=\"https:\/\/derechadiario.com.ar\/filesedc\/uploads\/other\/whatsapp_icon_mid_article.png\" width=\"32\" height=\"32\"><\/a> <a href=\"https:\/\/whatsapp.com\/channel\/0029VagEjILGE56eKjedWF2U\" rel=\"nofollow\" title=\"WhatsApp Link\"><strong>NO SE PIERDAN NINGUNA NOTICIA<\/strong>: Click aqu\u00ed para sumarte <strong>GRATIS<\/strong> al canal de noticias de <strong>La Derecha Diario en WhatsApp.<\/strong><\/a><\/aside>\n<aside class=\"are-you-interested-container-photo\"><\/aside>\n<p>Entre las nuevas acciones dispuestas por el sindicato docente se incluye el llamado <strong>\u201cno inicio de clases\u201d con paros progresivos y rotativos<\/strong> seg\u00fan el cronograma de cada facultad. <strong>Este esquema apunta a sostener el conflicto en el tiempo<\/strong>, dejando en manos de cada unidad acad\u00e9mica la definici\u00f3n concreta de cu\u00e1ndo y c\u00f3mo se paralizar\u00e1n las actividades. La atomizaci\u00f3n de la protesta garantiza una disrupci\u00f3n constante del dictado de clases, sin ofrecer certezas a los alumnos ni a sus familias.<\/p>\n<p>El plenario de ADIUC tambi\u00e9n resolvi\u00f3 elevar estas decisiones a las federaciones y sindicatos universitarios nacionales, como paso previo a una nueva marcha federal. Adem\u00e1s, <strong>se exigir\u00e1 a los legisladores que traten de forma urgente la Ley de Financiamiento Universitario.<\/strong> Mientras tanto, los principales afectados siguen siendo los estudiantes, que no tienen clases, no pueden rendir y ven postergadas sus trayectorias acad\u00e9micas por una disputa ajena a ellos.<\/p>\n","protected":false},"excerpt":{"rendered":"<p>ADIUC resolvi\u00f3 profundizar las medidas de fuerza tras el paro nacional de 48\u202fh y anunci\u00f3 que las mesas de julio quedar\u00e1n sin tomar para todos los claustros estudiantiles de la UNC.\u00a0La decisi\u00f3n incluye tambi\u00e9n no iniciar el segundo cuatrimestre, dejando en suspenso calendarios acad\u00e9micos y titulaciones ya programadas por la Secretar\u00eda de Asuntos Estudiantiles. El [&hellip;]<\/p>\n","protected":false},"author":2,"featured_media":9263,"comment_status":"open","ping_status":"open","sticky":false,"template":"","format":"standard","meta":{"_et_pb_use_builder":"","_et_pb_old_content":"","_et_gb_content_width":"","footnotes":""},"categories":[84],"tags":[],"class_list":["post-9262","post","type-post","status-publish","format-standard","has-post-thumbnail","hentry","category-ultimomomento"],"_links":{"self":[{"href":"https:\/\/verdadincomodadiario.ar\/index.php?rest_route=\/wp\/v2\/posts\/9262","targetHints":{"allow":["GET"]}}],"collection":[{"href":"https:\/\/verdadincomodadiario.ar\/index.php?rest_route=\/wp\/v2\/posts"}],"about":[{"href":"https:\/\/verdadincomodadiario.ar\/index.php?rest_route=\/wp\/v2\/types\/post"}],"author":[{"embeddable":true,"href":"https:\/\/verdadincomodadiario.ar\/index.php?rest_route=\/wp\/v2\/users\/2"}],"replies":[{"embeddable":true,"href":"https:\/\/verdadincomodadiario.ar\/index.php?rest_route=%2Fwp%2Fv2%2Fcomments&post=9262"}],"version-history":[{"count":0,"href":"https:\/\/verdadincomodadiario.ar\/index.php?rest_route=\/wp\/v2\/posts\/9262\/revisions"}],"wp:featuredmedia":[{"embeddable":true,"href":"https:\/\/verdadincomodadiario.ar\/index.php?rest_route=\/wp\/v2\/media\/9263"}],"wp:attachment":[{"href":"https:\/\/verdadincomodadiario.ar\/index.php?rest_route=%2Fwp%2Fv2%2Fmedia&parent=9262"}],"wp:term":[{"taxonomy":"category","embeddable":true,"href":"https:\/\/verdadincomodadiario.ar\/index.php?rest_route=%2Fwp%2Fv2%2Fcategories&post=9262"},{"taxonomy":"post_tag","embeddable":true,"href":"https:\/\/verdadincomodadiario.ar\/index.php?rest_route=%2Fwp%2Fv2%2Ftags&post=9262"}],"curies":[{"name":"wp","href":"https:\/\/api.w.org\/{rel}","templated":true}]}}