{"id":9240,"date":"2025-06-28T17:49:11","date_gmt":"2025-06-28T17:49:11","guid":{"rendered":"https:\/\/verdadincomodadiario.ar\/?p=9240"},"modified":"2025-06-28T17:49:11","modified_gmt":"2025-06-28T17:49:11","slug":"escandalo-en-la-fpa-cordoba-condenaron-a-policias-por-pagar-con-droga-a-informantes","status":"publish","type":"post","link":"https:\/\/verdadincomodadiario.ar\/?p=9240","title":{"rendered":"Esc\u00e1ndalo en la FPA C\u00f3rdoba: condenaron a polic\u00edas por pagar con droga a informantes"},"content":{"rendered":"<p>Siete agentes de la FPA\u00a0<a href=\"https:\/\/derechadiario.com.ar\/politica\/milei-cumple-nacion-giro-10-mil-millones-para-caja-jubilaciones-cordoba\" title=\"Milei cumple: Naci\u00f3n gir\u00f3 $10 mil millones para la Caja de Jubilaciones de C\u00f3rdoba\">C\u00f3rdoba<\/a> y tres civiles admitieron haber entregado <strong>droga secuestrada a informantes como forma de pago por datos sobre el narcotr\u00e1fico<\/strong>. Lo hicieron ante el fiscal Juan Pablo Klinger, en el marco de un juicio abreviado que permiti\u00f3 agilizar la condena. El fallo fue dictado por el Juzgado de Control 8 y alcanz\u00f3 a todos los acusados.<\/p>\n<p>Entre los polic\u00edas condenados est\u00e1n <strong>Luis Benav\u00eddez, Isidro Rivero, Eduardo Moreno, Antonio y Sergio Ruiz, Diego Bertino y N\u00e9stor M\u00e1rquez<\/strong>. Los tres dateros implicados tambi\u00e9n reconocieron haber recibido estupefacientes para colaborar en operativos simulados. <strong>Todos fueron considerados integrantes de una organizaci\u00f3n il\u00edcita.<\/strong><\/p>\n<p>Se estableci\u00f3 que <strong>los efectivos desviaban droga de operativos oficiales para retribuir con ella a los informantes externos a la fuerza<\/strong>. La pena fue de tres a\u00f1os de prisi\u00f3n para nueve acusados, y\u00a0tres a\u00f1os y medio para M\u00e1rquez, por su rol como jefe de brigada. Tambi\u00e9n se les aplic\u00f3 inhabilitaci\u00f3n para ejercer cargos p\u00fablicos.<\/p>\n<p><strong>Pese a las condenas, podr\u00edan recuperar la libertad pronto por haber estado ocho meses detenidos de manera preventiva y tener buena conducta<\/strong>. La mayor\u00eda carece de antecedentes penales y podr\u00e1 solicitar el cese de prisi\u00f3n. Las condiciones judiciales ya est\u00e1n dadas para iniciar esos tr\u00e1mites.<\/p>\n<aside class=\"are-you-interested-container-photo\"><\/aside>\n<div class=\"inter_image image_horizontal\">\n<picture><source class=\"img-responsive\" type=\"image\/webp\" data-srcset=\"https:\/\/filesedc.com\/uploads\/image\/post\/2025\/06\/captura-de-pantalla-2025-06-28-124139_300_200.webp 300w, https:\/\/filesedc.com\/uploads\/image\/post\/2025\/06\/captura-de-pantalla-2025-06-28-124139_630_420.webp 630w, https:\/\/filesedc.com\/uploads\/image\/post\/2025\/06\/captura-de-pantalla-2025-06-28-124139_760_507.webp 760w, https:\/\/filesedc.com\/uploads\/image\/post\/2025\/06\/captura-de-pantalla-2025-06-28-124139_1200_800.webp 1200w, https:\/\/filesedc.com\/uploads\/image\/post\/2025\/06\/captura-de-pantalla-2025-06-28-124139_1600_1067.webp 1600w, \"><img decoding=\"async\" src=\"https:\/\/derechadiario.com.ar\/filesedc\/uploads\/image\/post\/2025\/06\/captura-de-pantalla-2025-06-28-124139_1200_800.webp\" class=\"img-responsive lazyload\" alt=\"Cartel negro con el logo dorado de un \u00e1guila y las siglas FPA acompa\u00f1ado del texto Fuerza Policial Antinarcotr\u00e1fico C\u00f3rdoba\" title=\"Cartel negro con el logo dorado de un \u00e1guila y las siglas FPA acompa\u00f1ado del texto Fuerza Policial Antinarcotr\u00e1fico C\u00f3rdoba\"><\/picture>\n<div>\n<span class=\"img_footer\">Siete agentes de la FPA de C\u00f3rdoba fueron condenados <\/span>| <span class=\"img_author\">La Derecha Diario<\/span>\n<\/div>\n<\/div>\n<h2>Una organizaci\u00f3n que usaba la droga como moneda corriente<\/h2>\n<p>El juicio revel\u00f3 que <strong>el uso de droga secuestrada como pago era una pr\u00e1ctica m\u00e1s com\u00fan<\/strong> de lo que se cre\u00eda dentro de ciertas brigadas de la <a href=\"https:\/\/derechadiario.com.ar\/sociedad\/munipa-y-narco-cayo-empleado-municipal-que-vendia-droga-y-hacia-delivery-cordoba\" title=\"Munipa y narco: cay\u00f3 empleado municipal que vend\u00eda droga y hac\u00eda delivery en C\u00f3rdoba\">FPA<\/a>. <strong>Los dateros<\/strong> obten\u00edan porciones de estupefacientes a cambio de datos sobre puntos de venta. <strong>Tambi\u00e9n participaban activamente en operativos encubiertos.<\/strong><\/p>\n<p>Fuentes cercanas a la causa se\u00f1alaron que <strong>los procedimientos se montaban con informantes que fing\u00edan ser compradores ante presuntos narcos<\/strong>. <strong>Esa escenificaci\u00f3n usaba droga real que nunca deb\u00eda salir del sistema<\/strong>. La simulaci\u00f3n se disfrazaba como pol\u00edtica investigativa v\u00e1lida.<\/p>\n<p><strong>La droga utilizada<\/strong> no proven\u00eda de incautaciones menores o aisladas sino de <strong>grandes decomisos<\/strong> como los realizados en la c\u00e1rcel de Cruz del Eje. \u00a0<strong>Parte del material secuestrado era desviado antes de ingresar al circuito judicial<\/strong>. Esa cantidad era acumulada y luego redistribuida por fuera de la ley.<\/p>\n<p>El fallo deja constancia de que esta l\u00f3gica operativa ten\u00eda rasgos organizados y sistem\u00e1ticos dentro de la fuerza. <strong>Se trataba de una estructura paralela y sostenida.<\/strong>\u00a0En este sentido, las penas reflejan el car\u00e1cter agravado de esa din\u00e1mica.<\/p>\n<figure><img decoding=\"async\" src=\"https:\/\/derechadiario.com.ar\/filesedc\/uploads\/image\/post\/2025\/06\/captura-de-pantalla-2025-06-28-130134_1200_1600.webp\" class=\"img-responsive lazyload\" alt=\"Agente de la Fuerza Policial Antinarcotr\u00e1fico de espaldas en un pasillo de puertas cerradas dentro de un edificio\" title=\"Agente de la Fuerza Policial Antinarcotr\u00e1fico de espaldas en un pasillo de puertas cerradas dentro de un edificio\"><\/figure>\n<h2>El fiscal Ram\u00edrez tambi\u00e9n ser\u00e1 juzgado por omisiones graves<\/h2>\n<p>La misma investigaci\u00f3n permiti\u00f3 avanzar con una <strong>causa paralela contra el fiscal Ra\u00fal Ram\u00edrez<\/strong>, <strong>su secretario Patricio Baz\u00e1n y el polic\u00eda Mauricio Oyola<\/strong>. El Juzgado de Control 8 rechaz\u00f3 las objeciones de sus defensas y confirm\u00f3 la elevaci\u00f3n a juicio. Se los investiga por encubrimiento agravado y omisi\u00f3n de deberes.<\/p>\n<p><strong>Los tres fueron se\u00f1alados por no denunciar la desaparici\u00f3n de m\u00e1s de 500 gramos de coca\u00edna y marihuana incautadas judicialmente.<\/strong> Las sustancias hab\u00edan sido secuestradas y estaban bajo custodia del Estado como pruebas. Sin embargo, nunca llegaron a los dep\u00f3sitos oficiales ni se justific\u00f3 su ausencia.<\/p>\n<p>El tribunal consider\u00f3 probado que <strong>Ram\u00edrez, Baz\u00e1n y Oyola conoc\u00edan el faltante y no impulsaron ninguna acci\u00f3n penal.<\/strong> Ni siquiera tras el agotamiento de las b\u00fasquedas internas se present\u00f3 una denuncia formal. Esa omisi\u00f3n implic\u00f3 una violaci\u00f3n grave de sus funciones p\u00fablicas.<\/p>\n<aside class=\"whatsappChannelText\"><a href=\"https:\/\/whatsapp.com\/channel\/0029VagEjILGE56eKjedWF2U\" rel=\"nofollow\" title=\"WhatsApp Link\"><img alt=\"Logo de WhatsApp\" class=\"lazyload\" data-src=\"https:\/\/derechadiario.com.ar\/filesedc\/uploads\/other\/whatsapp_icon_mid_article.png\" width=\"32\" height=\"32\"><\/a> <a href=\"https:\/\/whatsapp.com\/channel\/0029VagEjILGE56eKjedWF2U\" rel=\"nofollow\" title=\"WhatsApp Link\"><strong>NO SE PIERDAN NINGUNA NOTICIA<\/strong>: Click aqu\u00ed para sumarte <strong>GRATIS<\/strong> al canal de noticias de <strong>La Derecha Diario en WhatsApp.<\/strong><\/a><\/aside>\n<p><strong>El fallo menciona prueba documental y testimonial s\u00f3lida<\/strong> como actas, informes del sistema de secuestros y declaraciones de empleados judiciales. Seg\u00fan el tribunal, hay base jur\u00eddica suficiente para llevarlos a juicio oral. La defensa a\u00fan puede apelar, pero la causa ya tom\u00f3 un rumbo definido.<\/p>\n<figure><img decoding=\"async\" src=\"https:\/\/derechadiario.com.ar\/filesedc\/uploads\/image\/post\/2025\/06\/captura-de-pantalla-2025-06-28-130118_1200_800.webp\" class=\"img-responsive lazyload\" alt=\"Hombre de mediana edad con traje oscuro y corbata sentado en una silla ejecutiva\" title=\"Hombre de mediana edad con traje oscuro y corbata sentado en una silla ejecutiva\"><\/figure>\n","protected":false},"excerpt":{"rendered":"<p>Siete agentes de la FPA\u00a0C\u00f3rdoba y tres civiles admitieron haber entregado droga secuestrada a informantes como forma de pago por datos sobre el narcotr\u00e1fico. Lo hicieron ante el fiscal Juan Pablo Klinger, en el marco de un juicio abreviado que permiti\u00f3 agilizar la condena. El fallo fue dictado por el Juzgado de Control 8 y [&hellip;]<\/p>\n","protected":false},"author":2,"featured_media":9241,"comment_status":"open","ping_status":"open","sticky":false,"template":"","format":"standard","meta":{"_et_pb_use_builder":"","_et_pb_old_content":"","_et_gb_content_width":"","footnotes":""},"categories":[84],"tags":[],"class_list":["post-9240","post","type-post","status-publish","format-standard","has-post-thumbnail","hentry","category-ultimomomento"],"_links":{"self":[{"href":"https:\/\/verdadincomodadiario.ar\/index.php?rest_route=\/wp\/v2\/posts\/9240","targetHints":{"allow":["GET"]}}],"collection":[{"href":"https:\/\/verdadincomodadiario.ar\/index.php?rest_route=\/wp\/v2\/posts"}],"about":[{"href":"https:\/\/verdadincomodadiario.ar\/index.php?rest_route=\/wp\/v2\/types\/post"}],"author":[{"embeddable":true,"href":"https:\/\/verdadincomodadiario.ar\/index.php?rest_route=\/wp\/v2\/users\/2"}],"replies":[{"embeddable":true,"href":"https:\/\/verdadincomodadiario.ar\/index.php?rest_route=%2Fwp%2Fv2%2Fcomments&post=9240"}],"version-history":[{"count":0,"href":"https:\/\/verdadincomodadiario.ar\/index.php?rest_route=\/wp\/v2\/posts\/9240\/revisions"}],"wp:featuredmedia":[{"embeddable":true,"href":"https:\/\/verdadincomodadiario.ar\/index.php?rest_route=\/wp\/v2\/media\/9241"}],"wp:attachment":[{"href":"https:\/\/verdadincomodadiario.ar\/index.php?rest_route=%2Fwp%2Fv2%2Fmedia&parent=9240"}],"wp:term":[{"taxonomy":"category","embeddable":true,"href":"https:\/\/verdadincomodadiario.ar\/index.php?rest_route=%2Fwp%2Fv2%2Fcategories&post=9240"},{"taxonomy":"post_tag","embeddable":true,"href":"https:\/\/verdadincomodadiario.ar\/index.php?rest_route=%2Fwp%2Fv2%2Ftags&post=9240"}],"curies":[{"name":"wp","href":"https:\/\/api.w.org\/{rel}","templated":true}]}}