{"id":9212,"date":"2025-06-27T22:26:44","date_gmt":"2025-06-27T22:26:44","guid":{"rendered":"https:\/\/verdadincomodadiario.ar\/?p=9212"},"modified":"2025-06-27T22:26:44","modified_gmt":"2025-06-27T22:26:44","slug":"la-salud-la-seguridad-y-el-empleo-avanzaron-firmes-en-el-nuevo-ecuador","status":"publish","type":"post","link":"https:\/\/verdadincomodadiario.ar\/?p=9212","title":{"rendered":"La salud, la seguridad y el empleo avanzaron firmes en el Nuevo Ecuador"},"content":{"rendered":"<p><strong>La salud p\u00fablica se consolid\u00f3 como prioridad nacional<\/strong> durante los primeros meses del gobierno de Daniel Noboa. Gracias a una <strong>gesti\u00f3n eficiente<\/strong>, se repotenciaron centros m\u00e9dicos como \u201cEl Cambio\u201d en El Oro y se incorpor\u00f3 tecnolog\u00eda de Google para mejorar el agendamiento de citas m\u00e9dicas. Estas acciones permitieron <strong>reducir tiempos de espera<\/strong> y fiscalizar el desempe\u00f1o del personal sanitario. <strong>#NadaNosDetiene<\/strong><\/p>\n<p>El presupuesto en salud <strong>aument\u00f3 en USD 4.491 millones<\/strong>, y se saldaron deudas hist\u00f3ricas con instituciones clave como Solca e IESS. Las brigadas comunitarias se intensificaron y el Gobierno implement\u00f3 mecanismos de control para eliminar <strong>la corrupci\u00f3n en las derivaciones m\u00e9dicas<\/strong>, garantizando as\u00ed una atenci\u00f3n m\u00e1s oportuna y digna para todos los ecuatorianos. <strong>#ElNuevoEcuador<\/strong><\/p>\n<p>En materia de seguridad, el gobierno de Noboa respondi\u00f3 con decisi\u00f3n a la amenaza del narcotr\u00e1fico. Se decretaron <strong>estados de excepci\u00f3n<\/strong>, se movilizaron Fuerzas Armadas y se modernizaron puertos estrat\u00e9gicos como el de Puerto Bol\u00edvar. La cooperaci\u00f3n internacional tambi\u00e9n fue clave: Ecuador fortaleci\u00f3 alianzas con <strong>Estados Unidos y El Salvador<\/strong> para intercambiar <a href=\"https:\/\/derechadiario.com.ar\/ecuador\/politica\/nueva-emergencia-judicial-reavivo-temores-sobre-injerencia-politica-justicia\" title=\"La nueva emergencia judicial reaviv\u00f3 temores de interferencia pol\u00edtica en la justicia\">buenas pr\u00e1cticas contra el crimen organizado<\/a>. <strong>#SeguridadParaTodos<\/strong><\/p>\n<p>Simult\u00e1neamente, se avanz\u00f3 hacia una <strong>mayor equidad social<\/strong>. Con el programa \u201cJ\u00f3venes en Acci\u00f3n\u201d y la aprobaci\u00f3n de la Ley de Econom\u00eda Violeta, Ecuador alcanz\u00f3 el primer puesto en Latinoam\u00e9rica en reducci\u00f3n de brechas de g\u00e9nero. <strong>El 72% de las becas educativas entregadas benefician a mujeres<\/strong>, lo que fortalece la movilidad social y laboral del pa\u00eds. <strong>#IgualdadDeOportunidades<\/strong><\/p>\n<div class=\"inter_image image_horizontal\">\n<picture><source class=\"img-responsive\" type=\"image\/webp\" data-srcset=\"https:\/\/filesedc.com\/uploads\/image\/post\/2025\/06\/sorteo-del-ano-de-salud-rural-2019-2020-sera-presencial-interior-17-07-2019_300_200.webp 300w, https:\/\/filesedc.com\/uploads\/image\/post\/2025\/06\/sorteo-del-ano-de-salud-rural-2019-2020-sera-presencial-interior-17-07-2019_630_420.webp 630w, https:\/\/filesedc.com\/uploads\/image\/post\/2025\/06\/sorteo-del-ano-de-salud-rural-2019-2020-sera-presencial-interior-17-07-2019_760_507.webp 760w, https:\/\/filesedc.com\/uploads\/image\/post\/2025\/06\/sorteo-del-ano-de-salud-rural-2019-2020-sera-presencial-interior-17-07-2019_1200_800.webp 1200w, https:\/\/filesedc.com\/uploads\/image\/post\/2025\/06\/sorteo-del-ano-de-salud-rural-2019-2020-sera-presencial-interior-17-07-2019_1600_1067.webp 1600w, \"><img decoding=\"async\" src=\"https:\/\/derechadiario.com.ar\/filesedc\/uploads\/image\/post\/2025\/06\/sorteo-del-ano-de-salud-rural-2019-2020-sera-presencial-interior-17-07-2019_1200_800.webp\" class=\"img-responsive lazyload\" alt=\"Grupo de profesionales de la salud con batas blancas posando frente a un centro de salud llamado Centro de Salud ESPOCH-Lizarzaburu\" title=\"Grupo de profesionales de la salud con batas blancas posando frente a un centro de salud llamado Centro de Salud ESPOCH-Lizarzaburu\"><\/picture>\n<div>\n<span class=\"img_footer\">La salud, la seguridad y el empleo avanzaron firmes en el Nuevo Ecuador <\/span>| <span class=\"img_author\">La Derecha Diario<\/span>\n<\/div>\n<\/div>\n<p>En el \u00e1mbito econ\u00f3mico, Noboa impuls\u00f3 reformas clave para <strong>reducir el d\u00e9ficit fiscal a la mitad<\/strong> y estabilizar la inflaci\u00f3n por debajo del 1,8%. Gracias a esta disciplina macroecon\u00f3mica, se abrieron nuevos mercados, sobre todo con China, donde Ecuador fortaleci\u00f3 su presencia exportadora. La confianza del sector privado se reflej\u00f3 en cifras: abril de 2025 marc\u00f3 un <strong>r\u00e9cord de ventas internas por USD 20.100 millones<\/strong>. <a href=\"https:\/\/derechadiario.com.ar\/ecuador\/politica\/presidente-noboa-inicio-su-gira-china-con-reunion-clave\" title=\"El presidente Noboa inici\u00f3 su gira en China con una reuni\u00f3n clave\"><strong>#Inversi\u00f3nProductiva<\/strong><\/a><\/p>\n<p>La inversi\u00f3n extranjera creci\u00f3 tras la ratificaci\u00f3n del TLC con China, y empresas globales como Temu ya manifestaron inter\u00e9s en instalar centros log\u00edsticos en el pa\u00eds. Con una pol\u00edtica exterior pragm\u00e1tica y acuerdos claros, el Gobierno fomenta empleo de calidad y modernizaci\u00f3n productiva. A la par, se contin\u00faan otorgando cr\u00e9ditos para <strong>PYMES y emprendedores<\/strong> como herramienta para el desarrollo. <strong>#EmpleoDigno<\/strong><\/p>\n<p>La gesti\u00f3n de Daniel Noboa deja ver un rumbo claro: fortalecer lo social sin descuidar lo econ\u00f3mico. Con acciones concretas y resultados medibles, su gobierno da pasos firmes hacia un <strong>pa\u00eds m\u00e1s justo, seguro y pr\u00f3spero<\/strong>. Los ciudadanos empiezan a sentir en su d\u00eda a d\u00eda los beneficios de un Estado presente y transparente. <strong>#NadaNosDetiene<\/strong><\/p>\n","protected":false},"excerpt":{"rendered":"<p>La salud p\u00fablica se consolid\u00f3 como prioridad nacional durante los primeros meses del gobierno de Daniel Noboa. Gracias a una gesti\u00f3n eficiente, se repotenciaron centros m\u00e9dicos como \u201cEl Cambio\u201d en El Oro y se incorpor\u00f3 tecnolog\u00eda de Google para mejorar el agendamiento de citas m\u00e9dicas. Estas acciones permitieron reducir tiempos de espera y fiscalizar el [&hellip;]<\/p>\n","protected":false},"author":2,"featured_media":9213,"comment_status":"open","ping_status":"open","sticky":false,"template":"","format":"standard","meta":{"_et_pb_use_builder":"","_et_pb_old_content":"","_et_gb_content_width":"","footnotes":""},"categories":[84],"tags":[],"class_list":["post-9212","post","type-post","status-publish","format-standard","has-post-thumbnail","hentry","category-ultimomomento"],"_links":{"self":[{"href":"https:\/\/verdadincomodadiario.ar\/index.php?rest_route=\/wp\/v2\/posts\/9212","targetHints":{"allow":["GET"]}}],"collection":[{"href":"https:\/\/verdadincomodadiario.ar\/index.php?rest_route=\/wp\/v2\/posts"}],"about":[{"href":"https:\/\/verdadincomodadiario.ar\/index.php?rest_route=\/wp\/v2\/types\/post"}],"author":[{"embeddable":true,"href":"https:\/\/verdadincomodadiario.ar\/index.php?rest_route=\/wp\/v2\/users\/2"}],"replies":[{"embeddable":true,"href":"https:\/\/verdadincomodadiario.ar\/index.php?rest_route=%2Fwp%2Fv2%2Fcomments&post=9212"}],"version-history":[{"count":0,"href":"https:\/\/verdadincomodadiario.ar\/index.php?rest_route=\/wp\/v2\/posts\/9212\/revisions"}],"wp:featuredmedia":[{"embeddable":true,"href":"https:\/\/verdadincomodadiario.ar\/index.php?rest_route=\/wp\/v2\/media\/9213"}],"wp:attachment":[{"href":"https:\/\/verdadincomodadiario.ar\/index.php?rest_route=%2Fwp%2Fv2%2Fmedia&parent=9212"}],"wp:term":[{"taxonomy":"category","embeddable":true,"href":"https:\/\/verdadincomodadiario.ar\/index.php?rest_route=%2Fwp%2Fv2%2Fcategories&post=9212"},{"taxonomy":"post_tag","embeddable":true,"href":"https:\/\/verdadincomodadiario.ar\/index.php?rest_route=%2Fwp%2Fv2%2Ftags&post=9212"}],"curies":[{"name":"wp","href":"https:\/\/api.w.org\/{rel}","templated":true}]}}