{"id":9210,"date":"2025-06-27T22:26:45","date_gmt":"2025-06-27T22:26:45","guid":{"rendered":"https:\/\/verdadincomodadiario.ar\/?p=9210"},"modified":"2025-06-27T22:26:45","modified_gmt":"2025-06-27T22:26:45","slug":"solo-cosse-defiende-a-oscar-andrade-por-estafa-en-el-sunca","status":"publish","type":"post","link":"https:\/\/verdadincomodadiario.ar\/?p=9210","title":{"rendered":"Solo Cosse defiende a \u00d3scar Andrade por estafa en el Sunca"},"content":{"rendered":"<p>Hace algunas semanas se conoci\u00f3 que el Partido Comunista lista <strong>1001<\/strong> (PCU), us\u00f3 el Fondo de la Construcci\u00f3n del Sunca para <strong>financiar<\/strong> sus campa\u00f1as electorales de 2024, y de 2025.<\/p>\n<p>Tambi\u00e9n que el <strong>PIT<\/strong>&#8211;<strong>CNT<\/strong> us\u00f3 el dinero de los trabajadores de la construcci\u00f3n destinado a la vivienda para financiar la campa\u00f1a por el <strong>plebiscito<\/strong> contra el sistema de seguridad social, celebrado en octubre de 2024.<\/p>\n<p>El desv\u00edo de fondos, que pertenecen a los obreros, fue de <strong>1.200.000<\/strong>\u00a0<strong>d\u00f3lares<\/strong>, seg\u00fan asegur\u00f3 en rueda de prensa el <strong>fiscal<\/strong> penal Gilberto Rodr\u00edguez.<\/p>\n<p>Entre los dirigentes del Frente Amplio el silencio es atronador, salvo obviamente los propios integrantes del PCU como Juan <strong>Castillo<\/strong>, que han respaldado el il\u00edcito.<\/p>\n<p>El resto de la plana mayor del Frente Amplio se ha mantenido en silencio, salvo la vicepresidente de la Rep\u00fablica Carolina Cosse.\u00a0<\/p>\n<div class=\"inter_image image_horizontal\">\n<picture><source class=\"img-responsive\" type=\"image\/webp\" data-srcset=\"https:\/\/filesedc.com\/uploads\/image\/post\/2025\/06\/screenshot-20250627-145619_300_200.webp 300w, https:\/\/filesedc.com\/uploads\/image\/post\/2025\/06\/screenshot-20250627-145619_630_420.webp 630w, https:\/\/filesedc.com\/uploads\/image\/post\/2025\/06\/screenshot-20250627-145619_760_507.webp 760w, https:\/\/filesedc.com\/uploads\/image\/post\/2025\/06\/screenshot-20250627-145619_1200_800.webp 1200w, https:\/\/filesedc.com\/uploads\/image\/post\/2025\/06\/screenshot-20250627-145619_1600_1067.webp 1600w, \"><img decoding=\"async\" src=\"https:\/\/derechadiario.com.ar\/filesedc\/uploads\/image\/post\/2025\/06\/screenshot-20250627-145619_1200_800.webp\" class=\"img-responsive lazyload\" alt=\"Publicaci\u00f3n en redes sociales de Carolina Cosse advirtiendo sobre el cuidado en tiempos de redes sociales y la importancia de la presunci\u00f3n de inocencia, recordando que toda persona es inocente hasta que se demuestre lo contrario\" title=\"Publicaci\u00f3n en redes sociales de Carolina Cosse advirtiendo sobre el cuidado en tiempos de redes sociales y la importancia de la presunci\u00f3n de inocencia, recordando que toda persona es inocente hasta que se demuestre lo contrario\"><\/picture>\n<div>\n<span class=\"img_footer\">Posteo en X de Cosse <\/span>| <span class=\"img_author\">La Derecha Diario<\/span>\n<\/div>\n<\/div>\n<h2>La defensa de Cosse<\/h2>\n<p>Desde su cuenta personal de X (ex Twitter), la vicepresidente escribi\u00f3 el 13 de junio a favor de Andrade, realizando una <strong>defensa<\/strong> del senador del PCU.<\/p>\n<p>Lo de Cosse fue un caso \u00fanico, ya que hasta el momento ning\u00fan legislador, ni ministro, ni subsecretario, ni el presidente Yamand\u00fa Orsi han apoyado la mega <strong>estafa<\/strong>.\u00a0<\/p>\n<h2>El caso Antel Arena<\/h2>\n<p>La actual vicepresidente de la Rep\u00fablica estuvo involucrada directamente en un gigantesco esc\u00e1ndalo de <strong>corrupci\u00f3n<\/strong> en la construcci\u00f3n de Antel Arena hace unos a\u00f1os.\u00a0<\/p>\n<p>El Antel Arena, un estadio cubierto en Montevideo, ha sido objeto de controversia debido a los enormes <strong>sobrecostos<\/strong> en su construcci\u00f3n.<\/p>\n<p>Inicialmente, en 2013, se estim\u00f3 que la obra costar\u00eda 40 millones de d\u00f3lares, pero el costo final fue much\u00edsimo mayor.<\/p>\n<p>Tras una <strong>auditor\u00eda<\/strong> de 2020 realizada por Ecovis Uruguay determin\u00f3 que el costo total de la construcci\u00f3n fue de aproximadamente 118 millones de d\u00f3lares, casi tres veces el presupuesto inicial.<\/p>\n<p>Otras estimaciones, como la del Tribunal de Cuentas, lo situaron en 109,7 millones de d\u00f3lares, mientras que un informe de la Junta de Transparencia se\u00f1al\u00f3 un costo de 119,7 millones de d\u00f3lares.<\/p>\n<figure><img decoding=\"async\" src=\"https:\/\/derechadiario.com.ar\/filesedc\/uploads\/image\/post\/2025\/06\/antel-arena-drone5-6-1-4-d3706b0212_1200_800.webp\" class=\"img-responsive lazyload\" alt=\"Vista frontal del Antel Arena iluminado al atardecer con personas caminando en la explanada principal\" title=\"Vista frontal del Antel Arena iluminado al atardecer con personas caminando en la explanada principal\"><\/figure>\n<p>La <strong>auditor\u00eda<\/strong> se\u00f1al\u00f3 que los procedimientos de contrataci\u00f3n, como compras directas y por excepci\u00f3n, no contribuyeron a la <strong>transparencia<\/strong>, lo que gener\u00f3 cr\u00edticas sobre la falta de licitaciones p\u00fablicas.\u00a0<\/p>\n<p>Adem\u00e1s, se incluyeron costos adicionales por la refacci\u00f3n de un anfiteatro al aire libre, una <strong>cancha<\/strong> de baby f\u00fatbol, un jard\u00edn de infantes y equipamientos como un skate park.<\/p>\n<p>En 2021, la Junta de Transparencia present\u00f3 un informe que se adjunt\u00f3 a una denuncia penal por grav\u00edsimas <strong>irregularidades<\/strong> en la construcci\u00f3n.<\/p>\n<h2>El &#8220;fiscal compa\u00f1ero&#8221;<\/h2>\n<p>Aunque en febrero de 2024 el fiscal Alejandro <strong>Machado<\/strong> archiv\u00f3 la causa, considerando que hubo \u201cdesprolijidades\u201d y \u201cmanejo dispendioso de recursos\u201d, pero no delitos.\u00a0<\/p>\n<p>Algo realmente ins\u00f3lito, porque las <strong>pruebas<\/strong> de corrupci\u00f3n eran abrumadoras.<\/p>\n<figure><img decoding=\"async\" src=\"https:\/\/derechadiario.com.ar\/filesedc\/uploads\/image\/post\/2025\/06\/descarga-1751050426013_1200_800.webp\" class=\"img-responsive lazyload\" alt=\"Logo del Partido Comunista de Uruguay con fondo azul y las letras PCU decoradas con s\u00edmbolos y banderas\" title=\"Logo del Partido Comunista de Uruguay con fondo azul y las letras PCU decoradas con s\u00edmbolos y banderas\"><\/figure>\n<p>En marzo de 2024, el directorio de Antel pidi\u00f3 reabrir la investigaci\u00f3n, que fue derivada a la Fiscal\u00eda Penal Especializada en Delitos de Lavado de Activos, pero nuevamente se archiv\u00f3.<\/p>\n<p>La fiscal\u00eda, pese a tener pruebas clar\u00edsimas de <strong>corrupci\u00f3n<\/strong>, decidi\u00f3 no investigar.<\/p>\n<p>La ex ministro de Industria y ex presidente de Antel, Carolina Cosse, fue interpelada por el <strong>sobrecosto<\/strong>, reconociendo un incremento de hasta 82 millones de d\u00f3lares.\u00a0<\/p>\n<h2>P\u00e9rdidas millonarias<\/h2>\n<p>Entre noviembre de 2018 y el primer semestre de 2020, el Antel Arena gener\u00f3 <strong>p\u00e9rdidas<\/strong> por 3,7 millones de d\u00f3lares, seg\u00fan una auditor\u00eda, debido a gastos operativos y no operativos, como mantenimiento, servicios y deudas pendientes, incluyendo 46,3 millones de d\u00f3lares con el Banco Santander.<\/p>\n<p>El &#8220;fiscal compa\u00f1ero&#8221; salv\u00f3 a Cosse personal y pol\u00edticamente. La <strong>impunidad<\/strong> triunf\u00f3.<\/p>\n<h2>Apoyo al PCU<\/h2>\n<p>Para las elecciones internas de junio de 2024 el Partido Comunista de Castillo y Andrade postul\u00f3 a Cosse como precandidato a presidente. Finalmente Orsi gan\u00f3 la <strong>elecci\u00f3n<\/strong> interna, Cosse apenas tuvo el 36% de los votos.<\/p>\n<p>Ahora, en junio de 2025, la vicepresidente de la Rep\u00fablica no espera a que un juez se pronuncia.<\/p>\n<p>Sale p\u00fablicamente a <strong>defender<\/strong> a Andrade y de alguna manera a justificar la mega estafa perpetrada por sindicalistas del PCU valuada en 1.200.000 d\u00f3lares.<\/p>\n","protected":false},"excerpt":{"rendered":"<p>Hace algunas semanas se conoci\u00f3 que el Partido Comunista lista 1001 (PCU), us\u00f3 el Fondo de la Construcci\u00f3n del Sunca para financiar sus campa\u00f1as electorales de 2024, y de 2025. Tambi\u00e9n que el PIT&#8211;CNT us\u00f3 el dinero de los trabajadores de la construcci\u00f3n destinado a la vivienda para financiar la campa\u00f1a por el plebiscito contra [&hellip;]<\/p>\n","protected":false},"author":2,"featured_media":9211,"comment_status":"open","ping_status":"open","sticky":false,"template":"","format":"standard","meta":{"_et_pb_use_builder":"","_et_pb_old_content":"","_et_gb_content_width":"","footnotes":""},"categories":[84],"tags":[],"class_list":["post-9210","post","type-post","status-publish","format-standard","has-post-thumbnail","hentry","category-ultimomomento"],"_links":{"self":[{"href":"https:\/\/verdadincomodadiario.ar\/index.php?rest_route=\/wp\/v2\/posts\/9210","targetHints":{"allow":["GET"]}}],"collection":[{"href":"https:\/\/verdadincomodadiario.ar\/index.php?rest_route=\/wp\/v2\/posts"}],"about":[{"href":"https:\/\/verdadincomodadiario.ar\/index.php?rest_route=\/wp\/v2\/types\/post"}],"author":[{"embeddable":true,"href":"https:\/\/verdadincomodadiario.ar\/index.php?rest_route=\/wp\/v2\/users\/2"}],"replies":[{"embeddable":true,"href":"https:\/\/verdadincomodadiario.ar\/index.php?rest_route=%2Fwp%2Fv2%2Fcomments&post=9210"}],"version-history":[{"count":0,"href":"https:\/\/verdadincomodadiario.ar\/index.php?rest_route=\/wp\/v2\/posts\/9210\/revisions"}],"wp:featuredmedia":[{"embeddable":true,"href":"https:\/\/verdadincomodadiario.ar\/index.php?rest_route=\/wp\/v2\/media\/9211"}],"wp:attachment":[{"href":"https:\/\/verdadincomodadiario.ar\/index.php?rest_route=%2Fwp%2Fv2%2Fmedia&parent=9210"}],"wp:term":[{"taxonomy":"category","embeddable":true,"href":"https:\/\/verdadincomodadiario.ar\/index.php?rest_route=%2Fwp%2Fv2%2Fcategories&post=9210"},{"taxonomy":"post_tag","embeddable":true,"href":"https:\/\/verdadincomodadiario.ar\/index.php?rest_route=%2Fwp%2Fv2%2Ftags&post=9210"}],"curies":[{"name":"wp","href":"https:\/\/api.w.org\/{rel}","templated":true}]}}