{"id":9208,"date":"2025-06-27T22:26:46","date_gmt":"2025-06-27T22:26:46","guid":{"rendered":"https:\/\/verdadincomodadiario.ar\/?p=9208"},"modified":"2025-06-27T22:26:46","modified_gmt":"2025-06-27T22:26:46","slug":"la-union-europea-descarto-fraude-en-elecciones-y-desmintio-a-luisa-gonzalez","status":"publish","type":"post","link":"https:\/\/verdadincomodadiario.ar\/?p=9208","title":{"rendered":"La Uni\u00f3n Europea descart\u00f3 fraude en elecciones y desminti\u00f3 a Luisa Gonz\u00e1lez"},"content":{"rendered":"<p><b>La misi\u00f3n de observadores de la Uni\u00f3n Europea<\/b> confirm\u00f3 el 27 de junio que las elecciones presidenciales de Ecuador fueron <b>transparentes y leg\u00edtimas<\/b>. Este informe final desacredit\u00f3 las acusaciones de \u201cfraude por tinta transferible\u201d que impuls\u00f3 en solitario la excandidata Luisa Gonz\u00e1lez.\u00a0Seg\u00fan el jefe de la misi\u00f3n, Gabriel Mato, no se encontraron pruebas verificables que respalden las denuncias de Gonz\u00e1lez ni del expresidente Rafael Correa. Pese a que algunos militantes de la Revoluci\u00f3n Ciudadana se sumaron a esas teor\u00edas, la mayor\u00eda del movimiento reconoci\u00f3 la victoria de Daniel Noboa en abril pasado.<\/p>\n<p>El informe revel\u00f3 que la misi\u00f3n mantuvo una reuni\u00f3n virtual con Gonz\u00e1lez y un grupo que present\u00f3 supuestas evidencias del fraude. Sin embargo, <b><a href=\"https:\/\/derechadiario.com.ar\/ecuador\/politica\/nueva-emergencia-judicial-reavivo-temores-sobre-injerencia-politica-justicia\" title=\"La nueva emergencia judicial reaviv\u00f3 temores de interferencia pol\u00edtica en la justicia\">ninguno de los elementos mostrados<\/a> fue concluyente ni comprobable<\/b>, por lo que se ratific\u00f3 la integridad del proceso y la eficiencia del Consejo Nacional Electoral.<\/p>\n<p>Luisa Gonz\u00e1lez contin\u00faa con su discurso de irregularidades sin el apoyo expl\u00edcito de su movimiento, lo que evidencia una <b>fractura interna en el corre\u00edsmo<\/b>. La UE dej\u00f3 claro que su narrativa no solo carece de pruebas, sino que tambi\u00e9n ha sido minimizada incluso por sus aliados pol\u00edticos.<\/p>\n<p>Por otro lado, se recomend\u00f3 al Gobierno de Ecuador y a la Asamblea Nacional establecer medidas que garanticen la imparcialidad durante futuras campa\u00f1as. Entre las sugerencias se incluye limitar las funciones del Ejecutivo y declarar recesos legislativos para evitar interferencias pol\u00edticas en \u00e9poca electoral.<\/p>\n<div class=\"inter_image image_horizontal\">\n<picture><source class=\"img-responsive\" type=\"image\/webp\" data-srcset=\"https:\/\/filesedc.com\/uploads\/image\/post\/2025\/06\/screenshot-2025-06-27-at-16-20-35-luisa-gonzalez-union-europea---buscar-con-google_300_200.webp 300w, https:\/\/filesedc.com\/uploads\/image\/post\/2025\/06\/screenshot-2025-06-27-at-16-20-35-luisa-gonzalez-union-europea---buscar-con-google_630_420.webp 630w, https:\/\/filesedc.com\/uploads\/image\/post\/2025\/06\/screenshot-2025-06-27-at-16-20-35-luisa-gonzalez-union-europea---buscar-con-google_760_507.webp 760w, https:\/\/filesedc.com\/uploads\/image\/post\/2025\/06\/screenshot-2025-06-27-at-16-20-35-luisa-gonzalez-union-europea---buscar-con-google_1200_800.webp 1200w, https:\/\/filesedc.com\/uploads\/image\/post\/2025\/06\/screenshot-2025-06-27-at-16-20-35-luisa-gonzalez-union-europea---buscar-con-google_1600_1067.webp 1600w, \"><img decoding=\"async\" src=\"https:\/\/derechadiario.com.ar\/filesedc\/uploads\/image\/post\/2025\/06\/screenshot-2025-06-27-at-16-20-35-luisa-gonzalez-union-europea---buscar-con-google_1200_800.webp\" class=\"img-responsive lazyload\" alt=\"Mujer de cabello largo y oscuro con camisa blanca gesticulando con las manos mientras habla en un entorno de oficina\" title=\"Mujer de cabello largo y oscuro con camisa blanca gesticulando con las manos mientras habla en un entorno de oficina\"><\/picture>\n<div>\n<span class=\"img_footer\">Luisa Gonz\u00e1lez <\/span>| <span class=\"img_author\">La Derecha Diario<\/span>\n<\/div>\n<\/div>\n<p>La misi\u00f3n advirti\u00f3 que tanto la Presidencia como la Asamblea mantuvieron actividades institucionales que podr\u00edan haber afectado el equilibrio proselitista. No obstante, <b>no se identificaron impactos graves sobre el resultado<\/b>, que validan la elecci\u00f3n de Noboa.<\/p>\n<p>La UE tambi\u00e9n propuso revisar el uso de propaganda oficial durante la campa\u00f1a, especialmente cuando coincida con el ejercicio del cargo p\u00fablico. Esta recomendaci\u00f3n se hizo extensiva a todos los candidatos en futuras elecciones, sin apuntar exclusivamente a Noboa.<\/p>\n<p>La observaci\u00f3n internacional subraya que Ecuador atraviesa una etapa clave para fortalecer su democracia y consolidar su institucionalidad. <b>Mientras algunos sectores<a href=\"https:\/\/derechadiario.com.ar\/ecuador\/politica\/reforma-noboa-busca-eliminar-fondos-publicos-para-depurar-politica\" title=\"La reforma de Noboa busca eliminar fondos p\u00fablicos para depurar la pol\u00edtica\"> persisten en deslegitimar <\/a>el proceso, las instituciones han actuado con solvencia<\/b> frente al escrutinio internacional.<\/p>\n<p><b>Daniel Noboa se posiciona as\u00ed como un presidente electo con legitimidad respaldada<\/b> tanto dentro como fuera del pa\u00eds, mientras la candidata del socialismo del siglo XXI <b>pierde apoyo incluso entre los suyos<\/b>.<\/p>\n","protected":false},"excerpt":{"rendered":"<p>La misi\u00f3n de observadores de la Uni\u00f3n Europea confirm\u00f3 el 27 de junio que las elecciones presidenciales de Ecuador fueron transparentes y leg\u00edtimas. Este informe final desacredit\u00f3 las acusaciones de \u201cfraude por tinta transferible\u201d que impuls\u00f3 en solitario la excandidata Luisa Gonz\u00e1lez.\u00a0Seg\u00fan el jefe de la misi\u00f3n, Gabriel Mato, no se encontraron pruebas verificables que [&hellip;]<\/p>\n","protected":false},"author":2,"featured_media":9209,"comment_status":"open","ping_status":"open","sticky":false,"template":"","format":"standard","meta":{"_et_pb_use_builder":"","_et_pb_old_content":"","_et_gb_content_width":"","footnotes":""},"categories":[84],"tags":[],"class_list":["post-9208","post","type-post","status-publish","format-standard","has-post-thumbnail","hentry","category-ultimomomento"],"_links":{"self":[{"href":"https:\/\/verdadincomodadiario.ar\/index.php?rest_route=\/wp\/v2\/posts\/9208","targetHints":{"allow":["GET"]}}],"collection":[{"href":"https:\/\/verdadincomodadiario.ar\/index.php?rest_route=\/wp\/v2\/posts"}],"about":[{"href":"https:\/\/verdadincomodadiario.ar\/index.php?rest_route=\/wp\/v2\/types\/post"}],"author":[{"embeddable":true,"href":"https:\/\/verdadincomodadiario.ar\/index.php?rest_route=\/wp\/v2\/users\/2"}],"replies":[{"embeddable":true,"href":"https:\/\/verdadincomodadiario.ar\/index.php?rest_route=%2Fwp%2Fv2%2Fcomments&post=9208"}],"version-history":[{"count":0,"href":"https:\/\/verdadincomodadiario.ar\/index.php?rest_route=\/wp\/v2\/posts\/9208\/revisions"}],"wp:featuredmedia":[{"embeddable":true,"href":"https:\/\/verdadincomodadiario.ar\/index.php?rest_route=\/wp\/v2\/media\/9209"}],"wp:attachment":[{"href":"https:\/\/verdadincomodadiario.ar\/index.php?rest_route=%2Fwp%2Fv2%2Fmedia&parent=9208"}],"wp:term":[{"taxonomy":"category","embeddable":true,"href":"https:\/\/verdadincomodadiario.ar\/index.php?rest_route=%2Fwp%2Fv2%2Fcategories&post=9208"},{"taxonomy":"post_tag","embeddable":true,"href":"https:\/\/verdadincomodadiario.ar\/index.php?rest_route=%2Fwp%2Fv2%2Ftags&post=9208"}],"curies":[{"name":"wp","href":"https:\/\/api.w.org\/{rel}","templated":true}]}}