{"id":9204,"date":"2025-06-27T22:26:48","date_gmt":"2025-06-27T22:26:48","guid":{"rendered":"https:\/\/verdadincomodadiario.ar\/?p=9204"},"modified":"2025-06-27T22:26:48","modified_gmt":"2025-06-27T22:26:48","slug":"uruguay-le-da-la-espalda-a-cfk-ni-orsi-ni-el-fa-salieron-a-respaldarla","status":"publish","type":"post","link":"https:\/\/verdadincomodadiario.ar\/?p=9204","title":{"rendered":"Uruguay le da la espalda a CFK: ni Orsi ni el FA salieron a respaldarla"},"content":{"rendered":"<p><strong>La confirmaci\u00f3n de la condena penal por corrupci\u00f3n contra Cristina Fern\u00e1ndez de Kirchner<\/strong> \u2014seis a\u00f1os de prisi\u00f3n e inhabilitaci\u00f3n perpetua para ejercer cargos p\u00fablicos\u2014 no gener\u00f3 el repudio esperado por parte del progresismo latinoamericano.<\/p>\n<p>El Grupo de Puebla \u2014junto al Consejo Latinoamericano de Justicia y Democracia (CLAJUD)\u2014 denunci\u00f3 persecuci\u00f3n pol\u00edtica contra la corrupta argentina, advirtiendo sobre la afectaci\u00f3n de sus \u00abderechos pol\u00edticos\u00bb y llam\u00f3 a la comunidad internacional a pronunciarse. <strong>Sin embargo, el respaldo no fue un\u00e1nime.<\/strong> Una vez m\u00e1s, qued\u00f3 en evidencia la grave fractura que existe entre los l\u00edderes de la izquierda regional.<\/p>\n<p><strong>Orsi nunca lee nada, nunca sabe nada.<\/strong> En Uruguay, el presidente Yamand\u00fa Orsi fue consultado acerca de si compart\u00eda la declaraci\u00f3n del Grupo de Puebla. Sin embargo, a pesar de ser miembro fundador del foro progresista, respondi\u00f3 con total despreocupaci\u00f3n: \u201cNo le\u00ed nada, no tengo idea\u201d.<\/p>\n<p>Dej\u00f3 clara su posici\u00f3n: \u201cno corresponde opinar sobre decisiones judiciales de otros pa\u00edses\u201d. Esto se reflej\u00f3 en la ausencia de un comunicado formal que respaldara a la condenada por corrupci\u00f3n por parte del Frente Amplio.<\/p>\n<div class=\"inter_image image_horizontal\">\n<picture><source class=\"img-responsive\" type=\"image\/webp\" data-srcset=\"https:\/\/filesedc.com\/uploads\/image\/post\/2025\/06\/img-20250627-wa0037_300_200.webp 300w, https:\/\/filesedc.com\/uploads\/image\/post\/2025\/06\/img-20250627-wa0037_630_420.webp 630w, https:\/\/filesedc.com\/uploads\/image\/post\/2025\/06\/img-20250627-wa0037_760_507.webp 760w, https:\/\/filesedc.com\/uploads\/image\/post\/2025\/06\/img-20250627-wa0037_1200_800.webp 1200w, https:\/\/filesedc.com\/uploads\/image\/post\/2025\/06\/img-20250627-wa0037_1600_1067.webp 1600w, \"><img decoding=\"async\" src=\"https:\/\/derechadiario.com.ar\/filesedc\/uploads\/image\/post\/2025\/06\/img-20250627-wa0037_1200_800.webp\" class=\"img-responsive lazyload\" alt=\"Dos hombres sonrientes se saludan estrechando las manos en un ambiente interior iluminado\" title=\"Dos hombres sonrientes se saludan estrechando las manos en un ambiente interior iluminado\"><\/picture>\n<div>\n<span class=\"img_footer\">Orsi y Wado de Pedro. <\/span>| <span class=\"img_author\">Redacci\u00f3n<\/span>\n<\/div>\n<\/div>\n<p>Sin embargo, el Partido Comunista del Uruguay (PCU) s\u00ed lo hizo. Emiti\u00f3 su propio comunicado acusando directamente al sistema judicial argentino de practicar lawfare. Para el PCU, la condena a Cristina Fern\u00e1ndez \u201cno tiene base jur\u00eddica\u201d y forma parte de una campa\u00f1a sistem\u00e1tica para \u201celiminar pol\u00edticamente a l\u00edderes populares en Am\u00e9rica Latina\u201d.<\/p>\n<p><strong>El fracaso de Wado<\/strong><\/p>\n<p>La falta de respaldo del Frente Amplio y de Yamand\u00fa Orsi gener\u00f3 molestia en el kirchnerismo, que ten\u00eda puestas sus fichas en la gesti\u00f3n de Wado de Pedro, exministro del Interior y principal articulador del progresismo rioplatense.<\/p>\n<p>Estuvo con el exterrorista Jos\u00e9 Mujica y lament\u00f3 p\u00fablicamente su muerte. Se sac\u00f3 fotos con dirigentes del Frente Amplio y celebr\u00f3 presencialmente la asunci\u00f3n del nuevo gobierno frenteamplista. Pero ahora, cuando la izquierda argentina m\u00e1s necesitaba respaldo, <strong>fracas\u00f3 estrepitosamente<\/strong>.<\/p>\n<p><strong>No logr\u00f3 que el presidente uruguayo se pronunciara<\/strong>, ni que el Frente Amplio emitiera una posici\u00f3n institucional clara. \u201cFue nuestro enviado permanente a Uruguay, pero ahora ni un comunicado consigue\u201d, se quejan en el entorno peronista. La operaci\u00f3n diplom\u00e1tica de Wado qued\u00f3 en evidencia: <strong>no pudo ni siquiera garantizar una reacci\u00f3n m\u00ednima<\/strong>.<\/p>\n<p>Quiz\u00e1s tambi\u00e9n te interese <a href=\"https:\/\/derechadiario.com.ar\/uruguay\/politica\/mujica-delato-sus-companeros-y-colaboro-con-los-militares-1972\">este perfil hist\u00f3rico sobre la participaci\u00f3n de figuras pol\u00e9micas en \u00e9pocas pasadas<\/a>.<\/p>\n<p><strong>El progresismo est\u00e1 debilitado<\/strong><\/p>\n<p>La fragmentaci\u00f3n que existe entre la izquierda latinoamericana es el principal obst\u00e1culo para la estrategia kirchnerista. Lula da Silva, Gustavo Petro y Claudia Sheinbaum salieron a respaldar a Cristina Fern\u00e1ndez. Gabriel Boric y Yamand\u00fa Orsi no lo hicieron.<\/p>\n<figure><img decoding=\"async\" src=\"https:\/\/derechadiario.com.ar\/filesedc\/uploads\/image\/post\/2025\/06\/img-20250627-wa0038_1200_800.webp\" class=\"img-responsive lazyload\" alt=\"Dos personas posan en una oficina elegante con banderas de Uruguay y Argentina al fondo\" title=\"Dos personas posan en una oficina elegante con banderas de Uruguay y Argentina al fondo\"><\/figure>\n<p>El kirchnerismo intenta instalar el caso en organismos como la Comisi\u00f3n Interamericana de Derechos Humanos y organiza comit\u00e9s de solidaridad con apoyo de partidos como el PT brasile\u00f1o o Morena en M\u00e9xico.<\/p>\n<p>\u201cPara que la presi\u00f3n internacional tenga efecto, necesitamos una mirada com\u00fan en el progresismo latinoamericano\u201d, se\u00f1al\u00f3 uno de los abogados de la corrupta argentina.<\/p>\n<p><strong>El kirchnerismo ejerce presi\u00f3n<\/strong><\/p>\n<p>En las \u00faltimas horas, legisladores del Frente Amplio en el Parlamento del Mercosur (Parlasur) presentaron dos proyectos de declaraci\u00f3n de repudio contra la condena de Cristina Fern\u00e1ndez de Kirchner.<\/p>\n<p>El primero, firmado por parlamentarios de distintas nacionalidades \u2014incluidos los uruguayos Bettiana D\u00edaz y Nicol\u00e1s Viera, ambos del Movimiento de Participaci\u00f3n Popular (MPP)\u2014 expresa un enf\u00e1tico \u201crepudio\u201d a la sentencia. En el texto se cuestiona la celeridad at\u00edpica con la que se dict\u00f3 el fallo, en un contexto preelectoral y sin pruebas concluyentes, lo que \u2014afirman\u2014 implica la exclusi\u00f3n de la principal figura opositora del proceso democr\u00e1tico en Argentina. El documento denuncia el uso del poder judicial como herramienta de persecuci\u00f3n pol\u00edtica, se\u00f1alando un caso de lawfare.<\/p>\n<p>El segundo proyecto, presentado tambi\u00e9n por Bettiana D\u00edaz, manifiesta la \u00abpreocupaci\u00f3n institucional\u00bb del Parlasur ante un informe t\u00e9cnico realizado por una misi\u00f3n internacional de expertos en derechos humanos sobre las condiciones del arresto domiciliario de la corrupta. En particular, el informe \u2014elaborado por el jurista brasile\u00f1o Raphael Vasconcelos\u2014 cuestiona la obligaci\u00f3n impuesta a CFK de portar una tobillera electr\u00f3nica.<\/p>\n<p>Quiz\u00e1s tambi\u00e9n te interese <a href=\"https:\/\/derechadiario.com.ar\/uruguay\/opinion\/asi-luce-socialdemocracia\">este an\u00e1lisis de estilos arquitect\u00f3nicos y urban\u00edsticos recientes<\/a>.<\/p>\n<p>A pesar de que la condenada por corrupci\u00f3n se encuentra c\u00f3modamente en su casa, califican la medida como \u00abinnecesaria, inadecuada y desproporcionada\u00bb y que podr\u00eda constituir una forma de \u00abtortura psicol\u00f3gica\u00bb.<\/p>\n<p><strong>La izquierda argentina se hunde<\/strong> y lanza incoherentes manotazos de ahogado, presionando a Uruguay y a toda la regi\u00f3n para que una corrupta encuentre un resquicio desde el cual volver a hundir a toda una naci\u00f3n en la miseria.<\/p>\n","protected":false},"excerpt":{"rendered":"<p>La confirmaci\u00f3n de la condena penal por corrupci\u00f3n contra Cristina Fern\u00e1ndez de Kirchner \u2014seis a\u00f1os de prisi\u00f3n e inhabilitaci\u00f3n perpetua para ejercer cargos p\u00fablicos\u2014 no gener\u00f3 el repudio esperado por parte del progresismo latinoamericano. El Grupo de Puebla \u2014junto al Consejo Latinoamericano de Justicia y Democracia (CLAJUD)\u2014 denunci\u00f3 persecuci\u00f3n pol\u00edtica contra la corrupta argentina, advirtiendo [&hellip;]<\/p>\n","protected":false},"author":2,"featured_media":9205,"comment_status":"open","ping_status":"open","sticky":false,"template":"","format":"standard","meta":{"_et_pb_use_builder":"","_et_pb_old_content":"","_et_gb_content_width":"","footnotes":""},"categories":[84],"tags":[],"class_list":["post-9204","post","type-post","status-publish","format-standard","has-post-thumbnail","hentry","category-ultimomomento"],"_links":{"self":[{"href":"https:\/\/verdadincomodadiario.ar\/index.php?rest_route=\/wp\/v2\/posts\/9204","targetHints":{"allow":["GET"]}}],"collection":[{"href":"https:\/\/verdadincomodadiario.ar\/index.php?rest_route=\/wp\/v2\/posts"}],"about":[{"href":"https:\/\/verdadincomodadiario.ar\/index.php?rest_route=\/wp\/v2\/types\/post"}],"author":[{"embeddable":true,"href":"https:\/\/verdadincomodadiario.ar\/index.php?rest_route=\/wp\/v2\/users\/2"}],"replies":[{"embeddable":true,"href":"https:\/\/verdadincomodadiario.ar\/index.php?rest_route=%2Fwp%2Fv2%2Fcomments&post=9204"}],"version-history":[{"count":0,"href":"https:\/\/verdadincomodadiario.ar\/index.php?rest_route=\/wp\/v2\/posts\/9204\/revisions"}],"wp:featuredmedia":[{"embeddable":true,"href":"https:\/\/verdadincomodadiario.ar\/index.php?rest_route=\/wp\/v2\/media\/9205"}],"wp:attachment":[{"href":"https:\/\/verdadincomodadiario.ar\/index.php?rest_route=%2Fwp%2Fv2%2Fmedia&parent=9204"}],"wp:term":[{"taxonomy":"category","embeddable":true,"href":"https:\/\/verdadincomodadiario.ar\/index.php?rest_route=%2Fwp%2Fv2%2Fcategories&post=9204"},{"taxonomy":"post_tag","embeddable":true,"href":"https:\/\/verdadincomodadiario.ar\/index.php?rest_route=%2Fwp%2Fv2%2Ftags&post=9204"}],"curies":[{"name":"wp","href":"https:\/\/api.w.org\/{rel}","templated":true}]}}