{"id":9142,"date":"2025-06-27T17:25:24","date_gmt":"2025-06-27T17:25:24","guid":{"rendered":"https:\/\/verdadincomodadiario.ar\/?p=9142"},"modified":"2025-06-27T17:25:24","modified_gmt":"2025-06-27T17:25:24","slug":"la-corte-de-eeuu-permite-que-los-padres-saquen-a-sus-hijos-de-clases-con-libros-lgbt","status":"publish","type":"post","link":"https:\/\/verdadincomodadiario.ar\/?p=9142","title":{"rendered":"La Corte de EEUU permite que los padres saquen a sus hijos de clases con libros LGBT"},"content":{"rendered":"<p>La <a href=\"https:\/\/derechadiario.com.ar\/internacionales\/corte-suprema-respalda-trump-y-le-da-deportar-masivamente-ilegales\" target=\"_blank\" title=\"La Corte Suprema respalda a Trump y le da el poder de deportar masivamente a ilegales\">Corte Suprema de Estados Unidos<\/a> fall\u00f3 este viernes <strong>a favor<\/strong> de un grupo de padres en Maryland que hab\u00edan desafiado la decisi\u00f3n de su distrito escolar de <strong>no permitirles<\/strong> sacar a sus hijos\u00a0de clases que inclu\u00edan <strong>cuentos infantiles sobre temas LGBT<\/strong>.<\/p>\n<p>En un fallo 6 a 3 en el caso Mahmoud contra Taylor, el tribunal determin\u00f3 que obligar a los menores a participar en este tipo de clases viola el derecho de los padres a ejercer su libertad religiosa. El juez <strong>Samuel Alito<\/strong> redact\u00f3 la opini\u00f3n mayoritaria, respaldada por los otros cinco magistrados, mientras que las juezas progresistas\u00a0<strong>Sonia Sotomayor<\/strong>, <strong>Elena Kagan<\/strong> y <strong>Ketanji Brown Jackson<\/strong> votaron en disidencia.<\/p>\n<p>Seg\u00fan el fallo, los padres tienen derecho a una medida cautelar mientras el litigio principal contin\u00faa su curso legal. En consecuencia, el m\u00e1ximo tribunal orden\u00f3 al distrito escolar que informe previamente a las familias cu\u00e1ndo se utilizar\u00e1n estos libros en clase y que les brinde la opci\u00f3n de que sus hijos <strong>no participen<\/strong> en ellas.<\/p>\n<div class=\"inter_image image_horizontal\">\n<picture><source class=\"img-responsive\" type=\"image\/webp\" data-srcset=\"https:\/\/filesedc.com\/uploads\/image\/post\/2025\/06\/83210437007-afp-2210854553_300_200.webp 300w, https:\/\/filesedc.com\/uploads\/image\/post\/2025\/06\/83210437007-afp-2210854553_630_420.webp 630w, https:\/\/filesedc.com\/uploads\/image\/post\/2025\/06\/83210437007-afp-2210854553_760_507.webp 760w, https:\/\/filesedc.com\/uploads\/image\/post\/2025\/06\/83210437007-afp-2210854553_1200_800.webp 1200w, https:\/\/filesedc.com\/uploads\/image\/post\/2025\/06\/83210437007-afp-2210854553_1600_1067.webp 1600w, \"><img decoding=\"async\" src=\"https:\/\/derechadiario.com.ar\/filesedc\/uploads\/image\/post\/2025\/06\/83210437007-afp-2210854553_1200_800.webp\" class=\"img-responsive lazyload\" alt=\"Una mujer y tres ni\u00f1as sostienen carteles que dicen Let Parents Parent y Let Kids be Kids durante una manifestaci\u00f3n al aire libre en un d\u00eda soleado\" title=\"Una mujer y tres ni\u00f1as sostienen carteles que dicen Let Parents Parent y Let Kids be Kids durante una manifestaci\u00f3n al aire libre en un d\u00eda soleado\"><\/picture>\n<div>\n<span class=\"img_footer\">Manifestantes a favor de sacar a los hijos de clases en donde se lean libros LGBT. <\/span>| <span class=\"img_author\">La Derecha Diario<\/span>\n<\/div>\n<\/div>\n<p>\u201c<strong>Sostenemos que la introducci\u00f3n por parte de la Junta de los libros de cuentos &#8216;inclusivos LGBTQ+&#8217;, combinada con su decisi\u00f3n de no notificar a los padres y prohibir las exclusiones voluntarias, interfiere sustancialmente con el desarrollo religioso de sus hijos e impone el tipo de carga sobre el ejercicio religioso<\/strong>\u201d, escribi\u00f3 Alito en la opini\u00f3n del tribunal.<\/p>\n<p>M\u00e1s adelante, el juez agreg\u00f3: \u201c<strong>Rechazamos esta visi\u00f3n escalofriante del poder del Estado para despojar a los padres del derecho fundamental de guiar el desarrollo religioso de sus hijos<\/strong>\u201d.<\/p>\n<aside class=\"whatsappChannelText\"><a href=\"https:\/\/whatsapp.com\/channel\/0029VagEjILGE56eKjedWF2U\" rel=\"nofollow\" title=\"WhatsApp Link\"><img alt=\"Logo de WhatsApp\" class=\"lazyload\" data-src=\"https:\/\/derechadiario.com.ar\/filesedc\/uploads\/other\/whatsapp_icon_mid_article.png\" width=\"32\" height=\"32\"><\/a> <a href=\"https:\/\/whatsapp.com\/channel\/0029VagEjILGE56eKjedWF2U\" rel=\"nofollow\" title=\"WhatsApp Link\"><strong>NO SE PIERDAN NINGUNA NOTICIA<\/strong>: Click aqu\u00ed para sumarte <strong>GRATIS<\/strong> al canal de noticias de <strong>La Derecha Diario en WhatsApp.<\/strong><\/a><\/aside>\n<p>Entre los libros en cuesti\u00f3n se encuentran &#8220;La boda del t\u00edo Bobby&#8221;, que narra c\u00f3mo una ni\u00f1a se entera del casamiento entre su t\u00edo y otro hombre, y &#8220;Born Ready: The True Story of a Boy Named Penelope&#8221;, que relata la historia de un &#8220;ni\u00f1o transexual&#8221;.<\/p>\n<figure><img decoding=\"async\" src=\"https:\/\/derechadiario.com.ar\/filesedc\/uploads\/image\/post\/2025\/06\/84f119c101d6d070d9907e0c00bb6a5c_1200_800.webp\" class=\"img-responsive lazyload\" alt=\"Un grupo de personas sostiene carteles con mensajes como Let Parents Parent, Let Kids be Kids y Restore the Opt-Out mientras un hombre habla en un podio durante una manifestaci\u00f3n al aire libre.\" title=\"Un grupo de personas sostiene carteles con mensajes como Let Parents Parent, Let Kids be Kids y Restore the Opt-Out mientras un hombre habla en un podio durante una manifestaci\u00f3n al aire libre.\"><\/figure>\n<p>El sistema de Escuelas P\u00fablicas del Condado de Montgomery, el m\u00e1s grande de todo Maryland,\u00a0incorpor\u00f3 estos t\u00edtulos con el objetivo de reflejar una supuesta &#8220;mayor diversidad&#8221; en las lecturas escolares.<\/p>\n<p>Sin embargo, en 2023, la junta decidi\u00f3 <strong>eliminar la posibilidad de que los padres optaran por sacar a sus hijos de estas clases<\/strong>, argumentando que dicha pr\u00e1ctica generaba interrupciones en el aula y pod\u00eda contribuir al &#8220;estigma y aislamiento de estudiantes LGBTQ&#8221;.<\/p>\n","protected":false},"excerpt":{"rendered":"<p>La Corte Suprema de Estados Unidos fall\u00f3 este viernes a favor de un grupo de padres en Maryland que hab\u00edan desafiado la decisi\u00f3n de su distrito escolar de no permitirles sacar a sus hijos\u00a0de clases que inclu\u00edan cuentos infantiles sobre temas LGBT. En un fallo 6 a 3 en el caso Mahmoud contra Taylor, el [&hellip;]<\/p>\n","protected":false},"author":2,"featured_media":9143,"comment_status":"open","ping_status":"open","sticky":false,"template":"","format":"standard","meta":{"_et_pb_use_builder":"","_et_pb_old_content":"","_et_gb_content_width":"","footnotes":""},"categories":[187,79,650],"tags":[],"class_list":["post-9142","post","type-post","status-publish","format-standard","has-post-thumbnail","hentry","category-corte","category-internacionales","category-permite"],"_links":{"self":[{"href":"https:\/\/verdadincomodadiario.ar\/index.php?rest_route=\/wp\/v2\/posts\/9142","targetHints":{"allow":["GET"]}}],"collection":[{"href":"https:\/\/verdadincomodadiario.ar\/index.php?rest_route=\/wp\/v2\/posts"}],"about":[{"href":"https:\/\/verdadincomodadiario.ar\/index.php?rest_route=\/wp\/v2\/types\/post"}],"author":[{"embeddable":true,"href":"https:\/\/verdadincomodadiario.ar\/index.php?rest_route=\/wp\/v2\/users\/2"}],"replies":[{"embeddable":true,"href":"https:\/\/verdadincomodadiario.ar\/index.php?rest_route=%2Fwp%2Fv2%2Fcomments&post=9142"}],"version-history":[{"count":0,"href":"https:\/\/verdadincomodadiario.ar\/index.php?rest_route=\/wp\/v2\/posts\/9142\/revisions"}],"wp:featuredmedia":[{"embeddable":true,"href":"https:\/\/verdadincomodadiario.ar\/index.php?rest_route=\/wp\/v2\/media\/9143"}],"wp:attachment":[{"href":"https:\/\/verdadincomodadiario.ar\/index.php?rest_route=%2Fwp%2Fv2%2Fmedia&parent=9142"}],"wp:term":[{"taxonomy":"category","embeddable":true,"href":"https:\/\/verdadincomodadiario.ar\/index.php?rest_route=%2Fwp%2Fv2%2Fcategories&post=9142"},{"taxonomy":"post_tag","embeddable":true,"href":"https:\/\/verdadincomodadiario.ar\/index.php?rest_route=%2Fwp%2Fv2%2Ftags&post=9142"}],"curies":[{"name":"wp","href":"https:\/\/api.w.org\/{rel}","templated":true}]}}