{"id":9134,"date":"2025-06-27T14:29:16","date_gmt":"2025-06-27T14:29:16","guid":{"rendered":"https:\/\/verdadincomodadiario.ar\/?p=9134"},"modified":"2025-06-27T14:29:16","modified_gmt":"2025-06-27T14:29:16","slug":"xiaomi-ai-glasses-los-nuevos-anteojos-con-ia-que-buscan-reemplazar-al-celular","status":"publish","type":"post","link":"https:\/\/verdadincomodadiario.ar\/?p=9134","title":{"rendered":"Xiaomi AI Glasses: los nuevos anteojos con IA que buscan reemplazar al celular"},"content":{"rendered":"<p><strong>Xiaomi<\/strong> dio a conocer sus nuevos \u00a0<strong><a href=\"https:\/\/derechadiario.com.ar\/sociedad\/meta-presenta-sus-nuevos-anteojos-deportivos-con-oakley-como-son-y-cuanto-cuestan\" title=\"Meta presenta sus nuevos anteojos deportivos con Oakley: c\u00f3mo son y cu\u00e1nto cuestan\">anteojos\u00a0de realidad aumentada<\/a><\/strong> con <a href=\"https:\/\/derechadiario.com.ar\/sociedad\/como-funcionan-los-auriculares-que-traducen-135-idiomas-tiempo-real-con-ia\" title=\"C\u00f3mo funcionan los auriculares que traducen 135 idiomas en tiempo real con IA\"><strong>inteligencia artificial<\/strong><\/a>, un desarrollo que podr\u00eda marcar un antes y un despu\u00e9s en la forma en que usamos la tecnolog\u00eda.<\/p>\n<p>Este nuevo dispositivo, basado en su sistema <em>HyperOS<\/em>, se mostr\u00f3 durante el evento Human x Car x Home, como parte de los festejos por el 15\u00ba aniversario de la marca.<\/p>\n<div class=\"inter_image image_horizontal\">\n<picture><source class=\"img-responsive\" type=\"image\/webp\" data-srcset=\"https:\/\/filesedc.com\/uploads\/image\/post\/2025\/06\/ai-glasses-xiaomi_300_200.webp 300w, https:\/\/filesedc.com\/uploads\/image\/post\/2025\/06\/ai-glasses-xiaomi_630_420.webp 630w, https:\/\/filesedc.com\/uploads\/image\/post\/2025\/06\/ai-glasses-xiaomi_760_507.webp 760w, https:\/\/filesedc.com\/uploads\/image\/post\/2025\/06\/ai-glasses-xiaomi_1200_800.webp 1200w, https:\/\/filesedc.com\/uploads\/image\/post\/2025\/06\/ai-glasses-xiaomi_1600_1067.webp 1600w, \"><img decoding=\"async\" src=\"https:\/\/derechadiario.com.ar\/filesedc\/uploads\/image\/post\/2025\/06\/ai-glasses-xiaomi_1200_800.webp\" class=\"img-responsive lazyload\" alt=\"Un hombre de pie presenta unas gafas inteligentes con componentes electr\u00f3nicos visibles en una pantalla grande detr\u00e1s de \u00e9l\" title=\"Un hombre de pie presenta unas gafas inteligentes con componentes electr\u00f3nicos visibles en una pantalla grande detr\u00e1s de \u00e9l\"><\/picture>\n<div>\n<span class=\"img_footer\">Xiaomi dio a conocer sus nuevos anteojos de realidad aumentada <\/span>| <span class=\"img_author\">La Derecha Diario<\/span>\n<\/div>\n<\/div>\n<h2><strong>\u00bfQu\u00e9 tienen de distinto?<\/strong><\/h2>\n<p>Las <strong>Xiaomi AI Glasses<\/strong> llegan con un enfoque renovado: integrar funciones de <strong>IA<\/strong> en un formato liviano y c\u00f3modo. A diferencia de modelos anteriores, estas gafas no solo muestran notificaciones, sino que <strong>interact\u00faan con el entorno<\/strong>.<\/p>\n<p>Pesan apenas <strong>40 gramos<\/strong> y vienen en una versi\u00f3n con varillas transparentes que dejan ver los componentes internos, como procesadores, c\u00e1maras y bater\u00edas.<\/p>\n<h2><strong>C\u00e1maras, grabaci\u00f3n y videollamadas en primera persona<\/strong><\/h2>\n<p>Uno de los grandes atractivos es su <strong>c\u00e1mara de 12 MP<\/strong> con sensor IMX681, apertura f\/2.2 y <strong>estabilizaci\u00f3n de imagen<\/strong>. Graba video en 2K a 30 fps y permite hacer <strong>videollamadas y transmisiones en vivo<\/strong>.<\/p>\n<figure><img decoding=\"async\" src=\"https:\/\/derechadiario.com.ar\/filesedc\/uploads\/image\/post\/2025\/06\/anteojos-xiaomi-ai-glasses_1200_800.webp\" class=\"img-responsive lazyload\" alt=\"Persona usando unas gafas inteligentes con un peque\u00f1o indicador luminoso encendido en la montura\" title=\"Persona usando unas gafas inteligentes con un peque\u00f1o indicador luminoso encendido en la montura\"><\/figure>\n<p>Las gafas permiten registrar lo que el usuario ve, de forma manos libres, y acceder a funciones como <strong>fotograf\u00edas por comando de voz<\/strong> o grabaci\u00f3n en tiempo real.<\/p>\n<h2><strong>Traducci\u00f3n, pagos y mucho m\u00e1s desde el lente<\/strong><\/h2>\n<p>Las gafas pueden <strong>traducir textos en tiempo real<\/strong>, incluso en carteles o libros. Tambi\u00e9n es posible realizar pagos escaneando <strong>c\u00f3digos QR<\/strong> en los comercios, sin necesidad de usar el celular.<\/p>\n<aside class=\"whatsappChannelText\"><a href=\"https:\/\/whatsapp.com\/channel\/0029VagEjILGE56eKjedWF2U\" rel=\"nofollow\" title=\"WhatsApp Link\"><img alt=\"Logo de WhatsApp\" class=\"lazyload\" data-src=\"https:\/\/derechadiario.com.ar\/filesedc\/uploads\/other\/whatsapp_icon_mid_article.png\" width=\"32\" height=\"32\"><\/a> <a href=\"https:\/\/whatsapp.com\/channel\/0029VagEjILGE56eKjedWF2U\" rel=\"nofollow\" title=\"WhatsApp Link\"><strong>NO SE PIERDAN NINGUNA NOTICIA<\/strong>: Click aqu\u00ed para sumarte <strong>GRATIS<\/strong> al canal de noticias de <strong>La Derecha Diario en WhatsApp.<\/strong><\/a><\/aside>\n<figure><img decoding=\"async\" src=\"https:\/\/derechadiario.com.ar\/filesedc\/uploads\/image\/post\/2025\/06\/xiaomi-ai-glasses_1200_800.webp\" class=\"img-responsive lazyload\" alt=\"Gafas inteligentes Xiaomi AI Glasses en vista lateral con logotipo visible y texto en chino en la parte inferior derecha\" title=\"Gafas inteligentes Xiaomi AI Glasses en vista lateral con logotipo visible y texto en chino en la parte inferior derecha\"><\/figure>\n<p>Adem\u00e1s, integran <strong>altavoces<\/strong> que permiten escuchar m\u00fasica, hacer llamadas o recibir respuestas del asistente de inteligencia artificial incorporado.<\/p>\n<h2><strong>Duraci\u00f3n de bater\u00eda y precio<\/strong><\/h2>\n<p>Seg\u00fan la marca, las <strong>Xiaomi AI Glasses<\/strong> ofrecen una autonom\u00eda de hasta <strong>8,6 horas<\/strong> con una sola carga. En China, el modelo de entrada sale <strong>1999 yuanes<\/strong>.<\/p>\n<p>Por el momento, <strong>no hay confirmaci\u00f3n oficial<\/strong> sobre su llegada a la Argentina ni a otros mercados de habla hispana.<\/p>\n","protected":false},"excerpt":{"rendered":"<p>Xiaomi dio a conocer sus nuevos \u00a0anteojos\u00a0de realidad aumentada con inteligencia artificial, un desarrollo que podr\u00eda marcar un antes y un despu\u00e9s en la forma en que usamos la tecnolog\u00eda. Este nuevo dispositivo, basado en su sistema HyperOS, se mostr\u00f3 durante el evento Human x Car x Home, como parte de los festejos por el [&hellip;]<\/p>\n","protected":false},"author":2,"featured_media":9135,"comment_status":"open","ping_status":"open","sticky":false,"template":"","format":"standard","meta":{"_et_pb_use_builder":"","_et_pb_old_content":"","_et_gb_content_width":"","footnotes":""},"categories":[84],"tags":[],"class_list":["post-9134","post","type-post","status-publish","format-standard","has-post-thumbnail","hentry","category-ultimomomento"],"_links":{"self":[{"href":"https:\/\/verdadincomodadiario.ar\/index.php?rest_route=\/wp\/v2\/posts\/9134","targetHints":{"allow":["GET"]}}],"collection":[{"href":"https:\/\/verdadincomodadiario.ar\/index.php?rest_route=\/wp\/v2\/posts"}],"about":[{"href":"https:\/\/verdadincomodadiario.ar\/index.php?rest_route=\/wp\/v2\/types\/post"}],"author":[{"embeddable":true,"href":"https:\/\/verdadincomodadiario.ar\/index.php?rest_route=\/wp\/v2\/users\/2"}],"replies":[{"embeddable":true,"href":"https:\/\/verdadincomodadiario.ar\/index.php?rest_route=%2Fwp%2Fv2%2Fcomments&post=9134"}],"version-history":[{"count":0,"href":"https:\/\/verdadincomodadiario.ar\/index.php?rest_route=\/wp\/v2\/posts\/9134\/revisions"}],"wp:featuredmedia":[{"embeddable":true,"href":"https:\/\/verdadincomodadiario.ar\/index.php?rest_route=\/wp\/v2\/media\/9135"}],"wp:attachment":[{"href":"https:\/\/verdadincomodadiario.ar\/index.php?rest_route=%2Fwp%2Fv2%2Fmedia&parent=9134"}],"wp:term":[{"taxonomy":"category","embeddable":true,"href":"https:\/\/verdadincomodadiario.ar\/index.php?rest_route=%2Fwp%2Fv2%2Fcategories&post=9134"},{"taxonomy":"post_tag","embeddable":true,"href":"https:\/\/verdadincomodadiario.ar\/index.php?rest_route=%2Fwp%2Fv2%2Ftags&post=9134"}],"curies":[{"name":"wp","href":"https:\/\/api.w.org\/{rel}","templated":true}]}}