{"id":913,"date":"2025-03-30T05:22:58","date_gmt":"2025-03-30T05:22:58","guid":{"rendered":"https:\/\/www.verdadincomodadiario.ar\/?p=913"},"modified":"2025-03-30T05:22:58","modified_gmt":"2025-03-30T05:22:58","slug":"intentaron-asesinar-a-putin-exploto-su-limusina-presidencial","status":"publish","type":"post","link":"https:\/\/verdadincomodadiario.ar\/?p=913","title":{"rendered":"Intentaron asesinar a Putin: Explot\u00f3 su limusina presidencial"},"content":{"rendered":"<p>Un autom\u00f3vil de lujo <strong>Aurus Senat<\/strong>, parte de la flota oficial de <a href=\"https:\/\/derechadiario.com.ar\/internacionales\/donald-trump-y-putin-hablaron-por-telefono-y-avanzaron-hacia-paz-ucrania\" title=\"Donald Trump y Putin hablaron por tel\u00e9fono y avanzaron hacia la paz en Ucrania\">Vladimir Putin<\/a>, fue el epicentro\u00a0en una gran explosi\u00f3n <strong>en una calle al norte de la sede de los servicios secretos rusos<\/strong>, el FSB, <strong>en Lubyanka, Mosc\u00fa.<\/strong><\/p>\n<p>El incidente ocurri\u00f3 en la calle Sretenka, donde el fuego, que <strong>comenz\u00f3 en el motor del veh\u00edculo de 275,000 libras esterlinas<\/strong>, se extendi\u00f3 r\u00e1pidamente al interior del autom\u00f3vil.<\/p>\n<p>Testigos presenciales, incluidos trabajadores de restaurantes y bares cercanos, <strong>intentaron ayudar antes de que los servicios de emergencia llegaran<\/strong> al lugar.<\/p>\n<p>La impresionante explosi\u00f3n dej\u00f3 una columna de humo negro saliendo del veh\u00edculo destruido, mientras las llamas continuaban ardiendo. Un \u00e1ngulo adicional de la filmaci\u00f3n mostr\u00f3 que <strong>la parte trasera del veh\u00edculo tambi\u00e9n hab\u00eda sufrido da\u00f1os.<\/strong><\/p>\n<div class=\"inter_image image_horizontal\">\n<picture><source class=\"img-responsive\" type=\"image\/webp\" data-srcset=\"\/filesedc\/uploads\/image\/post\/2018-inauguration-of-vladimir-putin-26_300_200.webp 300w, \n\/filesedc\/uploads\/image\/post\/2018-inauguration-of-vladimir-putin-26_630_420.webp 630w,\n                                \/filesedc\/uploads\/image\/post\/2018-inauguration-of-vladimir-putin-26_760_507.webp 760w,\n                                \/filesedc\/uploads\/image\/post\/2018-inauguration-of-vladimir-putin-26_1200_800.webp 1200w,\n                                \/filesedc\/uploads\/image\/post\/2018-inauguration-of-vladimir-putin-26_1600_1067.webp 1600w\"><img decoding=\"async\" src=\"https:\/\/derechadiario.com.ar\/filesedc\/uploads\/image\/post\/2018-inauguration-of-vladimir-putin-26_1200_800.webp\" class=\"img-responsive lazyload\" alt=\"Un autom\u00f3vil de lujo negro con una bandera en el cap\u00f3 avanza por una calle, escoltado por guardias a caballo con uniformes ceremoniales y \u00e1rboles verdes de fondo.\" title=\"Un autom\u00f3vil de lujo negro con una bandera en el cap\u00f3 avanza por una calle, escoltado por guardias a caballo con uniformes ceremoniales y \u00e1rboles verdes de fondo.\"><\/picture>\n<div>\n<span class=\"img_footer\">El veh\u00edculo se trata de un Aurus Senat que Putin suele utilizar con frecuencia  <\/span>| <span class=\"img_author\">La Derecha Diario<\/span>\n<\/div>\n<\/div>\n<p>El autom\u00f3vil, que\u00a0<strong>pertenece al Departamento de Propiedad Presidencial de Putin<\/strong>, fue utilizado en circunstancias que no fueron reveladas, y <strong>no se especific\u00f3 qu\u00e9 pudo haber causado el incendio<\/strong> repentino.<\/p>\n<p>Afortunadamente, <strong>las personas dentro del autom\u00f3vil no resultaron heridas en el incidente<\/strong>. El modelo Aurus Senat <strong>es utilizado con frecuencia por Putin<\/strong>, quien incluso ha regalado limusinas de esta marca a figuras extranjeras como el dictador norcoreano <a href=\"https:\/\/derechadiario.com.ar\/politica\/kim-jong-ejecuto-30-funcionarios-publicos-por-su-negligencia-las-inundaciones\" title=\"Kim Jong-un ejecut\u00f3 a 30 funcionarios p\u00fablicos por su negligencia en las inundaciones\">Kim Jong Un.<\/a><\/p>\n<p>Este incidente ocurre en un contexto de <strong>crecientes preocupaciones\u00a0por parte de Putin sobre posibles complots de asesinato en su contra<\/strong>, especialmente en medio de la guerra de <a href=\"https:\/\/derechadiario.com.ar\/internacionales\/trump-logro-nuevo-acuerdo-para-traer-paz-rusia-y-ucrania\" title=\"Trump logr\u00f3 un nuevo acuerdo para alcanzar la paz entre Rusia y Ucrania\">Ucrania.<\/a><\/p>\n<p>En los \u00faltimos d\u00edas, se ha mostrado que <strong>Putin tiene una creciente desconfianza hacia su propio equipo de seguridad.<\/strong><\/p>\n<figure><img decoding=\"async\" src=\"https:\/\/derechadiario.com.ar\/filesedc\/uploads\/image\/post\/gettyimages-1661854335-slide-8654ded9c38f763f9085930ba12bb300bf4c8f66_1200_800.webp\" class=\"img-responsive lazyload\" alt=\"Un grupo de hombres con trajes formales observando algo en el cielo.\" title=\"Un grupo de hombres con trajes formales observando algo en el cielo.\"><\/figure>\n<p>Un video reciente mostr\u00f3 a oficiales de la <strong>Guardia Ceremonial en Murmansk<\/strong> siendo registrados por un agente del <strong>Servicio Federal de Protecci\u00f3n<\/strong> (FSO) para asegurarse de que no portaban armas o explosivos <strong>mientras esperaban a que Putin colocara una corona<\/strong> en el monumento al &#8221;Soldado Desconocido&#8221;.<\/p>\n<p>Seg\u00fan informes, <strong>las revistas de las armas fueron retiradas y se colocaron tapones en las rec\u00e1maras de las pistolas<\/strong>, lo que subraya el miedo de Putin a ser asesinado incluso por sus propios soldados.<\/p>\n<p>Este incidente de seguridad <strong>se produce poco despu\u00e9s de una visita de Putin a la ciudad rusa de Murmansk<\/strong>, donde pronunci\u00f3 declaraciones contundentes\u00a0sobre Ucrania.<\/p>\n<div class=\"text-center\">\n<h3 class=\"dailyMotionTitle\">Intentaron asesinar a Putin: Explot\u00f3 su limusina presidencial<\/h3>\n<aside>\n<figure class=\"op-interactive\"><\/figure>\n<\/aside>\n<\/div>\n<p>A bordo del <strong>submarino nuclear Arkhangelsk<\/strong>, Putin expres\u00f3 su intenci\u00f3n de &#8220;terminar&#8221; con Ucrania, reafirmando sus comentarios previos sobre una operaci\u00f3n de desgaste frente\u00a0a la naci\u00f3n ucraniana.<\/p>\n<p>Adem\u00e1s, en 2023, un ex guardaespaldas revel\u00f3 que Putin tiene poca confianza en su propio equipo de seguridad, <strong>hasta el punto de que estos deben operar incluso su lavadora<\/strong>.<\/p>\n<p>La paranoia de Putin tambi\u00e9n se evidenci\u00f3 recientemente cuando oficiales del FSO <strong>fueron vistos abriendo alcantarillas y vertederos en busca de posibles explosivos<\/strong> cerca de un lugar en Mosc\u00fa donde Putin iba a dar un discurso.<\/p>\n<p>Fuentes cercanas al Kremlin se\u00f1alaron que <strong>los servicios especiales de Rusia hab\u00edan incrementado las medidas de seguridad en torno a Putin<\/strong> de una manera sin precedentes.<\/p>\n<figure><img decoding=\"async\" src=\"https:\/\/derechadiario.com.ar\/filesedc\/uploads\/image\/post\/image-1-2-4_1200_800.webp\" class=\"img-responsive lazyload\" alt=\"Un soldado con uniforme de camuflaje y equipo t\u00e1ctico est\u00e1 de pie en un veh\u00edculo militar en un entorno boscoso.\" title=\"Un soldado con uniforme de camuflaje y equipo t\u00e1ctico est\u00e1 de pie en un veh\u00edculo militar en un entorno boscoso.\"><\/figure>\n<p>En el verano de 2023, se revel\u00f3 que <strong>Putin comenz\u00f3 a usar chalecos antibalas en sus apariciones p\u00fablicas<\/strong>, un claro signo de su creciente temor a ser asesinado, ya sea por sus enemigos en Ucrania o por terroristas isl\u00e1micos.<\/p>\n<p>La seguridad de Putin <strong>ha sido una preocupaci\u00f3n constante en el Kremlin<\/strong>, especialmente en el contexto de la guerra de Ucrania, que ha generado un descontento generalizado.<\/p>\n<p>Se ha informado que las autoridades rusas <strong>est\u00e1n en alerta m\u00e1xima debido tanto a los ataques a figuras pol\u00edticas de alto rango en Europa y Asia<\/strong>, como a la situaci\u00f3n interna en Rusia.<\/p>\n<aside class=\"whatsappChannelText\"><a href=\"https:\/\/whatsapp.com\/channel\/0029VagEjILGE56eKjedWF2U\" rel=\"nofollow\" title=\"WhatsApp Link\"><img alt=\"Logo de WhatsApp\" class=\"lazyload\" data-src=\"https:\/\/derechadiario.com.ar\/filesedc\/uploads\/other\/whatsapp_icon_mid_article.png\" width=\"32\" height=\"32\"><\/a> <a href=\"https:\/\/whatsapp.com\/channel\/0029VagEjILGE56eKjedWF2U\" rel=\"nofollow\" title=\"WhatsApp Link\"><strong>NO SE PIERDAN NINGUNA NOTICIA<\/strong>: Click aqu\u00ed para sumarte <strong>GRATIS<\/strong> al canal de noticias de <strong>La Derecha Diario en WhatsApp.<\/strong><\/a><\/aside>\n<p>Fuentes locales afirman que <strong>el presidente ruso es protegido por una &#8220;gran cantidad de guardias visibles e invisibles&#8221;<\/strong>, lo que resalta la extrema precauci\u00f3n con la que se maneja su seguridad.<\/p>\n<figure><img decoding=\"async\" src=\"https:\/\/derechadiario.com.ar\/filesedc\/uploads\/image\/post\/w1280-p16x9-2025-03-14t170847z-846619851-rc25ddarf2ea-rtrmadp-3-ukraine-crisis-putin-kursk-1743281754579_1200_800.webp\" class=\"img-responsive lazyload\" alt=\"Putin\" title=\"Putin\"><\/figure>\n","protected":false},"excerpt":{"rendered":"<p>Un autom\u00f3vil de lujo Aurus Senat, parte de la flota oficial de Vladimir Putin, fue el epicentro\u00a0en una gran explosi\u00f3n en una calle al norte de la sede de los servicios secretos rusos, el FSB, en Lubyanka, Mosc\u00fa. El incidente ocurri\u00f3 en la calle Sretenka, donde el fuego, que comenz\u00f3 en el motor del veh\u00edculo [&hellip;]<\/p>\n","protected":false},"author":2,"featured_media":914,"comment_status":"open","ping_status":"open","sticky":false,"template":"","format":"standard","meta":{"_et_pb_use_builder":"","_et_pb_old_content":"","_et_gb_content_width":"","footnotes":""},"categories":[101,100,79],"tags":[],"class_list":["post-913","post","type-post","status-publish","format-standard","has-post-thumbnail","hentry","category-asesinar","category-intentaron","category-internacionales"],"_links":{"self":[{"href":"https:\/\/verdadincomodadiario.ar\/index.php?rest_route=\/wp\/v2\/posts\/913","targetHints":{"allow":["GET"]}}],"collection":[{"href":"https:\/\/verdadincomodadiario.ar\/index.php?rest_route=\/wp\/v2\/posts"}],"about":[{"href":"https:\/\/verdadincomodadiario.ar\/index.php?rest_route=\/wp\/v2\/types\/post"}],"author":[{"embeddable":true,"href":"https:\/\/verdadincomodadiario.ar\/index.php?rest_route=\/wp\/v2\/users\/2"}],"replies":[{"embeddable":true,"href":"https:\/\/verdadincomodadiario.ar\/index.php?rest_route=%2Fwp%2Fv2%2Fcomments&post=913"}],"version-history":[{"count":0,"href":"https:\/\/verdadincomodadiario.ar\/index.php?rest_route=\/wp\/v2\/posts\/913\/revisions"}],"wp:featuredmedia":[{"embeddable":true,"href":"https:\/\/verdadincomodadiario.ar\/index.php?rest_route=\/wp\/v2\/media\/914"}],"wp:attachment":[{"href":"https:\/\/verdadincomodadiario.ar\/index.php?rest_route=%2Fwp%2Fv2%2Fmedia&parent=913"}],"wp:term":[{"taxonomy":"category","embeddable":true,"href":"https:\/\/verdadincomodadiario.ar\/index.php?rest_route=%2Fwp%2Fv2%2Fcategories&post=913"},{"taxonomy":"post_tag","embeddable":true,"href":"https:\/\/verdadincomodadiario.ar\/index.php?rest_route=%2Fwp%2Fv2%2Ftags&post=913"}],"curies":[{"name":"wp","href":"https:\/\/api.w.org\/{rel}","templated":true}]}}