{"id":9126,"date":"2025-06-27T14:29:20","date_gmt":"2025-06-27T14:29:20","guid":{"rendered":"https:\/\/verdadincomodadiario.ar\/?p=9126"},"modified":"2025-06-27T14:29:20","modified_gmt":"2025-06-27T14:29:20","slug":"apple-prepara-el-iphone-plegable-todos-los-detalles-que-se-filtraron","status":"publish","type":"post","link":"https:\/\/verdadincomodadiario.ar\/?p=9126","title":{"rendered":"Apple prepara el iPhone plegable: todos los detalles que se filtraron"},"content":{"rendered":"<p>El esperado <strong><a href=\"https:\/\/derechadiario.com.ar\/sociedad\/apple-iphone-17-air-todo-lo-que-se-sabe-del-modelo-ultradelgado\" title=\"Apple iPhone 17 Air: todo lo que se sabe del modelo ultradelgado\">iPhone<\/a> plegable<\/strong> de <strong><a href=\"https:\/\/derechadiario.com.ar\/sociedad\/perplexity-buscador-con-ia-que-apple-podria-comprar-para-dejar-atras-google\" title=\"Perplexity, el buscador con IA que Apple podr\u00eda comprar para dejar atr\u00e1s a Google\">Apple<\/a><\/strong>\u00a0 vuelve a ser tema de conversaci\u00f3n tras una nueva filtraci\u00f3n sobre sus c\u00e1maras. Aunque el dispositivo todav\u00eda no se present\u00f3 oficialmente, ya circulan muchos datos sobre su dise\u00f1o, componentes y funcionamiento.<\/p>\n<p>Esta vez, la informaci\u00f3n viene de la red social china Weibo y da detalles clave sobre el sistema de c\u00e1maras que tendr\u00eda el <strong>primer plegable<\/strong> de la marca de Cupertino.<\/p>\n<div class=\"inter_image image_horizontal\">\n<picture><source class=\"img-responsive\" type=\"image\/webp\" data-srcset=\"https:\/\/filesedc.com\/uploads\/image\/post\/2025\/06\/iphone-plegable-apple_300_200.webp 300w, https:\/\/filesedc.com\/uploads\/image\/post\/2025\/06\/iphone-plegable-apple_630_420.webp 630w, https:\/\/filesedc.com\/uploads\/image\/post\/2025\/06\/iphone-plegable-apple_760_507.webp 760w, https:\/\/filesedc.com\/uploads\/image\/post\/2025\/06\/iphone-plegable-apple_1200_800.webp 1200w, https:\/\/filesedc.com\/uploads\/image\/post\/2025\/06\/iphone-plegable-apple_1600_1067.webp 1600w, \"><img decoding=\"async\" src=\"https:\/\/derechadiario.com.ar\/filesedc\/uploads\/image\/post\/2025\/06\/iphone-plegable-apple_1200_800.webp\" class=\"img-responsive lazyload\" alt=\"Dispositivo m\u00f3vil con pantalla plegable mostrando aplicaciones sobre un fondo degradado azul y verde\" title=\"Dispositivo m\u00f3vil con pantalla plegable mostrando aplicaciones sobre un fondo degradado azul y verde\"><\/picture>\n<div>\n<span class=\"img_footer\">El esperado iPhone plegable de Apple <\/span>| <span class=\"img_author\">La Derecha Diario<\/span>\n<\/div>\n<\/div>\n<h2><strong>Una doble c\u00e1mara de 48 MP como la del iPhone 16 Pro<\/strong><\/h2>\n<p>Seg\u00fan filtr\u00f3 Digital Chat Station, el plegable vendr\u00e1 con <strong>dos sensores de 48 megap\u00edxeles<\/strong>. Ser\u00edan similares a los del <strong>iPhone 16 Pro<\/strong>, es decir, una lente principal y otra ultra gran angular.<\/p>\n<p>Esto permitir\u00eda ofrecer fotos de gran calidad, manteniendo el est\u00e1ndar de los modelos de alta gama. Adem\u00e1s, servir\u00eda para justificar el precio, que seg\u00fan rumores, superar\u00eda los <strong>2.000 d\u00f3lares<\/strong>.<\/p>\n<h3><strong>\u00bfQu\u00e9 funciones tendr\u00eda la c\u00e1mara principal?<\/strong><\/h3>\n<p>La lente principal tendr\u00eda 24 mm, apertura \u0192\/1.78 y <strong>estabilizaci\u00f3n \u00f3ptica<\/strong> con desplazamiento de sensor. Tambi\u00e9n incluir\u00eda recortes inteligentes para simular distancias focales de 28 mm y 35 mm.<\/p>\n<figure><img decoding=\"async\" src=\"https:\/\/derechadiario.com.ar\/filesedc\/uploads\/image\/post\/2025\/06\/apple-iphone-plegable_1200_800.webp\" class=\"img-responsive lazyload\" alt=\"Tel\u00e9fono inteligente plegable con pantalla abierta mostrando aplicaciones y widgets sobre un fondo oscuro\" title=\"Tel\u00e9fono inteligente plegable con pantalla abierta mostrando aplicaciones y widgets sobre un fondo oscuro\"><\/figure>\n<p>Por ahora, se descarta la inclusi\u00f3n de una lente teleobjetivo, principalmente por las <strong>limitaciones de espacio<\/strong> que impone el dise\u00f1o plegable.<\/p>\n<h2><strong>C\u00e1mara frontal doble y pantallas con cambios<\/strong><\/h2>\n<p>Otras filtraciones apuntan a que habr\u00eda una <strong>c\u00e1mara frontal interna y otra externa<\/strong>. La del frente podr\u00eda estar perforada, como se rumorea con el iPhone 18 Pro, mientras que la interior a\u00fan es un misterio.<\/p>\n<aside class=\"whatsappChannelText\"><a href=\"https:\/\/whatsapp.com\/channel\/0029VagEjILGE56eKjedWF2U\" rel=\"nofollow\" title=\"WhatsApp Link\"><img alt=\"Logo de WhatsApp\" class=\"lazyload\" data-src=\"https:\/\/derechadiario.com.ar\/filesedc\/uploads\/other\/whatsapp_icon_mid_article.png\" width=\"32\" height=\"32\"><\/a> <a href=\"https:\/\/whatsapp.com\/channel\/0029VagEjILGE56eKjedWF2U\" rel=\"nofollow\" title=\"WhatsApp Link\"><strong>NO SE PIERDAN NINGUNA NOTICIA<\/strong>: Click aqu\u00ed para sumarte <strong>GRATIS<\/strong> al canal de noticias de <strong>La Derecha Diario en WhatsApp.<\/strong><\/a><\/aside>\n<figure><img decoding=\"async\" src=\"https:\/\/derechadiario.com.ar\/filesedc\/uploads\/image\/post\/2025\/06\/iphone-plegable_1200_800.webp\" class=\"img-responsive lazyload\" alt=\"Dos tel\u00e9fonos inteligentes, uno plegado mostrando la pantalla de bloqueo y otro desplegado en modo tableta con la pantalla de inicio llena de aplicaciones y widgets.\" title=\"Dos tel\u00e9fonos inteligentes, uno plegado mostrando la pantalla de bloqueo y otro desplegado en modo tableta con la pantalla de inicio llena de aplicaciones y widgets.\"><\/figure>\n<p>Adem\u00e1s, se habl\u00f3 de un peque\u00f1o ajuste en el tama\u00f1o de la pantalla principal, que pasar\u00eda de 7,8 a <strong>7,6 pulgadas<\/strong>. La pantalla exterior ser\u00eda de 5,5 pulgadas.<\/p>\n<h2><strong>Caracter\u00edsticas rumoreadas hasta ahora<\/strong><\/h2>\n<ul>\n<li>\n<strong>Chasis de titanio<\/strong> y bisagra con metal l\u00edquido, que evitar\u00eda arrugas.<\/li>\n<li>\n<strong>Touch ID<\/strong> integrado, sin Face ID.<\/li>\n<li>\n<strong>Pantalla interna de 7,6 pulgadas<\/strong> y externa de 5,5 pulgadas.<\/li>\n<li>\n<strong>Bater\u00eda de alta densidad<\/strong> como la del iPhone 17 Air.<\/li>\n<li>Producci\u00f3n en fase avanzada en <strong>Foxconn<\/strong> desde marzo.<\/li>\n<\/ul>\n<h2><strong>\u00bfCu\u00e1ndo se lanza el iPhone plegable?<\/strong><\/h2>\n<p>Seg\u00fan el analista Ming-Chi Kuo, Apple empezar\u00eda la producci\u00f3n masiva entre septiembre y octubre. En esta etapa podr\u00edan definirse los \u00faltimos detalles.<\/p>\n","protected":false},"excerpt":{"rendered":"<p>El esperado iPhone plegable de Apple\u00a0 vuelve a ser tema de conversaci\u00f3n tras una nueva filtraci\u00f3n sobre sus c\u00e1maras. Aunque el dispositivo todav\u00eda no se present\u00f3 oficialmente, ya circulan muchos datos sobre su dise\u00f1o, componentes y funcionamiento. Esta vez, la informaci\u00f3n viene de la red social china Weibo y da detalles clave sobre el sistema [&hellip;]<\/p>\n","protected":false},"author":2,"featured_media":9127,"comment_status":"open","ping_status":"open","sticky":false,"template":"","format":"standard","meta":{"_et_pb_use_builder":"","_et_pb_old_content":"","_et_gb_content_width":"","footnotes":""},"categories":[84],"tags":[],"class_list":["post-9126","post","type-post","status-publish","format-standard","has-post-thumbnail","hentry","category-ultimomomento"],"_links":{"self":[{"href":"https:\/\/verdadincomodadiario.ar\/index.php?rest_route=\/wp\/v2\/posts\/9126","targetHints":{"allow":["GET"]}}],"collection":[{"href":"https:\/\/verdadincomodadiario.ar\/index.php?rest_route=\/wp\/v2\/posts"}],"about":[{"href":"https:\/\/verdadincomodadiario.ar\/index.php?rest_route=\/wp\/v2\/types\/post"}],"author":[{"embeddable":true,"href":"https:\/\/verdadincomodadiario.ar\/index.php?rest_route=\/wp\/v2\/users\/2"}],"replies":[{"embeddable":true,"href":"https:\/\/verdadincomodadiario.ar\/index.php?rest_route=%2Fwp%2Fv2%2Fcomments&post=9126"}],"version-history":[{"count":0,"href":"https:\/\/verdadincomodadiario.ar\/index.php?rest_route=\/wp\/v2\/posts\/9126\/revisions"}],"wp:featuredmedia":[{"embeddable":true,"href":"https:\/\/verdadincomodadiario.ar\/index.php?rest_route=\/wp\/v2\/media\/9127"}],"wp:attachment":[{"href":"https:\/\/verdadincomodadiario.ar\/index.php?rest_route=%2Fwp%2Fv2%2Fmedia&parent=9126"}],"wp:term":[{"taxonomy":"category","embeddable":true,"href":"https:\/\/verdadincomodadiario.ar\/index.php?rest_route=%2Fwp%2Fv2%2Fcategories&post=9126"},{"taxonomy":"post_tag","embeddable":true,"href":"https:\/\/verdadincomodadiario.ar\/index.php?rest_route=%2Fwp%2Fv2%2Ftags&post=9126"}],"curies":[{"name":"wp","href":"https:\/\/api.w.org\/{rel}","templated":true}]}}