{"id":9096,"date":"2025-06-26T23:42:45","date_gmt":"2025-06-26T23:42:45","guid":{"rendered":"https:\/\/verdadincomodadiario.ar\/?p=9096"},"modified":"2025-06-26T23:42:45","modified_gmt":"2025-06-26T23:42:45","slug":"oscar-andrade-fue-acusado-de-usar-dinero-del-sunca-para-su-campana","status":"publish","type":"post","link":"https:\/\/verdadincomodadiario.ar\/?p=9096","title":{"rendered":"Oscar Andrade fue acusado de usar dinero del SUNCA para su campa\u00f1a"},"content":{"rendered":"<p>Las acusaciones sobre el financiamiento electoral de \u00d3scar Andrade, senador del Frente Amplio y miembro del Partido Comunista (<strong>PCU<\/strong>), no paran.\u00a0<\/p>\n<p>El Fondo Social de Vivienda de Obreros de la Construcci\u00f3n (FOSVOC), gestionado por el Sunca, est\u00e1 siendo investigado por fiscal\u00eda por el <strong>desv\u00edo<\/strong> de aproximadamente <strong>1.200.000<\/strong>\u00a0<strong>d\u00f3lares<\/strong> entre febrero y noviembre de 2024, a trav\u00e9s de transferencias no autorizadas a cuentas de terceros.<\/p>\n<p>Tres ex <strong>sindicalistas<\/strong> del Sunca y militantes del PCU, Santiago Bernaola, Bruno Bertolio y V\u00edctor Rivero, condenados por <strong>delitos<\/strong> como apropiaci\u00f3n indebida, <strong>estafa<\/strong> y asociaci\u00f3n para delinquir, declararon ante la fiscal\u00eda que tanto \u00d3scar <strong>Andrade<\/strong> como el diputado Daniel <strong>Diverio<\/strong>, tambi\u00e9n del PCU, ten\u00edan total conocimiento de estas maniobras <strong>fraudulentas<\/strong>.<\/p>\n<div class=\"inter_image image_horizontal\">\n<picture><source class=\"img-responsive\" type=\"image\/webp\" data-srcset=\"https:\/\/filesedc.com\/uploads\/image\/post\/2025\/06\/20240516mzina-9009jpg-1750972438685_300_200.webp 300w, https:\/\/filesedc.com\/uploads\/image\/post\/2025\/06\/20240516mzina-9009jpg-1750972438685_630_420.webp 630w, https:\/\/filesedc.com\/uploads\/image\/post\/2025\/06\/20240516mzina-9009jpg-1750972438685_760_507.webp 760w, https:\/\/filesedc.com\/uploads\/image\/post\/2025\/06\/20240516mzina-9009jpg-1750972438685_1200_800.webp 1200w, https:\/\/filesedc.com\/uploads\/image\/post\/2025\/06\/20240516mzina-9009jpg-1750972438685_1600_1067.webp 1600w, \"><img decoding=\"async\" src=\"https:\/\/derechadiario.com.ar\/filesedc\/uploads\/image\/post\/2025\/06\/20240516mzina-9009jpg-1750972438685_1200_800.webp\" class=\"img-responsive lazyload\" alt=\"Bandera roja del sindicato SUNCA de Uruguay sostenida durante una manifestaci\u00f3n en una calle rodeada de edificios y personas marchando\" title=\"Bandera roja del sindicato SUNCA de Uruguay sostenida durante una manifestaci\u00f3n en una calle rodeada de edificios y personas marchando\"><\/picture>\n<div>\n<span class=\"img_footer\">Marcha del Sunca  <\/span>| <span class=\"img_author\">La Derecha Diario<\/span>\n<\/div>\n<\/div>\n<h2>Dinero negro<\/h2>\n<p>Afirmaron que parte de los fondos robados se utilizaron para financiar campa\u00f1as <strong>electorales<\/strong> del PCU, incluyendo las elecciones internas y nacionales de 2024, las elecciones departamentales y municipales de 2025, y la campa\u00f1a por el <strong>plebiscito<\/strong> de la seguridad social promovido por el PIT-CNT en octubre de 2024.<\/p>\n<p>El <strong>fiscal<\/strong> penal Gilberto Rodr\u00edguez, a cargo del caso, confirm\u00f3 que hay\u00a0s\u00f3lidos indicios de que parte del <strong>dinero<\/strong> fue destinado al PCU y al Sunca, en forma <strong>ilegal<\/strong>.<\/p>\n<p>Andrade y Diverio casi seguro sean citados a declarar en calidad de <strong>imputados<\/strong> para una &#8220;declaraci\u00f3n administrativa&#8221;, sin necesidad inicial de pedir el desafuero parlamentario.<\/p>\n<h2>Mas acusaciones contra Andrade<\/h2>\n<p>Este jueves 26 de junio B\u00fasqueda inform\u00f3 que el senador comunista recibi\u00f3 otra <strong>acusaci\u00f3n<\/strong> de parte de lo uno de uno de los condenados.<\/p>\n<p>Este individuo integr\u00f3 el Sunca y militaba en el PCU, y conoce perfectamente al legislador.<\/p>\n<p>Se se\u00f1ala que utiliz\u00f3 el <strong>dinero<\/strong> de los trabajadores para financiar su campa\u00f1a electoral de cara a las <strong>elecciones<\/strong> de octubre de 2024, donde disputaba una banca como senador.<\/p>\n<p>Como se sabe, result\u00f3 <strong>reelecto<\/strong> para el cargo a trav\u00e9s de la lista 1001 del Partido Comunista.\u00a0<\/p>\n<figure><img decoding=\"async\" src=\"https:\/\/derechadiario.com.ar\/filesedc\/uploads\/image\/post\/2025\/06\/images-1-1750972525369_1200_800.webp\" class=\"img-responsive lazyload\" alt=\"Personas reunidas en un evento con pancartas amarillas y rojas que tienen mensajes de unidad y solidaridad\" title=\"Personas reunidas en un evento con pancartas amarillas y rojas que tienen mensajes de unidad y solidaridad\"><\/figure>\n<p>Hoy cobra unos $<strong>450.000<\/strong> mensuales como senador, y adem\u00e1s goza de fueros parlamentarios.<\/p>\n<p>Este ex sindicalista se\u00f1ala que se extrajo dinero de los obreros para <strong>financiar<\/strong> la campa\u00f1a electoral del PCU, y b\u00e1sicamente se refiri\u00f3 a potenciar la <strong>candidatura<\/strong> de Andrade al senado.\u00a0<\/p>\n<p>El fiscal Rodr\u00edguez es el que est\u00e1 investigando el caso, y si esto se comprueba ser\u00eda grav\u00edsimo.<\/p>\n<p>Un partido pol\u00edtico fundamental del gobierno encabezado por Yamand\u00fa <strong>Orsi<\/strong> estar\u00eda usando dinero <strong>negro<\/strong> de un fondo destinado a viviendas de obreros para financiar su campa\u00f1a electoral.\u00a0<\/p>\n<p>Todo esto con el <strong>agravante<\/strong> de que adem\u00e1s del financiamiento al PCU lo que se pretend\u00eda era potenciar a \u00d3scar Andrade al senado.\u00a0<\/p>\n<h2>Explicaciones inconsistentes<\/h2>\n<p>Todo es muy turbio y oscuro. Las explicaciones del caso que han dado Juan <strong>Castillo<\/strong> o el propio Andrade no cierran por ning\u00fan lado, y est\u00e1n plagadas de contradicciones.\u00a0<\/p>\n<p>Andrade cada vez que se le consulta sobre el asunto se pone en posici\u00f3n de v\u00edctima, y lanza acusaciones contra otros actores, como las c\u00e1maras empresariales o empleados del Fondo de la Construcci\u00f3n.\u00a0<\/p>\n<figure><img decoding=\"async\" src=\"https:\/\/derechadiario.com.ar\/filesedc\/uploads\/image\/post\/2025\/06\/images-1750972626105_1200_800.webp\" class=\"img-responsive lazyload\" alt=\"Personas con gorra roja sostienen una bandera roja con el logo y la palabra SUNCA sobre una estructura de madera bajo un cielo despejado.\" title=\"Personas con gorra roja sostienen una bandera roja con el logo y la palabra SUNCA sobre una estructura de madera bajo un cielo despejado.\"><\/figure>\n<p>A los gritos, como es su estilo, se <strong>victimiza<\/strong> y se lava las manos como si \u00e9l fuera un marciano que no conoce el Sunca.<\/p>\n<p>Fue durante largos a\u00f1os el <strong>principal\u00edsimo<\/strong> sindicalista del Sunca, y desde siempre integra el PCU.<\/p>\n<p>No puede hacerse el distra\u00eddo y decir que desconoc\u00eda el asunto, cuando \u00e9l fue la cabeza del sindicato de la construcci\u00f3n durante much\u00edsimos a\u00f1os.<\/p>\n<p>El <strong>fiscal<\/strong> Rodr\u00edguez debe investigar a fondo el asunto, y deben caer los culpables sean quienes sean.<\/p>\n","protected":false},"excerpt":{"rendered":"<p>Las acusaciones sobre el financiamiento electoral de \u00d3scar Andrade, senador del Frente Amplio y miembro del Partido Comunista (PCU), no paran.\u00a0 El Fondo Social de Vivienda de Obreros de la Construcci\u00f3n (FOSVOC), gestionado por el Sunca, est\u00e1 siendo investigado por fiscal\u00eda por el desv\u00edo de aproximadamente 1.200.000\u00a0d\u00f3lares entre febrero y noviembre de 2024, a trav\u00e9s [&hellip;]<\/p>\n","protected":false},"author":2,"featured_media":9097,"comment_status":"open","ping_status":"open","sticky":false,"template":"","format":"standard","meta":{"_et_pb_use_builder":"","_et_pb_old_content":"","_et_gb_content_width":"","footnotes":""},"categories":[84],"tags":[],"class_list":["post-9096","post","type-post","status-publish","format-standard","has-post-thumbnail","hentry","category-ultimomomento"],"_links":{"self":[{"href":"https:\/\/verdadincomodadiario.ar\/index.php?rest_route=\/wp\/v2\/posts\/9096","targetHints":{"allow":["GET"]}}],"collection":[{"href":"https:\/\/verdadincomodadiario.ar\/index.php?rest_route=\/wp\/v2\/posts"}],"about":[{"href":"https:\/\/verdadincomodadiario.ar\/index.php?rest_route=\/wp\/v2\/types\/post"}],"author":[{"embeddable":true,"href":"https:\/\/verdadincomodadiario.ar\/index.php?rest_route=\/wp\/v2\/users\/2"}],"replies":[{"embeddable":true,"href":"https:\/\/verdadincomodadiario.ar\/index.php?rest_route=%2Fwp%2Fv2%2Fcomments&post=9096"}],"version-history":[{"count":0,"href":"https:\/\/verdadincomodadiario.ar\/index.php?rest_route=\/wp\/v2\/posts\/9096\/revisions"}],"wp:featuredmedia":[{"embeddable":true,"href":"https:\/\/verdadincomodadiario.ar\/index.php?rest_route=\/wp\/v2\/media\/9097"}],"wp:attachment":[{"href":"https:\/\/verdadincomodadiario.ar\/index.php?rest_route=%2Fwp%2Fv2%2Fmedia&parent=9096"}],"wp:term":[{"taxonomy":"category","embeddable":true,"href":"https:\/\/verdadincomodadiario.ar\/index.php?rest_route=%2Fwp%2Fv2%2Fcategories&post=9096"},{"taxonomy":"post_tag","embeddable":true,"href":"https:\/\/verdadincomodadiario.ar\/index.php?rest_route=%2Fwp%2Fv2%2Ftags&post=9096"}],"curies":[{"name":"wp","href":"https:\/\/api.w.org\/{rel}","templated":true}]}}