{"id":9084,"date":"2025-06-26T21:31:14","date_gmt":"2025-06-26T21:31:14","guid":{"rendered":"https:\/\/verdadincomodadiario.ar\/?p=9084"},"modified":"2025-06-26T21:31:14","modified_gmt":"2025-06-26T21:31:14","slug":"a-que-se-debe-la-crisis-educativa-que-vive-republica-dominicana","status":"publish","type":"post","link":"https:\/\/verdadincomodadiario.ar\/?p=9084","title":{"rendered":"\u00bfA qu\u00e9 se debe la crisis educativa que vive Rep\u00fablica Dominicana?"},"content":{"rendered":"<p>La Rep\u00fablica Dominicana enfrenta una profunda crisis educativa, marcada por una alarmante escasez de maestros y miles de profesionales capacitados que contin\u00faan sin ser incorporados al sistema.<\/p>\n<p>Seg\u00fan datos del Ministerio de Educaci\u00f3n (MINERD), el pa\u00eds necesita entre\u00a010,000 y 18,000 docentes adicionales\u00a0para cubrir la demanda en las aulas, especialmente en zonas rurales donde la relaci\u00f3n estudiante-profesor alcanza ratios cr\u00edticos de\u00a045:1, muy por encima del est\u00e1ndar recomendado de\u00a025:1.<\/p>\n<p>La falta de maestros se ha convertido en uno de los mayores obst\u00e1culos para garantizar una educaci\u00f3n de calidad.<\/p>\n<p>Seg\u00fan la UNESCO, esta escasez no solo afecta la ense\u00f1anza, sino que tambi\u00e9n pone en riesgo el cumplimiento de los\u00a0Objetivos de Desarrollo Sostenible (ODS) para 2030.<\/p>\n<p>Entre los principales problemas que desincentivan la profesi\u00f3n docente est\u00e1n:<\/p>\n<p>Salarios bajos: El sueldo promedio de un docente dominicano es de\u00a0R.D. $25,000 (U.S.D. $425), mientras que otros profesionales con similar formaci\u00f3n ganan alrededor de\u00a0R.D. $40,000 (U.S.D. $680).<\/p>\n<p>Falta de incentivos en zonas rurales: Provincias como\u00a0El\u00edas Pi\u00f1a, Independencia y Pedernales\u00a0operan con docentes multigrado (que ense\u00f1an a varios niveles en una misma aula), lo que dificulta el aprendizaje.<\/p>\n<p>Alta rotaci\u00f3n laboral: Cerca del\u00a09% de los maestros abandonan la profesi\u00f3n cada a\u00f1o\u00a0debido a las malas condiciones econ\u00f3micas.<\/p>\n<p>Mientras las aulas permanecen sin maestros,\u00a0m\u00e1s de 50,000 educadores capacitados\u00a0contin\u00faan sin ser nombrados por el MINERD.<\/p>\n<p>Aunque algunos nombramientos se han extendido hasta\u00a020274, la lentitud en los procesos de contrataci\u00f3n ha generado frustraci\u00f3n entre los docentes.<\/p>\n","protected":false},"excerpt":{"rendered":"<p>La Rep\u00fablica Dominicana enfrenta una profunda crisis educativa, marcada por una alarmante escasez de maestros y miles de profesionales capacitados que contin\u00faan sin ser incorporados al sistema. Seg\u00fan datos del Ministerio de Educaci\u00f3n (MINERD), el pa\u00eds necesita entre\u00a010,000 y 18,000 docentes adicionales\u00a0para cubrir la demanda en las aulas, especialmente en zonas rurales donde la relaci\u00f3n [&hellip;]<\/p>\n","protected":false},"author":2,"featured_media":9085,"comment_status":"open","ping_status":"open","sticky":false,"template":"","format":"standard","meta":{"_et_pb_use_builder":"","_et_pb_old_content":"","_et_gb_content_width":"","footnotes":""},"categories":[84],"tags":[],"class_list":["post-9084","post","type-post","status-publish","format-standard","has-post-thumbnail","hentry","category-ultimomomento"],"_links":{"self":[{"href":"https:\/\/verdadincomodadiario.ar\/index.php?rest_route=\/wp\/v2\/posts\/9084","targetHints":{"allow":["GET"]}}],"collection":[{"href":"https:\/\/verdadincomodadiario.ar\/index.php?rest_route=\/wp\/v2\/posts"}],"about":[{"href":"https:\/\/verdadincomodadiario.ar\/index.php?rest_route=\/wp\/v2\/types\/post"}],"author":[{"embeddable":true,"href":"https:\/\/verdadincomodadiario.ar\/index.php?rest_route=\/wp\/v2\/users\/2"}],"replies":[{"embeddable":true,"href":"https:\/\/verdadincomodadiario.ar\/index.php?rest_route=%2Fwp%2Fv2%2Fcomments&post=9084"}],"version-history":[{"count":0,"href":"https:\/\/verdadincomodadiario.ar\/index.php?rest_route=\/wp\/v2\/posts\/9084\/revisions"}],"wp:featuredmedia":[{"embeddable":true,"href":"https:\/\/verdadincomodadiario.ar\/index.php?rest_route=\/wp\/v2\/media\/9085"}],"wp:attachment":[{"href":"https:\/\/verdadincomodadiario.ar\/index.php?rest_route=%2Fwp%2Fv2%2Fmedia&parent=9084"}],"wp:term":[{"taxonomy":"category","embeddable":true,"href":"https:\/\/verdadincomodadiario.ar\/index.php?rest_route=%2Fwp%2Fv2%2Fcategories&post=9084"},{"taxonomy":"post_tag","embeddable":true,"href":"https:\/\/verdadincomodadiario.ar\/index.php?rest_route=%2Fwp%2Fv2%2Ftags&post=9084"}],"curies":[{"name":"wp","href":"https:\/\/api.w.org\/{rel}","templated":true}]}}