{"id":9082,"date":"2025-06-26T21:31:15","date_gmt":"2025-06-26T21:31:15","guid":{"rendered":"https:\/\/verdadincomodadiario.ar\/?p=9082"},"modified":"2025-06-26T21:31:15","modified_gmt":"2025-06-26T21:31:15","slug":"la-oea-debate-como-salvar-a-haiti-mientras-las-pandillas-ganan-terreno","status":"publish","type":"post","link":"https:\/\/verdadincomodadiario.ar\/?p=9082","title":{"rendered":"La OEA debate c\u00f3mo salvar a Hait\u00ed mientras las pandillas ganan terreno"},"content":{"rendered":"<p>\u00a0Estados Unidos y Hait\u00ed presentar\u00e1n hoy una resoluci\u00f3n ante la <strong>Asamblea General de la Organizaci\u00f3n de los Estados Americanos<\/strong> (OEA) para fortalecer la respuesta regional contra la violencia, el tr\u00e1fico de armas y el colapso de la seguridad en Hait\u00ed.<\/p>\n<p>La iniciativa busca ampliar el apoyo a la\u00a0Misi\u00f3n Multinacional de Apoyo a la Seguridad (MSS), liderada por Kenia, y movilizar recursos adicionales frente a la creciente influencia de las bandas armadas, que controlan ya el\u00a0<strong>85% de Puerto Pr\u00edncipe<\/strong>.<\/p>\n<p>La propuesta exige a los Estados miembros incrementar su apoyo log\u00edstico y financiero a la misi\u00f3n keniana, que opera desde junio de 2024 pero enfrenta cr\u00edticas por su\u00a0limitada efectividad.<\/p>\n<p>Aunque cuenta con 1,000 efectivos de pa\u00edses como Jamaica, Belice y Guatemala, la violencia ha dejado\u00a02,680 muertos en 2025.<\/p>\n<p>Plataforma SECURE-Hait\u00ed: EE.UU. promueve este mecanismo para coordinar donaciones y acciones concretas, como el bloqueo de rutas de tr\u00e1fico de armas y la protecci\u00f3n de infraestructuras cr\u00edticas, como el puerto nacional.<\/p>\n<p>La resoluci\u00f3n incluye un llamado a garantizar condiciones para los comicios previstos en noviembre, actualmente en riesgo por la inseguridad, y acelerar la entrega de ayuda a\u00a01.3 millones de desplazados.<\/p>\n<p>El subsecretario de Estado estadounidense,\u00a0Christopher Landau, cuestion\u00f3 la utilidad de la OEA si no act\u00faa ante Hait\u00ed y Venezuela.<\/p>\n<p>Mientras, el nuevo secretario general de la OEA,\u00a0Albert Ramdin, insisti\u00f3 en que resolver la crisis haitiana es un\u00a0&#8220;deber moral&#8221;\u00a0y anunci\u00f3 un plan integral con ayuda humanitaria y desarrollo econ\u00f3mico.<\/p>\n","protected":false},"excerpt":{"rendered":"<p>\u00a0Estados Unidos y Hait\u00ed presentar\u00e1n hoy una resoluci\u00f3n ante la Asamblea General de la Organizaci\u00f3n de los Estados Americanos (OEA) para fortalecer la respuesta regional contra la violencia, el tr\u00e1fico de armas y el colapso de la seguridad en Hait\u00ed. La iniciativa busca ampliar el apoyo a la\u00a0Misi\u00f3n Multinacional de Apoyo a la Seguridad (MSS), [&hellip;]<\/p>\n","protected":false},"author":2,"featured_media":9083,"comment_status":"open","ping_status":"open","sticky":false,"template":"","format":"standard","meta":{"_et_pb_use_builder":"","_et_pb_old_content":"","_et_gb_content_width":"","footnotes":""},"categories":[84],"tags":[],"class_list":["post-9082","post","type-post","status-publish","format-standard","has-post-thumbnail","hentry","category-ultimomomento"],"_links":{"self":[{"href":"https:\/\/verdadincomodadiario.ar\/index.php?rest_route=\/wp\/v2\/posts\/9082","targetHints":{"allow":["GET"]}}],"collection":[{"href":"https:\/\/verdadincomodadiario.ar\/index.php?rest_route=\/wp\/v2\/posts"}],"about":[{"href":"https:\/\/verdadincomodadiario.ar\/index.php?rest_route=\/wp\/v2\/types\/post"}],"author":[{"embeddable":true,"href":"https:\/\/verdadincomodadiario.ar\/index.php?rest_route=\/wp\/v2\/users\/2"}],"replies":[{"embeddable":true,"href":"https:\/\/verdadincomodadiario.ar\/index.php?rest_route=%2Fwp%2Fv2%2Fcomments&post=9082"}],"version-history":[{"count":0,"href":"https:\/\/verdadincomodadiario.ar\/index.php?rest_route=\/wp\/v2\/posts\/9082\/revisions"}],"wp:featuredmedia":[{"embeddable":true,"href":"https:\/\/verdadincomodadiario.ar\/index.php?rest_route=\/wp\/v2\/media\/9083"}],"wp:attachment":[{"href":"https:\/\/verdadincomodadiario.ar\/index.php?rest_route=%2Fwp%2Fv2%2Fmedia&parent=9082"}],"wp:term":[{"taxonomy":"category","embeddable":true,"href":"https:\/\/verdadincomodadiario.ar\/index.php?rest_route=%2Fwp%2Fv2%2Fcategories&post=9082"},{"taxonomy":"post_tag","embeddable":true,"href":"https:\/\/verdadincomodadiario.ar\/index.php?rest_route=%2Fwp%2Fv2%2Ftags&post=9082"}],"curies":[{"name":"wp","href":"https:\/\/api.w.org\/{rel}","templated":true}]}}