{"id":9072,"date":"2025-06-26T20:25:22","date_gmt":"2025-06-26T20:25:22","guid":{"rendered":"https:\/\/verdadincomodadiario.ar\/?p=9072"},"modified":"2025-06-26T20:25:22","modified_gmt":"2025-06-26T20:25:22","slug":"estadounidense-muere-en-custodia-migratoria-en-r-d","status":"publish","type":"post","link":"https:\/\/verdadincomodadiario.ar\/?p=9072","title":{"rendered":"Estadounidense muere en custodia migratoria en R.D."},"content":{"rendered":"<p>La <strong>muerte de una ciudadana estadounidense<\/strong> bajo custodia migratoria en el <strong>Centro de Retenci\u00f3n de Haina<\/strong>, Rep\u00fablica Dominicana, ha generado atenci\u00f3n internacional y cuestionamientos sobre los procedimientos de <strong>detenci\u00f3n<\/strong>\u00a0 y <strong>deportaci\u00f3n<\/strong>.<\/p>\n<p>La mujer, cuya identidad no ha sido revelada oficialmente, fue encontrada sin vida en su celda durante la ma\u00f1ana del lunes 23 de junio de 2025. Seg\u00fan informes de la <strong>Direcci\u00f3n General de Migraci\u00f3n<\/strong> (DGM), no presentaba signos visibles de violencia en el cuerpo.<\/p>\n<p>La fallecida hab\u00eda sido detenida originalmente a finales de abril de 2025 en la regi\u00f3n Este del pa\u00eds por miembros de la Polic\u00eda Tur\u00edstica (Politur).<\/p>\n<p>Los agentes la encontraron deambulando en una playa, mostrando aparentes trastornos psic\u00f3ticos y sin portar documentaci\u00f3n personal que acreditara su identidad.<\/p>\n<p>El caso presenta particularidades preocupantes sobre el tiempo que tom\u00f3 identificar a la detenida, ya que, permaneci\u00f3 casi dos meses sin identificaci\u00f3n confirmada.<\/p>\n<p>Su nacionalidad estadounidense solo fue verificada el mi\u00e9rcoles 18 de junio mediante tecnolog\u00eda de reconocimiento facial e inmediatamente despu\u00e9s de su identificaci\u00f3n, se notific\u00f3 a la <strong>Embajada de Estados Unidos en Rep\u00fablica Dominicana<\/strong>.<\/p>\n<p>Este tr\u00e1gico caso pone de relieve los desaf\u00edos que enfrentan los sistemas migratorios para manejar situaciones que involucran a personas con problemas de salud mental, especialmente cuando carecen de documentaci\u00f3n.<\/p>\n<p>Tambi\u00e9n plantea preguntas sobre los tiempos de detenci\u00f3n y los protocolos de identificaci\u00f3n en estos centros.<\/p>\n","protected":false},"excerpt":{"rendered":"<p>La muerte de una ciudadana estadounidense bajo custodia migratoria en el Centro de Retenci\u00f3n de Haina, Rep\u00fablica Dominicana, ha generado atenci\u00f3n internacional y cuestionamientos sobre los procedimientos de detenci\u00f3n\u00a0 y deportaci\u00f3n. La mujer, cuya identidad no ha sido revelada oficialmente, fue encontrada sin vida en su celda durante la ma\u00f1ana del lunes 23 de junio [&hellip;]<\/p>\n","protected":false},"author":2,"featured_media":9073,"comment_status":"open","ping_status":"open","sticky":false,"template":"","format":"standard","meta":{"_et_pb_use_builder":"","_et_pb_old_content":"","_et_gb_content_width":"","footnotes":""},"categories":[84],"tags":[],"class_list":["post-9072","post","type-post","status-publish","format-standard","has-post-thumbnail","hentry","category-ultimomomento"],"_links":{"self":[{"href":"https:\/\/verdadincomodadiario.ar\/index.php?rest_route=\/wp\/v2\/posts\/9072","targetHints":{"allow":["GET"]}}],"collection":[{"href":"https:\/\/verdadincomodadiario.ar\/index.php?rest_route=\/wp\/v2\/posts"}],"about":[{"href":"https:\/\/verdadincomodadiario.ar\/index.php?rest_route=\/wp\/v2\/types\/post"}],"author":[{"embeddable":true,"href":"https:\/\/verdadincomodadiario.ar\/index.php?rest_route=\/wp\/v2\/users\/2"}],"replies":[{"embeddable":true,"href":"https:\/\/verdadincomodadiario.ar\/index.php?rest_route=%2Fwp%2Fv2%2Fcomments&post=9072"}],"version-history":[{"count":0,"href":"https:\/\/verdadincomodadiario.ar\/index.php?rest_route=\/wp\/v2\/posts\/9072\/revisions"}],"wp:featuredmedia":[{"embeddable":true,"href":"https:\/\/verdadincomodadiario.ar\/index.php?rest_route=\/wp\/v2\/media\/9073"}],"wp:attachment":[{"href":"https:\/\/verdadincomodadiario.ar\/index.php?rest_route=%2Fwp%2Fv2%2Fmedia&parent=9072"}],"wp:term":[{"taxonomy":"category","embeddable":true,"href":"https:\/\/verdadincomodadiario.ar\/index.php?rest_route=%2Fwp%2Fv2%2Fcategories&post=9072"},{"taxonomy":"post_tag","embeddable":true,"href":"https:\/\/verdadincomodadiario.ar\/index.php?rest_route=%2Fwp%2Fv2%2Ftags&post=9072"}],"curies":[{"name":"wp","href":"https:\/\/api.w.org\/{rel}","templated":true}]}}