{"id":9070,"date":"2025-06-26T20:25:23","date_gmt":"2025-06-26T20:25:23","guid":{"rendered":"https:\/\/verdadincomodadiario.ar\/?p=9070"},"modified":"2025-06-26T20:25:23","modified_gmt":"2025-06-26T20:25:23","slug":"r-d-condena-ataque-de-iran-contra-catar-y-llama-al-dialogo","status":"publish","type":"post","link":"https:\/\/verdadincomodadiario.ar\/?p=9070","title":{"rendered":"R.D. condena ataque de Ir\u00e1n contra Catar y llama al di\u00e1logo"},"content":{"rendered":"<p>El Gobierno dominicano ha emitido un firme comunicado a trav\u00e9s del <strong>Ministerio de Relaciones Exteriores<\/strong>\u00a0 (MIREX) condenando el reciente ataque de Ir\u00e1n contra el Estado de Catar, ocurrido el 23 de junio de 2025.<\/p>\n<p>La posici\u00f3n dominicana califica este acto como una grave violaci\u00f3n a la soberan\u00eda catar\u00ed y a los principios fundamentales de la Carta de las Naciones Unidas.<\/p>\n<p>&#8220;El Gobierno dominicano condena firmemente el ataque perpetrado por Ir\u00e1n contra el Estado de Catar, una grave transgresi\u00f3n a su soberan\u00eda y una violaci\u00f3n a la Carta de las Naciones Unidas&#8221;, expres\u00f3 el MIREX en su declaraci\u00f3n.<\/p>\n<p>El comunicado, publicado en las redes sociales oficiales de la Canciller\u00eda dominicana, destaca especialmente:<\/p>\n<p>Solidaridad con Catar: Describe a Catar como &#8220;una naci\u00f3n amiga&#8221;, reconociendo sus esfuerzos constantes por la paz en Oriente Medio, incluyendo su papel mediador en el actual conflicto entre Ir\u00e1n e Israel.<\/p>\n<p>Apoyo al di\u00e1logo: Reafirma el llamado a que prevalezcan &#8220;la v\u00eda diplom\u00e1tica, la negociaci\u00f3n y el respeto al derecho internacional&#8221; como \u00fanicas formas leg\u00edtimas de resolver diferencias entre Estados.<\/p>\n<p>La posici\u00f3n dominicana resalta espec\u00edficamente los esfuerzos catar\u00edes por la paz regional en favor de la paz en Oriente Medio, incluyendo el actual conflicto entre Ir\u00e1n e Israel.<\/p>\n<p>La declaraci\u00f3n dominicana enfatiza la necesidad de apego a las normas internacionales, reafirmando su llamado a que prevalezcan la v\u00eda diplom\u00e1tica, la negociaci\u00f3n y el respeto al derecho internacional, como \u00fanicas formas leg\u00edtimas de resolver las diferencias entre los Estados.<\/p>\n","protected":false},"excerpt":{"rendered":"<p>El Gobierno dominicano ha emitido un firme comunicado a trav\u00e9s del Ministerio de Relaciones Exteriores\u00a0 (MIREX) condenando el reciente ataque de Ir\u00e1n contra el Estado de Catar, ocurrido el 23 de junio de 2025. La posici\u00f3n dominicana califica este acto como una grave violaci\u00f3n a la soberan\u00eda catar\u00ed y a los principios fundamentales de la [&hellip;]<\/p>\n","protected":false},"author":2,"featured_media":9071,"comment_status":"open","ping_status":"open","sticky":false,"template":"","format":"standard","meta":{"_et_pb_use_builder":"","_et_pb_old_content":"","_et_gb_content_width":"","footnotes":""},"categories":[84],"tags":[],"class_list":["post-9070","post","type-post","status-publish","format-standard","has-post-thumbnail","hentry","category-ultimomomento"],"_links":{"self":[{"href":"https:\/\/verdadincomodadiario.ar\/index.php?rest_route=\/wp\/v2\/posts\/9070","targetHints":{"allow":["GET"]}}],"collection":[{"href":"https:\/\/verdadincomodadiario.ar\/index.php?rest_route=\/wp\/v2\/posts"}],"about":[{"href":"https:\/\/verdadincomodadiario.ar\/index.php?rest_route=\/wp\/v2\/types\/post"}],"author":[{"embeddable":true,"href":"https:\/\/verdadincomodadiario.ar\/index.php?rest_route=\/wp\/v2\/users\/2"}],"replies":[{"embeddable":true,"href":"https:\/\/verdadincomodadiario.ar\/index.php?rest_route=%2Fwp%2Fv2%2Fcomments&post=9070"}],"version-history":[{"count":0,"href":"https:\/\/verdadincomodadiario.ar\/index.php?rest_route=\/wp\/v2\/posts\/9070\/revisions"}],"wp:featuredmedia":[{"embeddable":true,"href":"https:\/\/verdadincomodadiario.ar\/index.php?rest_route=\/wp\/v2\/media\/9071"}],"wp:attachment":[{"href":"https:\/\/verdadincomodadiario.ar\/index.php?rest_route=%2Fwp%2Fv2%2Fmedia&parent=9070"}],"wp:term":[{"taxonomy":"category","embeddable":true,"href":"https:\/\/verdadincomodadiario.ar\/index.php?rest_route=%2Fwp%2Fv2%2Fcategories&post=9070"},{"taxonomy":"post_tag","embeddable":true,"href":"https:\/\/verdadincomodadiario.ar\/index.php?rest_route=%2Fwp%2Fv2%2Ftags&post=9070"}],"curies":[{"name":"wp","href":"https:\/\/api.w.org\/{rel}","templated":true}]}}