{"id":9056,"date":"2025-06-26T19:25:08","date_gmt":"2025-06-26T19:25:08","guid":{"rendered":"https:\/\/verdadincomodadiario.ar\/?p=9056"},"modified":"2025-06-26T19:25:08","modified_gmt":"2025-06-26T19:25:08","slug":"desarticulan-en-cordoba-a-una-banda-narco-que-obligaba-a-vecinos-a-trabajar-para-ellos","status":"publish","type":"post","link":"https:\/\/verdadincomodadiario.ar\/?p=9056","title":{"rendered":"Desarticulan en C\u00f3rdoba a una banda narco que obligaba a vecinos a trabajar para ellos"},"content":{"rendered":"<p>Tres hombres\u00a0fueron <strong>detenidos esta semana tras una serie de allanamientos simult\u00e1neos.<\/strong> \u00c9stos sucedieron\u00a0en los barrios Cooperativa, Los Para\u00edsos y Las Magdalenas de la ciudad de <a href=\"https:\/\/derechadiario.com.ar\/sociedad\/desbaratan-banda-rural-tras-mas-20-robos-campos-cordoba-y-santa-fe\" title=\"Desbaratan banda rural tras m\u00e1s de 20 robos en campos de C\u00f3rdoba y Santa Fe\">C\u00f3rdoba<\/a>. El operativo fue coordinado por la Direcci\u00f3n de Coordinaci\u00f3n de Brigadas Civiles y forma parte de una investigaci\u00f3n por graves delitos contra la propiedad.<\/p>\n<p>Los sujetos est\u00e1n acusados de <strong>\u201clesiones graves por el uso de arma de fuego y amenazas\u201d<\/strong>, seg\u00fan informaron fuentes de la <a href=\"https:\/\/derechadiario.com.ar\/sociedad\/continuan-los-episodios-agresiones-policias-cordoba-capital\" title=\"Contin\u00faan los episodios de agresiones a polic\u00edas en C\u00f3rdoba Capital\">Polic\u00eda de C\u00f3rdoba<\/a>. Las detenciones se concretaron luego de una pesquisa que ven\u00eda desarroll\u00e1ndose desde hac\u00eda varias semanas y que logr\u00f3 reunir elementos probatorios clave.<\/p>\n<p>De acuerdo con lo se\u00f1alado por las fuentes, <strong>los hombres ejerc\u00edan un control territorial violento sobre los barrios.<\/strong> En este sentido, \u00a0<strong>obligaban a los vecinos a trabajar para ellos, bajo amenazas y con armas de fuego. En algunos casos, llegaron incluso a herir a personas con disparos.<\/strong><\/p>\n<div class=\"inter_image image_horizontal\">\n<picture><source class=\"img-responsive\" type=\"image\/webp\" data-srcset=\"https:\/\/filesedc.com\/uploads\/image\/post\/2025\/06\/captura-de-pantalla-2025-06-26-151318_300_200.webp 300w, https:\/\/filesedc.com\/uploads\/image\/post\/2025\/06\/captura-de-pantalla-2025-06-26-151318_630_420.webp 630w, https:\/\/filesedc.com\/uploads\/image\/post\/2025\/06\/captura-de-pantalla-2025-06-26-151318_760_507.webp 760w, https:\/\/filesedc.com\/uploads\/image\/post\/2025\/06\/captura-de-pantalla-2025-06-26-151318_1200_800.webp 1200w, https:\/\/filesedc.com\/uploads\/image\/post\/2025\/06\/captura-de-pantalla-2025-06-26-151318_1600_1067.webp 1600w, \"><img decoding=\"async\" src=\"https:\/\/derechadiario.com.ar\/filesedc\/uploads\/image\/post\/2025\/06\/captura-de-pantalla-2025-06-26-151318_1200_800.webp\" class=\"img-responsive lazyload\" alt=\"Pistola negra con el cargador separado sobre una superficie colorida\" title=\"Pistola negra con el cargador separado sobre una superficie colorida\"><\/picture>\n<div>\n<span class=\"img_footer\">Arma usada por la banda para amenzar a los vecinos <\/span>| <span class=\"img_author\">La Derecha Diario<\/span>\n<\/div>\n<\/div>\n<h2>Armas, droga y dinero: lo incautado<\/h2>\n<p>Durante los procedimientos, <strong>los efectivos lograron secuestrar un arma de fuego calibre 9 mil\u00edmetros, once cartuchos del mismo calibre, un tel\u00e9fono celular, $560.000 en efectivo y una importante cantidad de estupefacientes.<\/strong><\/p>\n<aside class=\"are-you-interested-container-photo\"><\/aside>\n<p>En total, <strong>se incautaron 309 gramos de marihuana y 111 gramos de clorhidrato de coca\u00edna.<\/strong>\u00a0 Todo el material hallado qued\u00f3 bajo custodia judicial para ser incorporado como evidencia en el proceso penal que se lleva adelante.<\/p>\n<p><strong>Los tres detenidos fueron trasladados a sede policial<\/strong>, donde quedaron a disposici\u00f3n de la Justicia provincial. La causa est\u00e1 caratulada como \u201clesiones graves agravadas por el uso de arma de fuego, amenazas calificadas y tenencia de estupefacientes con fines de comercializaci\u00f3n\u201d.<\/p>\n<aside class=\"whatsappChannelText\"><a href=\"https:\/\/whatsapp.com\/channel\/0029VagEjILGE56eKjedWF2U\" rel=\"nofollow\" title=\"WhatsApp Link\"><img alt=\"Logo de WhatsApp\" class=\"lazyload\" data-src=\"https:\/\/derechadiario.com.ar\/filesedc\/uploads\/other\/whatsapp_icon_mid_article.png\" width=\"32\" height=\"32\"><\/a> <a href=\"https:\/\/whatsapp.com\/channel\/0029VagEjILGE56eKjedWF2U\" rel=\"nofollow\" title=\"WhatsApp Link\"><strong>NO SE PIERDAN NINGUNA NOTICIA<\/strong>: Click aqu\u00ed para sumarte <strong>GRATIS<\/strong> al canal de noticias de <strong>La Derecha Diario en WhatsApp.<\/strong><\/a><\/aside>\n<figure><img decoding=\"async\" src=\"https:\/\/derechadiario.com.ar\/filesedc\/uploads\/image\/post\/2025\/06\/captura-de-pantalla-2025-06-26-151406_1200_800.webp\" class=\"img-responsive lazyload\" alt=\"Un polic\u00eda de C\u00f3rdoba de espaldas junto a una patrulla azul estacionada frente a un edificio de dos pisos\" title=\"Un polic\u00eda de C\u00f3rdoba de espaldas junto a una patrulla azul estacionada frente a un edificio de dos pisos\"><\/figure>\n<h2>Vecinos sometidos y organizados con fines criminales<\/h2>\n<p>Desde la fuerza policial explicaron que los integrantes de esta banda\u00a0comet\u00edan <strong>delitos contra la propiedad<\/strong>. Adem\u00e1s,\u00a0<strong>instalaban un r\u00e9gimen de amenazas e intimidaci\u00f3n entre los habitantes de la zona<\/strong>. \u201cObligaban a los vecinos a trabajar para ellos;\u00a0usaban el miedo, las armas y la droga como herramientas de sometimiento\u201d, detall\u00f3 un vocero del operativo.<\/p>\n<p>La investigaci\u00f3n continuar\u00e1 con el an\u00e1lisis de los elementos secuestrados, especialmente el contenido del celular y el dinero hallado. <strong>No se descarta que existan m\u00e1s involucrados<\/strong> ni que se realicen nuevos allanamientos en los pr\u00f3ximos d\u00edas.<\/p>\n","protected":false},"excerpt":{"rendered":"<p>Tres hombres\u00a0fueron detenidos esta semana tras una serie de allanamientos simult\u00e1neos. \u00c9stos sucedieron\u00a0en los barrios Cooperativa, Los Para\u00edsos y Las Magdalenas de la ciudad de C\u00f3rdoba. El operativo fue coordinado por la Direcci\u00f3n de Coordinaci\u00f3n de Brigadas Civiles y forma parte de una investigaci\u00f3n por graves delitos contra la propiedad. Los sujetos est\u00e1n acusados de [&hellip;]<\/p>\n","protected":false},"author":2,"featured_media":9057,"comment_status":"open","ping_status":"open","sticky":false,"template":"","format":"standard","meta":{"_et_pb_use_builder":"","_et_pb_old_content":"","_et_gb_content_width":"","footnotes":""},"categories":[84],"tags":[],"class_list":["post-9056","post","type-post","status-publish","format-standard","has-post-thumbnail","hentry","category-ultimomomento"],"_links":{"self":[{"href":"https:\/\/verdadincomodadiario.ar\/index.php?rest_route=\/wp\/v2\/posts\/9056","targetHints":{"allow":["GET"]}}],"collection":[{"href":"https:\/\/verdadincomodadiario.ar\/index.php?rest_route=\/wp\/v2\/posts"}],"about":[{"href":"https:\/\/verdadincomodadiario.ar\/index.php?rest_route=\/wp\/v2\/types\/post"}],"author":[{"embeddable":true,"href":"https:\/\/verdadincomodadiario.ar\/index.php?rest_route=\/wp\/v2\/users\/2"}],"replies":[{"embeddable":true,"href":"https:\/\/verdadincomodadiario.ar\/index.php?rest_route=%2Fwp%2Fv2%2Fcomments&post=9056"}],"version-history":[{"count":0,"href":"https:\/\/verdadincomodadiario.ar\/index.php?rest_route=\/wp\/v2\/posts\/9056\/revisions"}],"wp:featuredmedia":[{"embeddable":true,"href":"https:\/\/verdadincomodadiario.ar\/index.php?rest_route=\/wp\/v2\/media\/9057"}],"wp:attachment":[{"href":"https:\/\/verdadincomodadiario.ar\/index.php?rest_route=%2Fwp%2Fv2%2Fmedia&parent=9056"}],"wp:term":[{"taxonomy":"category","embeddable":true,"href":"https:\/\/verdadincomodadiario.ar\/index.php?rest_route=%2Fwp%2Fv2%2Fcategories&post=9056"},{"taxonomy":"post_tag","embeddable":true,"href":"https:\/\/verdadincomodadiario.ar\/index.php?rest_route=%2Fwp%2Fv2%2Ftags&post=9056"}],"curies":[{"name":"wp","href":"https:\/\/api.w.org\/{rel}","templated":true}]}}