{"id":9032,"date":"2025-06-26T17:30:20","date_gmt":"2025-06-26T17:30:20","guid":{"rendered":"https:\/\/verdadincomodadiario.ar\/?p=9032"},"modified":"2025-06-26T17:30:20","modified_gmt":"2025-06-26T17:30:20","slug":"ministerio-de-justicia-y-derechos-humanos-o-ministerio-de-la-verdad","status":"publish","type":"post","link":"https:\/\/verdadincomodadiario.ar\/?p=9032","title":{"rendered":"\u00bfMinisterio de Justicia y Derechos Humanos o Ministerio de la Verdad?"},"content":{"rendered":"<p><strong>Con el respaldo de la ONU y el aval de todos los partidos<\/strong>, Uruguay se encamina a crear un ministerio ideol\u00f3gico que amenaza con transformar la justicia en una herramienta de control pol\u00edtico y cultural.<\/p>\n<p>Este 25 de junio, el presidente de la Rep\u00fablica, Yamand\u00fa Orsi, ofreci\u00f3 otro vergonzoso discurso, balbuceante y redundante, en el cual reafirm\u00f3 su compromiso con la creaci\u00f3n del nuevo ministerio globalista.<\/p>\n<p><strong>Con el respaldo del Programa de las Naciones Unidas para el Desarrollo (PNUD)<\/strong>, en el auditorio del edificio anexo a la Torre Ejecutiva se realiz\u00f3 el seminario internacional <em>Hacia un Ministerio de Justicia y Derechos Humanos en Uruguay<\/em>.<\/p>\n<p><strong>La creaci\u00f3n de la nueva secretar\u00eda de Estado no fue promovida solo por el Frente Amplio<\/strong>: todos los partidos de la Coalici\u00f3n Republicana propusieron la inauguraci\u00f3n de una nueva capa de burocracia parasitaria al servicio de la Agenda 2030.<\/p>\n<p><strong>El Estado ya no cabe en Uruguay<\/strong><\/p>\n<p>Se trata de un terrible aumento del gasto p\u00fablico. Con esta incorporaci\u00f3n, el tama\u00f1o del Estado ser\u00e1 mayor, obligando a los uruguayos a sostener 15 ministerios. <strong>Una vez m\u00e1s y como es habitual, el costo de las innovaciones recae sobre los contribuyentes<\/strong>, quienes deber\u00e1n financiar una nueva estructura pol\u00edtica, administrativa y operativa exclusivamente globalista.<\/p>\n<p><strong>Con una poblaci\u00f3n de apenas 3,4 millones de habitantes<\/strong>, actualmente Uruguay mantiene 14 ministerios y una estructura estatal que emplea a m\u00e1s de 297.000 funcionarios p\u00fablicos. Se trata de una de las tasas m\u00e1s altas de Am\u00e9rica Latina: aproximadamente un funcionario por cada 11 personas, de los cuales alrededor de 75.853 trabajan directamente en las Secretar\u00edas de Estado.<\/p>\n<p><strong>La \u00faltima secretar\u00eda de Estado creada fue el Ministerio de Ambiente<\/strong>, establecido el 9 de julio de 2020 durante el gobierno de Luis Lacalle Pou mediante la Ley de Urgente Consideraci\u00f3n N.\u00b0 19.889.<\/p>\n<p>Su origen estuvo directamente vinculado con compromisos asumidos en campa\u00f1a electoral ante la organizaci\u00f3n internacional Fridays for Future, fundada por la ambientalista terrorista y militante de Ham\u00e1s, Greta Thunberg, para cumplir con las metas establecidas por la Agenda 2030 de Naciones Unidas.<\/p>\n<p><strong>El disfraz perfecto para el control global<\/strong><\/p>\n<p>El verdadero peligro no es \u00fanicamente presupuestal o burocr\u00e1tico. <strong>Es, por sobre todo, pol\u00edtico y cultural<\/strong>. Con la creaci\u00f3n del Ministerio de Justicia y Derechos Humanos, se busca imponer desde el Estado una visi\u00f3n moral cerrada y transnacional, que no surge del debate ciudadano ni de la soberan\u00eda democr\u00e1tica.<\/p>\n<p><strong>Lejos de garantizar m\u00e1s justicia<\/strong>, este ministerio podr\u00eda marcar el comienzo de una nueva forma de dominaci\u00f3n institucionalizada, en la que los derechos y principios son definidos desde arriba, sin discusi\u00f3n plural ni vigilancia efectiva.<\/p>\n<div class=\"inter_image image_horizontal\">\n<picture><source class=\"img-responsive\" type=\"image\/webp\" data-srcset=\"https:\/\/filesedc.com\/uploads\/image\/post\/2025\/06\/img-20250626-wa0081_300_200.webp 300w, https:\/\/filesedc.com\/uploads\/image\/post\/2025\/06\/img-20250626-wa0081_630_420.webp 630w, https:\/\/filesedc.com\/uploads\/image\/post\/2025\/06\/img-20250626-wa0081_760_507.webp 760w, https:\/\/filesedc.com\/uploads\/image\/post\/2025\/06\/img-20250626-wa0081_1200_800.webp 1200w, https:\/\/filesedc.com\/uploads\/image\/post\/2025\/06\/img-20250626-wa0081_1600_1067.webp 1600w, \"><img decoding=\"async\" src=\"https:\/\/derechadiario.com.ar\/filesedc\/uploads\/image\/post\/2025\/06\/img-20250626-wa0081_1200_800.webp\" class=\"img-responsive lazyload\" alt=\"Cinco personas sentadas en sillones negros participan en un panel frente a una pantalla que muestra el t\u00edtulo Seminario internacional Hacia un Ministerio de Justicia y Derechos Humanos en Uruguay\" title=\"Cinco personas sentadas en sillones negros participan en un panel frente a una pantalla que muestra el t\u00edtulo Seminario internacional Hacia un Ministerio de Justicia y Derechos Humanos en Uruguay\"><\/picture>\n<div>\n<span class=\"img_footer\">Imagen del seminario con clara injerencia externa. <\/span>| <span class=\"img_author\">Redacci\u00f3n<\/span>\n<\/div>\n<\/div>\n<p><strong>Se trata de un grave avance hacia la p\u00e9rdida de soberan\u00eda nacional<\/strong>, a trav\u00e9s de la integraci\u00f3n directa de nuestras estructuras estatales al entramado burocr\u00e1tico global.<\/p>\n<p><strong>En lugar de mejorar la justicia<\/strong>, el nuevo ministerio consolida una arquitectura del poder que opera en funci\u00f3n de intereses externos, no necesariamente coincidentes con la voluntad del pueblo uruguayo.<\/p>\n<p><em>Quiz\u00e1s tambi\u00e9n te interese <a href=\"https:\/\/derechadiario.com.ar\/uruguay\/opinion\/asi-luce-socialdemocracia\">este art\u00edculo sobre el curioso efecto est\u00e9tico de la socialdemocracia en el espacio urbano<\/a>, donde se analiza c\u00f3mo las ideas pol\u00edticas tambi\u00e9n modelan el paisaje f\u00edsico de las ciudades.<\/em><\/p>\n<p><strong>El Ministerio de la Verdad llega a Uruguay<\/strong><\/p>\n<p>Como si se tratara de una escena extra\u00edda de la distop\u00eda orwelliana, el nuevo Ministerio de Justicia y Derechos Humanos recuerda inquietantemente al Ministerio de la Verdad de la novela <em>1984<\/em> de George Orwell.<\/p>\n<p><strong>La creaci\u00f3n de este ministerio implica la reinterpretaci\u00f3n de la justicia desde el poder pol\u00edtico<\/strong>, la supresi\u00f3n del disenso bajo un discurso moralizante y la consolidaci\u00f3n de una \u00fanica narrativa obligatoria.<\/p>\n<p>No se trata de derechos humanos, sino de controlar el lenguaje y, por consiguiente, el pensamiento. <strong>Se trata de manipular definiciones, su aplicaci\u00f3n y alcance<\/strong>, desplazando la soberan\u00eda nacional en favor de normativas impuestas desde organismos internacionales que nadie eligi\u00f3.<\/p>\n<p><strong>La Justicia cercada por el Ejecutivo<\/strong><\/p>\n<p>Seg\u00fan lo establece la Constituci\u00f3n, el Poder Judicial debe ser un poder del Estado independiente. Pero si partimos de la base \u2014observable\u2014 de que esa independencia est\u00e1 erosionada, <strong>la creaci\u00f3n de este ministerio podr\u00eda profundizar peligrosamente el desequilibrio institucional.<\/strong><\/p>\n<figure><img decoding=\"async\" src=\"https:\/\/derechadiario.com.ar\/filesedc\/uploads\/image\/post\/2025\/06\/img-20250626-wa0078_1200_800.webp\" class=\"img-responsive lazyload\" alt=\"Hombre de mediana edad con traje azul hablando en p\u00fablico mientras sostiene un micr\u00f3fono y levanta la mano\" title=\"Hombre de mediana edad con traje azul hablando en p\u00fablico mientras sostiene un micr\u00f3fono y levanta la mano\"><\/figure>\n<p>En este escenario, un ministerio con amplias atribuciones en materia de justicia y derechos humanos corre el riesgo de convertirse en una herramienta de injerencia pol\u00edtica, bajo apariencia t\u00e9cnica o jur\u00eddica.<\/p>\n<p><em>Quiz\u00e1s tambi\u00e9n te interese <a href=\"https:\/\/derechadiario.com.ar\/uruguay\/politica\/mujica-delato-sus-companeros-y-colaboro-con-los-militares-1972\">esta nota sobre las contradicciones de Mujica durante los a\u00f1os 70<\/a>, una historia que revela los matices de la memoria oficial.<\/em><\/p>\n<p><strong>C\u00e1rceles, g\u00e9nero y reparaci\u00f3n: todo bajo un mismo ministerio<\/strong><\/p>\n<p>El nuevo ministerio podr\u00eda actuar como intermediario informal o canal de presi\u00f3n sobre jueces y fiscales, especialmente si se le asignan funciones administrativas o presupuestales sobre el sistema judicial.<\/p>\n<p>Adem\u00e1s, alineado con la agenda global, este ministerio tendr\u00eda la capacidad de imponer una \u00fanica visi\u00f3n oficial sobre cuestiones complejas como g\u00e9nero, diversidad, infancia o reparaci\u00f3n hist\u00f3rica.<\/p>\n<p><strong>Lejos de garantizar justicia<\/strong>, esta estructura amenaza con transformar el aparato estatal en un \u00f3rgano de doctrina ideol\u00f3gica, donde los derechos individuales ya no ser\u00e1n defendidos sino administrados.<\/p>\n<p>Y como si fuera poco, <strong>esta nueva maquinaria ser\u00e1 financiada por los propios contribuyentes uruguayos<\/strong>, que pagar\u00e1n para que el Estado les diga qu\u00e9 deben pensar, qu\u00e9 pueden decir y a qui\u00e9n deben obedecer.<\/p>\n","protected":false},"excerpt":{"rendered":"<p>Con el respaldo de la ONU y el aval de todos los partidos, Uruguay se encamina a crear un ministerio ideol\u00f3gico que amenaza con transformar la justicia en una herramienta de control pol\u00edtico y cultural. Este 25 de junio, el presidente de la Rep\u00fablica, Yamand\u00fa Orsi, ofreci\u00f3 otro vergonzoso discurso, balbuceante y redundante, en el [&hellip;]<\/p>\n","protected":false},"author":2,"featured_media":9033,"comment_status":"open","ping_status":"open","sticky":false,"template":"","format":"standard","meta":{"_et_pb_use_builder":"","_et_pb_old_content":"","_et_gb_content_width":"","footnotes":""},"categories":[84],"tags":[],"class_list":["post-9032","post","type-post","status-publish","format-standard","has-post-thumbnail","hentry","category-ultimomomento"],"_links":{"self":[{"href":"https:\/\/verdadincomodadiario.ar\/index.php?rest_route=\/wp\/v2\/posts\/9032","targetHints":{"allow":["GET"]}}],"collection":[{"href":"https:\/\/verdadincomodadiario.ar\/index.php?rest_route=\/wp\/v2\/posts"}],"about":[{"href":"https:\/\/verdadincomodadiario.ar\/index.php?rest_route=\/wp\/v2\/types\/post"}],"author":[{"embeddable":true,"href":"https:\/\/verdadincomodadiario.ar\/index.php?rest_route=\/wp\/v2\/users\/2"}],"replies":[{"embeddable":true,"href":"https:\/\/verdadincomodadiario.ar\/index.php?rest_route=%2Fwp%2Fv2%2Fcomments&post=9032"}],"version-history":[{"count":0,"href":"https:\/\/verdadincomodadiario.ar\/index.php?rest_route=\/wp\/v2\/posts\/9032\/revisions"}],"wp:featuredmedia":[{"embeddable":true,"href":"https:\/\/verdadincomodadiario.ar\/index.php?rest_route=\/wp\/v2\/media\/9033"}],"wp:attachment":[{"href":"https:\/\/verdadincomodadiario.ar\/index.php?rest_route=%2Fwp%2Fv2%2Fmedia&parent=9032"}],"wp:term":[{"taxonomy":"category","embeddable":true,"href":"https:\/\/verdadincomodadiario.ar\/index.php?rest_route=%2Fwp%2Fv2%2Fcategories&post=9032"},{"taxonomy":"post_tag","embeddable":true,"href":"https:\/\/verdadincomodadiario.ar\/index.php?rest_route=%2Fwp%2Fv2%2Ftags&post=9032"}],"curies":[{"name":"wp","href":"https:\/\/api.w.org\/{rel}","templated":true}]}}