{"id":8964,"date":"2025-06-26T02:26:15","date_gmt":"2025-06-26T02:26:15","guid":{"rendered":"https:\/\/verdadincomodadiario.ar\/?p=8964"},"modified":"2025-06-26T02:26:15","modified_gmt":"2025-06-26T02:26:15","slug":"la-nueva-emergencia-judicial-reavivo-temores-de-interferencia-politica-en-la-justicia","status":"publish","type":"post","link":"https:\/\/verdadincomodadiario.ar\/?p=8964","title":{"rendered":"La nueva emergencia judicial reaviv\u00f3 temores de interferencia pol\u00edtica en la justicia"},"content":{"rendered":"<p>La Asamblea Nacional aprob\u00f3 el 24 de junio de 2025 la Ley de Integridad P\u00fablica, una normativa presentada con car\u00e1cter econ\u00f3mico urgente. La ley incluye reformas al C\u00f3digo Org\u00e1nico de la Funci\u00f3n Judicial (COFJ) que han despertado preocupaci\u00f3n por posibles excesos en la administraci\u00f3n de justicia.<\/p>\n<p>Uno de los cambios m\u00e1s debatidos fue la inclusi\u00f3n del art\u00edculo 269.1, que habilita al Consejo de la Judicatura a declarar una emergencia judicial sin plazo definido. Esta figura otorga al organismo amplias facultades que podr\u00edan <strong>debilitar los principios de estabilidad y transparencia judicial<\/strong>.<\/p>\n<p>Con esta reforma, el Consejo podr\u00e1 realizar contrataciones por emergencia, reasignar recursos presupuestarios y aplicar un r\u00e9gimen especial de ingreso a la carrera judicial. Tambi\u00e9n se contempla la evaluaci\u00f3n anticipada de jueces y fiscales, sin garant\u00edas expl\u00edcitas de independencia institucional.<\/p>\n<p>Este mecanismo entra en vigor mientras los vocales del Consejo de la Judicatura contin\u00faan prorrogados desde hace m\u00e1s de 140 d\u00edas. <strong>La falta de nombramientos definitivos por parte del Consejo de Participaci\u00f3n Ciudadana refuerza la fragilidad del sistema<\/strong>.<\/p>\n<p>Actualmente, el Consejo de la Judicatura opera con solo tres vocales: Mario Godoy, Yolanda Yupangui y Solanda Goyes. La ausencia de representantes de la Defensor\u00eda P\u00fablica y la Asamblea <a href=\"https:\/\/derechadiario.com.ar\/ecuador\/politica\/presidente-noboa-inicio-su-gira-china-con-reunion-clave\" title=\"El presidente Noboa inici\u00f3 su gira en China con una reuni\u00f3n clave\">impide una representatividad plural<\/a>. Adem\u00e1s, Goyes enfrenta un juicio pol\u00edtico impulsado desde el oficialismo que podr\u00eda dejar al organismo sin qu\u00f3rum.<\/p>\n<div class=\"inter_image image_horizontal\">\n<picture><source class=\"img-responsive\" type=\"image\/webp\" data-srcset=\"https:\/\/filesedc.com\/uploads\/image\/post\/2025\/06\/screenshot-2025-06-25-at-11-39-10-una-nueva-metida-de-manos-a-la-justicia-asi-funciona-la-nueva-emergencia-judicial-que-plantea-la-asamblea_300_200.webp 300w, https:\/\/filesedc.com\/uploads\/image\/post\/2025\/06\/screenshot-2025-06-25-at-11-39-10-una-nueva-metida-de-manos-a-la-justicia-asi-funciona-la-nueva-emergencia-judicial-que-plantea-la-asamblea_630_420.webp 630w, https:\/\/filesedc.com\/uploads\/image\/post\/2025\/06\/screenshot-2025-06-25-at-11-39-10-una-nueva-metida-de-manos-a-la-justicia-asi-funciona-la-nueva-emergencia-judicial-que-plantea-la-asamblea_760_507.webp 760w, https:\/\/filesedc.com\/uploads\/image\/post\/2025\/06\/screenshot-2025-06-25-at-11-39-10-una-nueva-metida-de-manos-a-la-justicia-asi-funciona-la-nueva-emergencia-judicial-que-plantea-la-asamblea_1200_800.webp 1200w, https:\/\/filesedc.com\/uploads\/image\/post\/2025\/06\/screenshot-2025-06-25-at-11-39-10-una-nueva-metida-de-manos-a-la-justicia-asi-funciona-la-nueva-emergencia-judicial-que-plantea-la-asamblea_1600_1067.webp 1600w, \"><img decoding=\"async\" src=\"https:\/\/derechadiario.com.ar\/filesedc\/uploads\/image\/post\/2025\/06\/screenshot-2025-06-25-at-11-39-10-una-nueva-metida-de-manos-a-la-justicia-asi-funciona-la-nueva-emergencia-judicial-que-plantea-la-asamblea_1200_800.webp\" class=\"img-responsive lazyload\" alt=\"Fachada de un edificio moderno de vidrio con el logo del Consejo de la Judicatura y personas caminando cerca de la entrada principal\" title=\"Fachada de un edificio moderno de vidrio con el logo del Consejo de la Judicatura y personas caminando cerca de la entrada principal\"><\/picture>\n<div>\n<span class=\"img_footer\">Ley de Integridad P\u00fablica <\/span>| <span class=\"img_author\">La Derecha Diario<\/span>\n<\/div>\n<\/div>\n<p>El historial del sistema judicial ecuatoriano suma ya varias \u201cemergencias\u201d declaradas en per\u00edodos anteriores. Durante el gobierno de Rafael Correa, se disolvi\u00f3 el Consejo de la Judicatura y se instal\u00f3 uno transitorio, lo que sent\u00f3 las bases para una <strong>intervenci\u00f3n estatal directa en el sistema judicial<\/strong>.<\/p>\n<p>En 2018, el gobierno de Len\u00edn Moreno repiti\u00f3 el proceso mediante una consulta popular que termin\u00f3 con la creaci\u00f3n del Consejo de Participaci\u00f3n transitorio. Aquella etapa concluy\u00f3 con la destituci\u00f3n de vocales como Gustavo Jalkh por falta de legitimidad, adem\u00e1s de m\u00faltiples renuncias, censuras legislativas y procesos judiciales a vocales salientes.<\/p>\n<p>Wilman Ter\u00e1n, Xavier Mu\u00f1oz, Ruth Barreno y Juan Jos\u00e9 Morillo son parte de los exvocales que enfrentaron causas judiciales o admitieron v\u00ednculos con redes de corrupci\u00f3n. <strong>Estos <a href=\"https:\/\/derechadiario.com.ar\/ecuador\/politica\/acercamiento-ex-dictador-correa-con-iran-quedo-olvido\" title=\"El acercamiento de ex dictador Correa con Ir\u00e1n qued\u00f3 en el olvido\">antecedentes minan la confianza p\u00fablica<\/a> y evidencian la persistencia de estructuras vulnerables al crimen organizado<\/strong>.<\/p>\n<p>La nueva Ley de Integridad P\u00fablica promete atacar la corrupci\u00f3n y reorganizar la Funci\u00f3n Judicial, pero su implementaci\u00f3n bajo una estructura prorrogada y con atribuciones excepcionales <strong>plantea el riesgo de repetir los errores de intervenciones anteriores<\/strong>. La historia reciente demuestra que las emergencias judiciales, si no se ejecutan con transparencia y legitimidad, <strong>pueden derivar en mayor inestabilidad y desconfianza ciudadana<\/strong>.<\/p>\n","protected":false},"excerpt":{"rendered":"<p>La Asamblea Nacional aprob\u00f3 el 24 de junio de 2025 la Ley de Integridad P\u00fablica, una normativa presentada con car\u00e1cter econ\u00f3mico urgente. La ley incluye reformas al C\u00f3digo Org\u00e1nico de la Funci\u00f3n Judicial (COFJ) que han despertado preocupaci\u00f3n por posibles excesos en la administraci\u00f3n de justicia. Uno de los cambios m\u00e1s debatidos fue la inclusi\u00f3n [&hellip;]<\/p>\n","protected":false},"author":2,"featured_media":8965,"comment_status":"open","ping_status":"open","sticky":false,"template":"","format":"standard","meta":{"_et_pb_use_builder":"","_et_pb_old_content":"","_et_gb_content_width":"","footnotes":""},"categories":[84],"tags":[],"class_list":["post-8964","post","type-post","status-publish","format-standard","has-post-thumbnail","hentry","category-ultimomomento"],"_links":{"self":[{"href":"https:\/\/verdadincomodadiario.ar\/index.php?rest_route=\/wp\/v2\/posts\/8964","targetHints":{"allow":["GET"]}}],"collection":[{"href":"https:\/\/verdadincomodadiario.ar\/index.php?rest_route=\/wp\/v2\/posts"}],"about":[{"href":"https:\/\/verdadincomodadiario.ar\/index.php?rest_route=\/wp\/v2\/types\/post"}],"author":[{"embeddable":true,"href":"https:\/\/verdadincomodadiario.ar\/index.php?rest_route=\/wp\/v2\/users\/2"}],"replies":[{"embeddable":true,"href":"https:\/\/verdadincomodadiario.ar\/index.php?rest_route=%2Fwp%2Fv2%2Fcomments&post=8964"}],"version-history":[{"count":0,"href":"https:\/\/verdadincomodadiario.ar\/index.php?rest_route=\/wp\/v2\/posts\/8964\/revisions"}],"wp:featuredmedia":[{"embeddable":true,"href":"https:\/\/verdadincomodadiario.ar\/index.php?rest_route=\/wp\/v2\/media\/8965"}],"wp:attachment":[{"href":"https:\/\/verdadincomodadiario.ar\/index.php?rest_route=%2Fwp%2Fv2%2Fmedia&parent=8964"}],"wp:term":[{"taxonomy":"category","embeddable":true,"href":"https:\/\/verdadincomodadiario.ar\/index.php?rest_route=%2Fwp%2Fv2%2Fcategories&post=8964"},{"taxonomy":"post_tag","embeddable":true,"href":"https:\/\/verdadincomodadiario.ar\/index.php?rest_route=%2Fwp%2Fv2%2Ftags&post=8964"}],"curies":[{"name":"wp","href":"https:\/\/api.w.org\/{rel}","templated":true}]}}