{"id":8952,"date":"2025-06-25T22:24:03","date_gmt":"2025-06-25T22:24:03","guid":{"rendered":"https:\/\/verdadincomodadiario.ar\/?p=8952"},"modified":"2025-06-25T22:24:03","modified_gmt":"2025-06-25T22:24:03","slug":"el-canal-5-esta-al-servicio-de-la-izquierda-cultural","status":"publish","type":"post","link":"https:\/\/verdadincomodadiario.ar\/?p=8952","title":{"rendered":"El Canal 5 est\u00e1 al servicio de la izquierda cultural"},"content":{"rendered":"<p>Canal 5, conocido como Televisi\u00f3n Nacional de Uruguay (TNU), es el canal de <strong>televisi\u00f3n<\/strong> p\u00fablica del Estado.<\/p>\n<p>Operado por el Servicio de Comunicaci\u00f3n Audiovisual Nacional (<strong>SECAN<\/strong>), dependiente del Ministerio de Educaci\u00f3n y Cultura, comenz\u00f3 sus transmisiones el 19 de junio de 1963. Su sede est\u00e1 en Montevideo.<\/p>\n<p>A lo largo de todos los gobiernos, incluido el de Luis <strong>Lacalle<\/strong> Pou, el canal ha operado consistentemente para promover la agenda cultural de la izquierda, m\u00e1s all\u00e1 de los partidos pol\u00edticos.<\/p>\n<h2>La directora<\/h2>\n<p>La directora de Canal 5 (TNU) es <strong>Erika<\/strong>\u00a0<strong>Hoffmann<\/strong>, quien tambi\u00e9n preside el Servicio de Comunicaci\u00f3n Audiovisual Nacional (SECAN).\u00a0<\/p>\n<p>Asumi\u00f3 el cargo en marzo de 2025, con el gobierno de Yamand\u00fa <strong>Orsi<\/strong>.<\/p>\n<p>Naci\u00f3 en Montevideo hace 50 a\u00f1os. Est\u00e1 casada y tiene tres hijas. Pero lo relevante no es ni su estado civil ni su descendencia.\u00a0<\/p>\n<div class=\"inter_image image_horizontal\">\n<picture><source class=\"img-responsive\" type=\"image\/webp\" data-srcset=\"https:\/\/filesedc.com\/uploads\/image\/post\/2025\/06\/20250508-entrevista-erika-hoffman-directora-los-medios-publicos_300_200.webp 300w, https:\/\/filesedc.com\/uploads\/image\/post\/2025\/06\/20250508-entrevista-erika-hoffman-directora-los-medios-publicos_630_420.webp 630w, https:\/\/filesedc.com\/uploads\/image\/post\/2025\/06\/20250508-entrevista-erika-hoffman-directora-los-medios-publicos_760_507.webp 760w, https:\/\/filesedc.com\/uploads\/image\/post\/2025\/06\/20250508-entrevista-erika-hoffman-directora-los-medios-publicos_1200_800.webp 1200w, https:\/\/filesedc.com\/uploads\/image\/post\/2025\/06\/20250508-entrevista-erika-hoffman-directora-los-medios-publicos_1600_1067.webp 1600w, \"><img decoding=\"async\" src=\"https:\/\/derechadiario.com.ar\/filesedc\/uploads\/image\/post\/2025\/06\/20250508-entrevista-erika-hoffman-directora-los-medios-publicos_1200_800.webp\" class=\"img-responsive lazyload\" alt=\"Mujer de cabello rubio y gafas grandes observa atentamente hacia el frente\" title=\"Mujer de cabello rubio y gafas grandes observa atentamente hacia el frente\"><\/picture>\n<div>\n<span class=\"img_footer\">Erika Hoffmann  <\/span>| <span class=\"img_author\">La Derecha Diario<\/span>\n<\/div>\n<\/div>\n<p>Lo importante es su proyecto para un canal financiado con los <strong>impuestos<\/strong> de todos.<\/p>\n<p>Su padrastro, Pedro Ser\u00e9, fue uno de los fundadores de la <strong>Vertiente<\/strong> Artiguista.\u00a0<\/p>\n<p>Liber Seregni, l\u00edder hist\u00f3rico del Frente Amplio, frecuentaba su hogar durante reuniones fundacionales de la Vertiente en 1989.<\/p>\n<p>Ella no adhiri\u00f3 a la izquierda moderada de la Vertiente, sino que <strong>simpatiz\u00f3<\/strong> por el <strong>Partido<\/strong>\u00a0<strong>Comunista<\/strong>.<\/p>\n<h2>Sesgo medi\u00e1tico a favor de la izquierda cultural<\/h2>\n<p>El canal tuvo un rol marcado en la cobertura de las <strong>elecciones<\/strong> departamentales de mayo de 2025, con transmisiones en vivo y mesas de &#8220;an\u00e1lisis pol\u00edticos&#8221;.<\/p>\n<p>Estos &#8220;an\u00e1lisis&#8221; promov\u00edan narrativas alineadas con la izquierda cultural, reforzando su agenda <strong>ideol\u00f3gica<\/strong>.<\/p>\n<h2>Cobertura de la &#8220;Marcha del silencio&#8221;<\/h2>\n<p>Canal 5 cubri\u00f3 la Marcha del Silencio 2025 con un sesgo a favor de los familiares de los denominados &#8220;<strong>desaparecidos<\/strong>&#8220;, y una impronta anti militar, en l\u00ednea con la agenda cultural de la izquierda.<\/p>\n<p>Se transmiti\u00f3 en vivo y tambi\u00e9n a trav\u00e9s de YouTube.<\/p>\n<p>La transmisi\u00f3n de la marcha del 20 de mayo, realizada por el canal que se financia con los <strong>impuestos<\/strong> de todos, comenz\u00f3 alrededor de las 19 horas, capturando el recorrido y los momentos clave por la avenida 18 de julio.<\/p>\n<p>Hoffmann, desde el canal que deber\u00eda ser de todos los uruguayos, prioriz\u00f3 las proclamas de quienes marchaban, alineadas con la <strong>narrativa<\/strong> de la izquierda cultural.<\/p>\n<p>Se difundi\u00f3 la idea de que en Uruguay hay 197 <strong>desaparecidos<\/strong>, cuando en realidad hay 33 o 34, ya que el resto desapareci\u00f3 en territorio argentino.<\/p>\n<figure><img decoding=\"async\" src=\"https:\/\/derechadiario.com.ar\/filesedc\/uploads\/image\/post\/2025\/06\/descarga-1750887820770_1200_800.webp\" class=\"img-responsive lazyload\" alt=\"Logo de la Televisi\u00f3n Nacional de Uruguay con un n\u00famero cinco en negro sobre fondo celeste\" title=\"Logo de la Televisi\u00f3n Nacional de Uruguay con un n\u00famero cinco en negro sobre fondo celeste\"><\/figure>\n<p>El canal ocult\u00f3 que los familiares de los desaparecidos cobran indemnizaciones y reparaciones millonarias, tambi\u00e9n omiti\u00f3 que muchos de los desaparecidos fueron <strong>guerrilleros<\/strong> que cometieron <strong>delitos<\/strong> de sangre y atentaron contra la Rep\u00fablica.\u00a0<\/p>\n<p>El canal, que se financia con los impuestos de todos, utiliz\u00f3 la marcha del 20 de mayo para fomentar el <strong>relato<\/strong> de la izquierda cultural, generando un clima de odio y venganza.<\/p>\n<p>Se difundieron <strong>mentiras<\/strong>, y se injuri\u00f3 a personas y organizaciones que no son de simpat\u00eda de la izquierda cultural.<\/p>\n<p>Se us\u00f3 un canal que se financia con los impuestos de los contribuyentes para promover una marcha alineada con la izquierda <strong>radical<\/strong>, donde se difundieron falsedades y se ocultaron verdades.<\/p>\n<p>En los d\u00edas posteriores al 20 de mayo, Canal 5 insisti\u00f3 en el asunto de los desaparecidos, repitiendo la narrativa de que en Uruguay hubo casi 200.\u00a0<\/p>\n<p>En ning\u00fan momento se hizo referencia a las <strong>reparaciones<\/strong> econ\u00f3micas que cobran los familiares, pagadas con los impuestos de la gente.<\/p>\n<p>No se mencion\u00f3 que los desaparecidos pertenecieron a bandas terroristas que atacaron la institucionalidad, y que muchos de ellos cometieron <strong>delitos<\/strong> de sangre.<\/p>\n<h2>Programas &#8220;period\u00edsticos&#8221;<\/h2>\n<p>Desde marzo, el canal ha profundizado en sus programas &#8220;period\u00edsticos&#8221;, que funcionan como propaganda de la agenda cultural de la izquierda.<\/p>\n<p>Cuando se invita a alg\u00fan pol\u00edtico, las preguntas suelen estar dise\u00f1adas para reforzar las <strong>narrativas<\/strong> de la izquierda cultural, sin importar su afiliaci\u00f3n pol\u00edtica.\u00a0<\/p>\n<p>Los &#8220;an\u00e1lisis pol\u00edticos&#8221; suelen ser realizados por el opin\u00f3logo Daniel <strong>Chasquetti<\/strong>, que en su juventud milit\u00f3 en el Partido Comunista.\u00a0<\/p>\n<h2>Un canal al servicio de una agenda ideol\u00f3gica<\/h2>\n<p>En definitiva, el canal, que se financia con los <strong>impuestos<\/strong> de todos los contribuyentes, se ha transformado en un arma de propaganda para la agenda cultural de la izquierda, un patr\u00f3n que se ha mantenido a lo largo de todos los gobiernos, incluido el de Luis Lacalle Pou.<\/p>\n<figure><img decoding=\"async\" src=\"https:\/\/derechadiario.com.ar\/filesedc\/uploads\/image\/post\/2025\/06\/rs258808-20250207dv-10605-lpr-700w_1200_800.webp\" class=\"img-responsive lazyload\" alt=\"Fachada gris de un edificio con un gran n\u00famero cinco blanco y el logo de Montevideo Futuro Uruguay\" title=\"Fachada gris de un edificio con un gran n\u00famero cinco blanco y el logo de Montevideo Futuro Uruguay\"><\/figure>\n<p>No hay pluralismo ni se expresan voces que desaf\u00eden esta agenda. Lo que hay es un relato permanente a favor de la <strong>izquierda<\/strong> cultural.<\/p>\n<p>El canal se est\u00e1 pareciendo al de los gobiernos <strong>socialistas<\/strong> autoritarios, que usan un medio de comunicaci\u00f3n que deber\u00eda ser de todos para fines ideol\u00f3gicos.\u00a0<\/p>\n<p>Si Canal 5 sigue por este rumbo, se convertir\u00e1 en Venezolana de Televisi\u00f3n, el canal de la dictadura <strong>chavista<\/strong>, donde solo se promueve una narrativa ideol\u00f3gica y se difama a quienes no la comparten.\u00a0<\/p>\n<p>Lo mejor ser\u00eda <strong>cerrar<\/strong> para siempre el canal, y que el dinero que los uruguayos pagan para financiarlo se utilice en algo m\u00e1s \u00fatil.<\/p>\n","protected":false},"excerpt":{"rendered":"<p>Canal 5, conocido como Televisi\u00f3n Nacional de Uruguay (TNU), es el canal de televisi\u00f3n p\u00fablica del Estado. Operado por el Servicio de Comunicaci\u00f3n Audiovisual Nacional (SECAN), dependiente del Ministerio de Educaci\u00f3n y Cultura, comenz\u00f3 sus transmisiones el 19 de junio de 1963. Su sede est\u00e1 en Montevideo. A lo largo de todos los gobiernos, incluido [&hellip;]<\/p>\n","protected":false},"author":2,"featured_media":8953,"comment_status":"open","ping_status":"open","sticky":false,"template":"","format":"standard","meta":{"_et_pb_use_builder":"","_et_pb_old_content":"","_et_gb_content_width":"","footnotes":""},"categories":[84],"tags":[],"class_list":["post-8952","post","type-post","status-publish","format-standard","has-post-thumbnail","hentry","category-ultimomomento"],"_links":{"self":[{"href":"https:\/\/verdadincomodadiario.ar\/index.php?rest_route=\/wp\/v2\/posts\/8952","targetHints":{"allow":["GET"]}}],"collection":[{"href":"https:\/\/verdadincomodadiario.ar\/index.php?rest_route=\/wp\/v2\/posts"}],"about":[{"href":"https:\/\/verdadincomodadiario.ar\/index.php?rest_route=\/wp\/v2\/types\/post"}],"author":[{"embeddable":true,"href":"https:\/\/verdadincomodadiario.ar\/index.php?rest_route=\/wp\/v2\/users\/2"}],"replies":[{"embeddable":true,"href":"https:\/\/verdadincomodadiario.ar\/index.php?rest_route=%2Fwp%2Fv2%2Fcomments&post=8952"}],"version-history":[{"count":0,"href":"https:\/\/verdadincomodadiario.ar\/index.php?rest_route=\/wp\/v2\/posts\/8952\/revisions"}],"wp:featuredmedia":[{"embeddable":true,"href":"https:\/\/verdadincomodadiario.ar\/index.php?rest_route=\/wp\/v2\/media\/8953"}],"wp:attachment":[{"href":"https:\/\/verdadincomodadiario.ar\/index.php?rest_route=%2Fwp%2Fv2%2Fmedia&parent=8952"}],"wp:term":[{"taxonomy":"category","embeddable":true,"href":"https:\/\/verdadincomodadiario.ar\/index.php?rest_route=%2Fwp%2Fv2%2Fcategories&post=8952"},{"taxonomy":"post_tag","embeddable":true,"href":"https:\/\/verdadincomodadiario.ar\/index.php?rest_route=%2Fwp%2Fv2%2Ftags&post=8952"}],"curies":[{"name":"wp","href":"https:\/\/api.w.org\/{rel}","templated":true}]}}