{"id":8950,"date":"2025-06-25T21:24:24","date_gmt":"2025-06-25T21:24:24","guid":{"rendered":"https:\/\/verdadincomodadiario.ar\/?p=8950"},"modified":"2025-06-25T21:24:24","modified_gmt":"2025-06-25T21:24:24","slug":"interior-de-cordoba-intento-incendiar-la-casa-con-su-ex-pareja-y-sus-hijos-adentro","status":"publish","type":"post","link":"https:\/\/verdadincomodadiario.ar\/?p=8950","title":{"rendered":"Interior de C\u00f3rdoba: intent\u00f3 incendiar la casa con su ex pareja y sus hijos adentro"},"content":{"rendered":"<p>Un hombre de 43 a\u00f1os fue detenido tras <strong>intentar prender fuego una vivienda<\/strong> en la que se encontraba su ex pareja junto a los tres hijos que tienen en com\u00fan. El hecho ocurri\u00f3 en la localidad de <strong>Estaci\u00f3n Los Cha\u00f1aritos<\/strong>, ubicada en el interior de la provincia de <a href=\"https:\/\/derechadiario.com.ar\/politica\/turismo-politico-cordoba-exporta-viajeros-frecuentes-que-veces-son-legisladores\" title=\"Turismo pol\u00edtico: C\u00f3rdoba exporta viajeros frecuentes que, a veces, son legisladores\">C\u00f3rdoba<\/a>, el martes por la tarde. La intervenci\u00f3n estuvo a cargo de personal policial de Santiago Temple.<\/p>\n<p>Seg\u00fan informaron fuentes oficiales, <strong>el agresor lleg\u00f3 al domicilio y agredi\u00f3 f\u00edsicamente a la mujer. Luego de eso, procedi\u00f3\u00a0a\u00a0rociar con nafta distintos muebles del interior de la vivienda.<\/strong> Acto seguido, inici\u00f3 un principio de incendio mientras las v\u00edctimas se encontraban dentro del inmueble.<\/p>\n<aside class=\"whatsappChannelText\"><a href=\"https:\/\/whatsapp.com\/channel\/0029VagEjILGE56eKjedWF2U\" rel=\"nofollow\" title=\"WhatsApp Link\"><img alt=\"Logo de WhatsApp\" class=\"lazyload\" data-src=\"https:\/\/derechadiario.com.ar\/filesedc\/uploads\/other\/whatsapp_icon_mid_article.png\" width=\"32\" height=\"32\"><\/a> <a href=\"https:\/\/whatsapp.com\/channel\/0029VagEjILGE56eKjedWF2U\" rel=\"nofollow\" title=\"WhatsApp Link\"><strong>NO SE PIERDAN NINGUNA NOTICIA<\/strong>: Click aqu\u00ed para sumarte <strong>GRATIS<\/strong> al canal de noticias de <strong>La Derecha Diario en WhatsApp.<\/strong><\/a><\/aside>\n<p>Minutos despu\u00e9s arribaron al lugar <strong><a href=\"https:\/\/derechadiario.com.ar\/sociedad\/continuan-los-episodios-agresiones-policias-cordoba-capital\" title=\"Contin\u00faan los episodios de agresiones a polic\u00edas en C\u00f3rdoba Capital\">efectivos policiales<\/a> y bomberos<\/strong>, quienes <strong>lograron contener el fuego y asistir a la familia<\/strong>. Afortunadamente, <strong>tanto la mujer como sus hijos resultaron ilesos.<\/strong> La r\u00e1pida acci\u00f3n de los equipos de emergencia evit\u00f3 que las llamas se propagaran.<\/p>\n<div class=\"inter_image image_horizontal\">\n<picture><source class=\"img-responsive\" type=\"image\/webp\" data-srcset=\"https:\/\/filesedc.com\/uploads\/image\/post\/2025\/06\/captura-de-pantalla-2025-06-25-180613_300_200.webp 300w, https:\/\/filesedc.com\/uploads\/image\/post\/2025\/06\/captura-de-pantalla-2025-06-25-180613_630_420.webp 630w, https:\/\/filesedc.com\/uploads\/image\/post\/2025\/06\/captura-de-pantalla-2025-06-25-180613_760_507.webp 760w, https:\/\/filesedc.com\/uploads\/image\/post\/2025\/06\/captura-de-pantalla-2025-06-25-180613_1200_800.webp 1200w, https:\/\/filesedc.com\/uploads\/image\/post\/2025\/06\/captura-de-pantalla-2025-06-25-180613_1600_1067.webp 1600w, \"><img decoding=\"async\" src=\"https:\/\/derechadiario.com.ar\/filesedc\/uploads\/image\/post\/2025\/06\/captura-de-pantalla-2025-06-25-180613_1200_800.webp\" class=\"img-responsive lazyload\" alt=\"Cami\u00f3n de bomberos rojo estacionado en una calle urbana con edificios al fondo\" title=\"Cami\u00f3n de bomberos rojo estacionado en una calle urbana con edificios al fondo\"><\/picture>\n<div>\n<span class=\"img_footer\">Efectivos policiales y bomberos lograron contener el fuego y asistir a la familia <\/span>| <span class=\"img_author\">La Derecha Diario<\/span>\n<\/div>\n<\/div>\n<h2>Fue hallado oculto y qued\u00f3 a disposici\u00f3n de la Justicia<\/h2>\n<p>Durante el operativo, los efectivos policiales revisaron la vivienda hasta encontrar al sospechoso <strong>escondido debajo de una cama<\/strong>. Fue reducido en el lugar y trasladado inmediatamente a sede judicial.<\/p>\n<aside class=\"are-you-interested-container-photo\"><\/aside>\n<p>Desde la fuerza indicaron que el hombre qued\u00f3 a disposici\u00f3n de la Justicia, acusado de <strong>violencia familiar e intento de incendio<\/strong>. El hecho es investigado por las autoridades competentes de la jurisdicci\u00f3n.<\/p>\n<p>Fuentes policiales remarcaron que \u201cla pronta intervenci\u00f3n evit\u00f3 consecuencias mayores\u201d, y destacaron que <strong>se brind\u00f3 asistencia inmediata a las v\u00edctimas<\/strong>. Por el momento, se aguardan definiciones judiciales sobre su situaci\u00f3n procesal.<\/p>\n","protected":false},"excerpt":{"rendered":"<p>Un hombre de 43 a\u00f1os fue detenido tras intentar prender fuego una vivienda en la que se encontraba su ex pareja junto a los tres hijos que tienen en com\u00fan. El hecho ocurri\u00f3 en la localidad de Estaci\u00f3n Los Cha\u00f1aritos, ubicada en el interior de la provincia de C\u00f3rdoba, el martes por la tarde. La [&hellip;]<\/p>\n","protected":false},"author":2,"featured_media":8951,"comment_status":"open","ping_status":"open","sticky":false,"template":"","format":"standard","meta":{"_et_pb_use_builder":"","_et_pb_old_content":"","_et_gb_content_width":"","footnotes":""},"categories":[84],"tags":[],"class_list":["post-8950","post","type-post","status-publish","format-standard","has-post-thumbnail","hentry","category-ultimomomento"],"_links":{"self":[{"href":"https:\/\/verdadincomodadiario.ar\/index.php?rest_route=\/wp\/v2\/posts\/8950","targetHints":{"allow":["GET"]}}],"collection":[{"href":"https:\/\/verdadincomodadiario.ar\/index.php?rest_route=\/wp\/v2\/posts"}],"about":[{"href":"https:\/\/verdadincomodadiario.ar\/index.php?rest_route=\/wp\/v2\/types\/post"}],"author":[{"embeddable":true,"href":"https:\/\/verdadincomodadiario.ar\/index.php?rest_route=\/wp\/v2\/users\/2"}],"replies":[{"embeddable":true,"href":"https:\/\/verdadincomodadiario.ar\/index.php?rest_route=%2Fwp%2Fv2%2Fcomments&post=8950"}],"version-history":[{"count":0,"href":"https:\/\/verdadincomodadiario.ar\/index.php?rest_route=\/wp\/v2\/posts\/8950\/revisions"}],"wp:featuredmedia":[{"embeddable":true,"href":"https:\/\/verdadincomodadiario.ar\/index.php?rest_route=\/wp\/v2\/media\/8951"}],"wp:attachment":[{"href":"https:\/\/verdadincomodadiario.ar\/index.php?rest_route=%2Fwp%2Fv2%2Fmedia&parent=8950"}],"wp:term":[{"taxonomy":"category","embeddable":true,"href":"https:\/\/verdadincomodadiario.ar\/index.php?rest_route=%2Fwp%2Fv2%2Fcategories&post=8950"},{"taxonomy":"post_tag","embeddable":true,"href":"https:\/\/verdadincomodadiario.ar\/index.php?rest_route=%2Fwp%2Fv2%2Ftags&post=8950"}],"curies":[{"name":"wp","href":"https:\/\/api.w.org\/{rel}","templated":true}]}}