{"id":8948,"date":"2025-06-25T21:24:25","date_gmt":"2025-06-25T21:24:25","guid":{"rendered":"https:\/\/verdadincomodadiario.ar\/?p=8948"},"modified":"2025-06-25T21:24:25","modified_gmt":"2025-06-25T21:24:25","slug":"cordoba-proponen-arrestos-de-hasta-15-dias-para-conductores-que-reincidan-ebrios","status":"publish","type":"post","link":"https:\/\/verdadincomodadiario.ar\/?p=8948","title":{"rendered":"C\u00f3rdoba: proponen arrestos de hasta 15 d\u00edas para conductores que reincidan ebrios"},"content":{"rendered":"<p>El Concejo Deliberante de C\u00f3rdoba analiza una propuesta para <a href=\"https:\/\/derechadiario.com.ar\/politica\/cordoba-passerini-impulsa-reformar-codigo-convivencia-que-casi-no-se-aplica\" title=\"C\u00f3rdoba: Passerini impulsa reformar un C\u00f3digo de Convivencia que casi no se aplica\">modificar el C\u00f3digo de Convivencia local<\/a>. La iniciativa contempla la <strong>aplicaci\u00f3n de arrestos de hasta 15 d\u00edas para personas que reincidan en conducir bajo los efectos del alcohol<\/strong>. La medida est\u00e1 a\u00fan en etapa de evaluaci\u00f3n legislativa.<\/p>\n<p>El titular de la Justicia Administrativa de Faltas, <strong>Juan Manuel Ar\u00e1oz<\/strong>, explic\u00f3 que la iniciativa se basa en la preocupaci\u00f3n por la seguridad vial. En declaraciones a Cadena 3, asegur\u00f3 que <strong>\u201cla pena de arresto puede ser un mecanismo positivo para modificar la conducta\u201d<\/strong>. La propuesta apunta a disuadir conductas peligrosas al volante.<\/p>\n<p>Seg\u00fan la Constituci\u00f3n de la Provincia, <strong>las municipalidades tienen competencia para imponer arrestos<\/strong>. Ar\u00e1oz indic\u00f3 que se pretende utilizar ese recurso en casos de reincidencia por alcoholemia. Tambi\u00e9n se mencion\u00f3 la posibilidad de aplicar sanciones similares en el \u00e1mbito ambiental.<\/p>\n<div class=\"inter_image image_horizontal\">\n<picture><source class=\"img-responsive\" type=\"image\/webp\" data-srcset=\"https:\/\/filesedc.com\/uploads\/image\/post\/2025\/06\/captura-de-pantalla-2025-06-25-172009_300_200.webp 300w, https:\/\/filesedc.com\/uploads\/image\/post\/2025\/06\/captura-de-pantalla-2025-06-25-172009_630_420.webp 630w, https:\/\/filesedc.com\/uploads\/image\/post\/2025\/06\/captura-de-pantalla-2025-06-25-172009_760_507.webp 760w, https:\/\/filesedc.com\/uploads\/image\/post\/2025\/06\/captura-de-pantalla-2025-06-25-172009_1200_800.webp 1200w, https:\/\/filesedc.com\/uploads\/image\/post\/2025\/06\/captura-de-pantalla-2025-06-25-172009_1600_1067.webp 1600w, \"><img decoding=\"async\" src=\"https:\/\/derechadiario.com.ar\/filesedc\/uploads\/image\/post\/2025\/06\/captura-de-pantalla-2025-06-25-172009_1200_800.webp\" class=\"img-responsive lazyload\" alt=\"Dos polic\u00edas de tr\u00e1nsito con chalecos reflectantes revisan documentos y toman notas junto a un autom\u00f3vil detenido en un control vehicular en la carretera\" title=\"Dos polic\u00edas de tr\u00e1nsito con chalecos reflectantes revisan documentos y toman notas junto a un autom\u00f3vil detenido en un control vehicular en la carretera\"><\/picture>\n<div>\n<span class=\"img_footer\">Actualmente, hay multas que superan los cinco millones de pesos <\/span>| <span class=\"img_author\">La Derecha Diario<\/span>\n<\/div>\n<\/div>\n<h2>Cambios en el C\u00f3digo de Convivencia<\/h2>\n<p>Actualmente, las sanciones m\u00e1s graves por repetir infracciones por alcoholemia incluyen <strong>multas que superan los cinco millones de pesos<\/strong>. <strong>Tambi\u00e9n se contempla la suspensi\u00f3n de la licencia de conducir.<\/strong> A esto se suma la obligatoriedad de realizar cursos de capacitaci\u00f3n vial.<\/p>\n<aside class=\"are-you-interested-container-photo\"><\/aside>\n<p>En <a href=\"https:\/\/derechadiario.com.ar\/politica\/turismo-politico-cordoba-exporta-viajeros-frecuentes-que-veces-son-legisladores\" title=\"Turismo pol\u00edtico: C\u00f3rdoba exporta viajeros frecuentes que, a veces, son legisladores\">C\u00f3rdoba Capital<\/a>, los controles de alcoholemia son llevados a cabo de forma habitual. As\u00ed lo se\u00f1al\u00f3 el propio Ar\u00e1oz, quien defendi\u00f3 el sistema como herramienta preventiva. <strong>La intenci\u00f3n es complementar los operativos con sanciones m\u00e1s firmes en casos reiterados.<\/strong><\/p>\n<aside class=\"whatsappChannelText\"><a href=\"https:\/\/whatsapp.com\/channel\/0029VagEjILGE56eKjedWF2U\" rel=\"nofollow\" title=\"WhatsApp Link\"><img alt=\"Logo de WhatsApp\" class=\"lazyload\" data-src=\"https:\/\/derechadiario.com.ar\/filesedc\/uploads\/other\/whatsapp_icon_mid_article.png\" width=\"32\" height=\"32\"><\/a> <a href=\"https:\/\/whatsapp.com\/channel\/0029VagEjILGE56eKjedWF2U\" rel=\"nofollow\" title=\"WhatsApp Link\"><strong>NO SE PIERDAN NINGUNA NOTICIA<\/strong>: Click aqu\u00ed para sumarte <strong>GRATIS<\/strong> al canal de noticias de <strong>La Derecha Diario en WhatsApp.<\/strong><\/a><\/aside>\n<p><strong>La propuesta se encuentra en tratamiento dentro del Concejo Deliberante.<\/strong> Se espera que en los pr\u00f3ximos d\u00edas se defina si la modificaci\u00f3n del C\u00f3digo es aprobada o no. De avanzar, marcar\u00eda un cambio relevante en las pol\u00edticas locales de tr\u00e1nsito.<\/p>\n","protected":false},"excerpt":{"rendered":"<p>El Concejo Deliberante de C\u00f3rdoba analiza una propuesta para modificar el C\u00f3digo de Convivencia local. La iniciativa contempla la aplicaci\u00f3n de arrestos de hasta 15 d\u00edas para personas que reincidan en conducir bajo los efectos del alcohol. La medida est\u00e1 a\u00fan en etapa de evaluaci\u00f3n legislativa. El titular de la Justicia Administrativa de Faltas, Juan [&hellip;]<\/p>\n","protected":false},"author":2,"featured_media":8949,"comment_status":"open","ping_status":"open","sticky":false,"template":"","format":"standard","meta":{"_et_pb_use_builder":"","_et_pb_old_content":"","_et_gb_content_width":"","footnotes":""},"categories":[84],"tags":[],"class_list":["post-8948","post","type-post","status-publish","format-standard","has-post-thumbnail","hentry","category-ultimomomento"],"_links":{"self":[{"href":"https:\/\/verdadincomodadiario.ar\/index.php?rest_route=\/wp\/v2\/posts\/8948","targetHints":{"allow":["GET"]}}],"collection":[{"href":"https:\/\/verdadincomodadiario.ar\/index.php?rest_route=\/wp\/v2\/posts"}],"about":[{"href":"https:\/\/verdadincomodadiario.ar\/index.php?rest_route=\/wp\/v2\/types\/post"}],"author":[{"embeddable":true,"href":"https:\/\/verdadincomodadiario.ar\/index.php?rest_route=\/wp\/v2\/users\/2"}],"replies":[{"embeddable":true,"href":"https:\/\/verdadincomodadiario.ar\/index.php?rest_route=%2Fwp%2Fv2%2Fcomments&post=8948"}],"version-history":[{"count":0,"href":"https:\/\/verdadincomodadiario.ar\/index.php?rest_route=\/wp\/v2\/posts\/8948\/revisions"}],"wp:featuredmedia":[{"embeddable":true,"href":"https:\/\/verdadincomodadiario.ar\/index.php?rest_route=\/wp\/v2\/media\/8949"}],"wp:attachment":[{"href":"https:\/\/verdadincomodadiario.ar\/index.php?rest_route=%2Fwp%2Fv2%2Fmedia&parent=8948"}],"wp:term":[{"taxonomy":"category","embeddable":true,"href":"https:\/\/verdadincomodadiario.ar\/index.php?rest_route=%2Fwp%2Fv2%2Fcategories&post=8948"},{"taxonomy":"post_tag","embeddable":true,"href":"https:\/\/verdadincomodadiario.ar\/index.php?rest_route=%2Fwp%2Fv2%2Ftags&post=8948"}],"curies":[{"name":"wp","href":"https:\/\/api.w.org\/{rel}","templated":true}]}}