{"id":8932,"date":"2025-06-25T19:24:12","date_gmt":"2025-06-25T19:24:12","guid":{"rendered":"https:\/\/verdadincomodadiario.ar\/?p=8932"},"modified":"2025-06-25T19:24:12","modified_gmt":"2025-06-25T19:24:12","slug":"carlos-romero-critico-la-violencia-impulsada-por-evo-el-evismo-lo-llamo-traidor","status":"publish","type":"post","link":"https:\/\/verdadincomodadiario.ar\/?p=8932","title":{"rendered":"Carlos Romero critic\u00f3 la violencia impulsada por Evo: El evismo lo llam\u00f3 traidor"},"content":{"rendered":"<p>El exministro de Gobierno, Carlos Romero, reapareci\u00f3 para responder a las acusaciones del evismo. Neg\u00f3 cualquier \u00a0<strong>v\u00ednculo con la <a href=\"https:\/\/derechadiario.com.ar\/bolivia\/politica\/elecciones-tcp-restituyo-sigla-andronico-rodriguez-y-dejo-fuera-evo-morales\" title=\"Elecciones: TCP restituy\u00f3 la sigla de Andr\u00f3nico Rodr\u00edguez y dej\u00f3 fuera a Evo Morales\">candidatura de Andr\u00f3nico Rodr\u00edguez <\/a>y rechaz\u00f3 las acusaciones<\/strong> de dirigentes afines a Morales.<\/p>\n<p>Recientemente, el diputado \u00c1nyelo C\u00e9spedes lo calific\u00f3 como <strong>\u201cel \u00faltimo traidor\u201d de Evo Morales<\/strong>. Romero respondi\u00f3 que su alejamiento del evismo es voluntario. Afirm\u00f3 que no tiene aspiraciones pol\u00edticas y que no participar\u00e1 en disputas internas.<\/p>\n<p>En conferencia de prensa, el exministro <strong>neg\u00f3 reuniones con dirigentes de la Alianza Popular<\/strong>. Desminti\u00f3 haber negociado una candidatura a la Vicepresidencia con Rodr\u00edguez.<\/p>\n<p>As\u00ed mismo, indic\u00f3 que su retiro es <strong>un \u201crepliegue sistem\u00e1tico\u201d frente a la pelea fratricida dentro del MAS<\/strong>. Reiter\u00f3 que no busca ning\u00fan cargo. Asegur\u00f3 que su aporte ser\u00e1 no involucrarse en enfrentamientos personales.<\/p>\n<h2>No quiere que lo llamen traidor<\/h2>\n<div class=\"inter_image image_horizontal\">\n<picture><source class=\"img-responsive\" type=\"image\/webp\" data-srcset=\"https:\/\/filesedc.com\/uploads\/image\/post\/2025\/06\/1750805226195_300_200.webp 300w, https:\/\/filesedc.com\/uploads\/image\/post\/2025\/06\/1750805226195_630_420.webp 630w, https:\/\/filesedc.com\/uploads\/image\/post\/2025\/06\/1750805226195_760_507.webp 760w, https:\/\/filesedc.com\/uploads\/image\/post\/2025\/06\/1750805226195_1200_800.webp 1200w, https:\/\/filesedc.com\/uploads\/image\/post\/2025\/06\/1750805226195_1600_1067.webp 1600w, \"><img decoding=\"async\" src=\"https:\/\/derechadiario.com.ar\/filesedc\/uploads\/image\/post\/2025\/06\/1750805226195_1200_800.webp\" class=\"img-responsive lazyload\" alt=\"Hombre de mediana edad con chaqueta gris sentado en un ambiente interior\" title=\"Hombre de mediana edad con chaqueta gris sentado en un ambiente interior\"><\/picture>\n<div>\n<span class=\"img_footer\">Lament\u00f3 que se lo acuse de traidor   <\/span>| <span class=\"img_author\">La Derecha Diario<\/span>\n<\/div>\n<\/div>\n<p>Romero lament\u00f3 que se utilice<a href=\"https:\/\/derechadiario.com.ar\/bolivia\/politica\/evistas-advirtieron-que-torturaran-quienes-proclamen-andronico-como-candidato\" title=\"Evistas advirtieron que torturar\u00e1n a quienes proclamen a Andr\u00f3nico como candidato\"> la palabra \u201ctraidor\u201d contra quienes discrepan con Evo Morales<\/a>. Consider\u00f3 que esa pr\u00e1ctica es una expresi\u00f3n de intolerancia y autoritarismo. \u201cEso es fascismo\u201d, declar\u00f3, en clara alusi\u00f3n a las acusaciones lanzadas por C\u00e9spedes.<\/p>\n<p>Adem\u00e1s, el exministro Romero pidi\u00f3 a los seguidores de Morales enfocarse en los adversarios reales de la organizaci\u00f3n socialista. Afirm\u00f3 que \u00e9l no es uno de ellos.<\/p>\n<p>Record\u00f3 que \u00a0<strong>fue parte importante del Gobierno durante 14 a\u00f1os<\/strong>. Tambi\u00e9n fue abogado del expresidente Morales en varios procesos judiciales.<\/p>\n<p>Sin embargo, critic\u00f3 decisiones recientes del evismo, como <a href=\"https:\/\/derechadiario.com.ar\/bolivia\/politica\/pausa-humanitaria-evistas-anunciaron-pausa-sus-sanguinarias-movilizaciones\" title=\"''Pausa humanitaria'': Evistas anunciaron un p\u00e1rate a sus sanguinarias movilizaciones\">los bloqueos de caminos<\/a>. Aclar\u00f3 que nunca apoy\u00f3 esas medidas de presi\u00f3n. Incluso indic\u00f3 que Evo Morales coincidi\u00f3 con \u00e9l en una reuni\u00f3n previa.<\/p>\n<p>Seg\u00fan Romero, esas decisiones terminaron generando consecuencias tr\u00e1gicas. Hizo referencia a los asesinatos de polic\u00edas en Llallagua como un punto de quiebre. Dijo que nunca estuvo de acuerdo con movilizaciones que se salieron de control.<\/p>\n<h2>No estuvo de acuerdo con las movilizaciones armadas<\/h2>\n<figure><img decoding=\"async\" src=\"https:\/\/derechadiario.com.ar\/filesedc\/uploads\/image\/post\/2025\/06\/protesta-violenta-evistas-tse_1200_800.webp\" class=\"img-responsive lazyload\" alt=\"Personas corriendo en una calle durante una protesta, algunas llevan mascarillas y una bandera multicolor, el ambiente est\u00e1 lleno de humo\" title=\"Personas corriendo en una calle durante una protesta, algunas llevan mascarillas y una bandera multicolor, el ambiente est\u00e1 lleno de humo\"><\/figure>\n<p>Romero trat\u00f3 de<a href=\"https:\/\/derechadiario.com.ar\/bolivia\/politica\/evo-morales-advirtio-que-solo-habilitacion-su-candidatura-frenara-los-asesinatos\" title=\"Evo Morales advirti\u00f3 que solo la habilitaci\u00f3n de su candidatura frenar\u00e1 los asesinatos\"> librar de responsabilidad a Morales por los brutales asesinatos de efectivos policiales en Llallagua<\/a>,\u00a0se\u00f1alando que las bases rebasaron a la dirigencia. De acuerdo con Romero, eso evidencia una ruptura dentro del movimiento.<\/p>\n<p>Para el exministro, la fragmentaci\u00f3n del MAS es cada vez m\u00e1s evidente. Afirm\u00f3 que el evismo ya no responde a una conducci\u00f3n unificada. Critic\u00f3 la estrategia de buscar culpables internos.<\/p>\n<p>Advirti\u00f3 que esa l\u00f3gica solo debilita al instrumento pol\u00edtico. Y sostuvo que la confrontaci\u00f3n no conduce a una soluci\u00f3n.<\/p>\n<p>\u00c1nyelo C\u00e9spedes, en cambio, insisti\u00f3 en sus denuncias contra Romero. Lo acus\u00f3 de <strong>querer \u201cvolver a vivir de la pol\u00edtica\u201d ali\u00e1ndose con Rodr\u00edguez<\/strong>. Dijo que su silencio ante Evo es una muestra de traici\u00f3n.<\/p>\n<p>Tambi\u00e9n lo cuestion\u00f3 por haber sido un ministro poderoso en el pasado. Y lo acus\u00f3 de da\u00f1ar a regiones enteras desde el poder.<\/p>\n<h2>Rodr\u00edguez recicla la nefasta estructura de Evo Morales<\/h2>\n<h2>\n<figure><img decoding=\"async\" src=\"https:\/\/derechadiario.com.ar\/filesedc\/uploads\/image\/post\/2025\/06\/romero-evo1-1-101-9222334-20240614001707_1200_800.webp\" class=\"img-responsive lazyload\" alt=\"Dos hombres conversan mir\u00e1ndose de frente en un ambiente interior.\" title=\"Dos hombres conversan mir\u00e1ndose de frente en un ambiente interior.\"><\/figure>\n<\/h2>\n<p>Para los sectores evistas, Rodr\u00edguez estar\u00eda reciclando figuras del pasado. Denuncian que su entorno pol\u00edtico incluye personas alejadas del proyecto original.<\/p>\n<p>Adem\u00e1s, acusan a Romero de ser parte de ese reciclaje. Lo ven como <strong>un oportunista que busca reinsertarse en un nuevo proyecto pol\u00edtico para seguir viviendo del erario p\u00fablico<\/strong>. Y consideran que al no respaldar a Evo Morales demuestra su traici\u00f3n.<\/p>\n<p>Romero evit\u00f3 responder directamente a esas acusaciones. Dijo que no entrar\u00e1 en guerras internas ni en provocaciones. \u201cNo me declarar\u00e1n la guerra porque no tendr\u00e1n respuesta\u201d, asegur\u00f3.<\/p>\n<p>Agreg\u00f3 que no se prestar\u00e1 a juegos de poder pol\u00edtico. Y que su formaci\u00f3n pol\u00edtica le impide actuar con mezquindad. Sin embargo, hace unos meses <strong>le brind\u00f3 abiertamente su apoyo a Evo Morales cuando tambi\u00e9n se encontraba bloqueando las carreteras<\/strong>.<\/p>\n<p>Aclar\u00f3 que su decisi\u00f3n de apartarse no es nueva ni oportunista. Asegur\u00f3 que desde hace tiempo ha tomado distancia de la confrontaci\u00f3n. \u201cYo no quiero ser un problema m\u00e1s\u201d, expres\u00f3.<\/p>\n<p>As\u00ed mismo, ratific\u00f3 que no ser\u00e1 candidato de nadie. Y que no le interesa una postulaci\u00f3n en este contexto.<\/p>\n<h2>No ser\u00e1 el candidato a vicepresidente<\/h2>\n<figure><img decoding=\"async\" src=\"https:\/\/derechadiario.com.ar\/filesedc\/uploads\/image\/post\/2025\/06\/2023041823184238084_1200_800.webp\" class=\"img-responsive lazyload\" alt=\"Un hombre con traje y corbata azul sostiene un micr\u00f3fono mientras gesticula con la mano, a su lado una mujer tambi\u00e9n vestida de azul est\u00e1 sentada, ambos parecen estar en una conferencia o presentaci\u00f3n.\" title=\"Un hombre con traje y corbata azul sostiene un micr\u00f3fono mientras gesticula con la mano, a su lado una mujer tambi\u00e9n vestida de azul est\u00e1 sentada, ambos parecen estar en una conferencia o presentaci\u00f3n.\"><\/figure>\n<p>El exministro, tambi\u00e9n neg\u00f3 cualquier contacto con el entorno de Rodr\u00edguez. <strong>\u201cNo hubo ninguna reuni\u00f3n, eso lo rechazo absolutamente\u201d<\/strong>, dijo. Insisti\u00f3 en que nadie le ofreci\u00f3 una candidatura.<\/p>\n<p>Adem\u00e1s, consider\u00f3 que este no es un buen momento para hablar de elecciones. Y reafirm\u00f3 que seguir\u00e1 en un rol m\u00e1s reflexivo y observador.<\/p>\n<p>Finalmente, llam\u00f3 a una autocr\u00edtica dentro del MAS. Dijo que la pelea entre facciones solo beneficia a los adversarios. Tambi\u00e9n, invit\u00f3 a al evismo a repensar\u00a0la pol\u00edtica en funci\u00f3n de propuestas.<\/p>\n<p>En este sentido, el exministro de Evo Morales pidi\u00f3 dejar de lado la l\u00f3gica del insulto y la persecuci\u00f3n interna. Y expres\u00f3 su deseo de ver una reconciliaci\u00f3n dentro del masismo.<\/p>\n","protected":false},"excerpt":{"rendered":"<p>El exministro de Gobierno, Carlos Romero, reapareci\u00f3 para responder a las acusaciones del evismo. Neg\u00f3 cualquier \u00a0v\u00ednculo con la candidatura de Andr\u00f3nico Rodr\u00edguez y rechaz\u00f3 las acusaciones de dirigentes afines a Morales. Recientemente, el diputado \u00c1nyelo C\u00e9spedes lo calific\u00f3 como \u201cel \u00faltimo traidor\u201d de Evo Morales. Romero respondi\u00f3 que su alejamiento del evismo es voluntario. [&hellip;]<\/p>\n","protected":false},"author":2,"featured_media":8933,"comment_status":"open","ping_status":"open","sticky":false,"template":"","format":"standard","meta":{"_et_pb_use_builder":"","_et_pb_old_content":"","_et_gb_content_width":"","footnotes":""},"categories":[84],"tags":[],"class_list":["post-8932","post","type-post","status-publish","format-standard","has-post-thumbnail","hentry","category-ultimomomento"],"_links":{"self":[{"href":"https:\/\/verdadincomodadiario.ar\/index.php?rest_route=\/wp\/v2\/posts\/8932","targetHints":{"allow":["GET"]}}],"collection":[{"href":"https:\/\/verdadincomodadiario.ar\/index.php?rest_route=\/wp\/v2\/posts"}],"about":[{"href":"https:\/\/verdadincomodadiario.ar\/index.php?rest_route=\/wp\/v2\/types\/post"}],"author":[{"embeddable":true,"href":"https:\/\/verdadincomodadiario.ar\/index.php?rest_route=\/wp\/v2\/users\/2"}],"replies":[{"embeddable":true,"href":"https:\/\/verdadincomodadiario.ar\/index.php?rest_route=%2Fwp%2Fv2%2Fcomments&post=8932"}],"version-history":[{"count":0,"href":"https:\/\/verdadincomodadiario.ar\/index.php?rest_route=\/wp\/v2\/posts\/8932\/revisions"}],"wp:featuredmedia":[{"embeddable":true,"href":"https:\/\/verdadincomodadiario.ar\/index.php?rest_route=\/wp\/v2\/media\/8933"}],"wp:attachment":[{"href":"https:\/\/verdadincomodadiario.ar\/index.php?rest_route=%2Fwp%2Fv2%2Fmedia&parent=8932"}],"wp:term":[{"taxonomy":"category","embeddable":true,"href":"https:\/\/verdadincomodadiario.ar\/index.php?rest_route=%2Fwp%2Fv2%2Fcategories&post=8932"},{"taxonomy":"post_tag","embeddable":true,"href":"https:\/\/verdadincomodadiario.ar\/index.php?rest_route=%2Fwp%2Fv2%2Ftags&post=8932"}],"curies":[{"name":"wp","href":"https:\/\/api.w.org\/{rel}","templated":true}]}}