{"id":8924,"date":"2025-06-25T18:24:58","date_gmt":"2025-06-25T18:24:58","guid":{"rendered":"https:\/\/verdadincomodadiario.ar\/?p=8924"},"modified":"2025-06-25T18:24:58","modified_gmt":"2025-06-25T18:24:58","slug":"el-ministro-reimberg-respaldo-la-emergencia-judicial-en-ecuador","status":"publish","type":"post","link":"https:\/\/verdadincomodadiario.ar\/?p=8924","title":{"rendered":"El ministro Reimberg respald\u00f3 la emergencia judicial en Ecuador"},"content":{"rendered":"<p><b>El ministro del Interior, John Reimberg, respald\u00f3 la nueva Ley de Integridad P\u00fablica<\/b>, aprobada por la Asamblea el 24 de junio, como una herramienta clave para declarar en emergencia la Funci\u00f3n Judicial. Seg\u00fan explic\u00f3, esta medida busca responder a una crisis estructural que se ha convertido en un riesgo directo para la seguridad ciudadana.<\/p>\n<p>Reimberg subray\u00f3 que <b>la corrupci\u00f3n en el sistema judicial<a href=\"https:\/\/derechadiario.com.ar\/ecuador\/politica\/presidente-noboa-inicio-su-gira-china-con-reunion-clave\" title=\"El presidente Noboa inici\u00f3 su gira en China con una reuni\u00f3n clave\"> ecuatoriano ha dejado de ser un problema t\u00e9cnico<\/a><\/b> para transformarse en una amenaza letal: \u201cHoy, a diferencia de hace 15 o 20 a\u00f1os, la gente muere en las calles por culpa de esa corrupci\u00f3n\u201d. Por ello, <b>defendi\u00f3 la pol\u00edtica de revelar p\u00fablicamente los nombres de jueces<\/b> que, seg\u00fan investigaciones, habr\u00edan beneficiado a mafias con sus decisiones.<\/p>\n<p>El ministro detall\u00f3 que antes de mencionar a un juez o fiscal, revisa al menos diez procesos. \u201c<b>No es persecuci\u00f3n, es rendici\u00f3n de cuentas<\/b>\u201d, afirm\u00f3. Cuestion\u00f3 que algunos magistrados liberen a detenidos por argumentos como c\u00e1lculos renales o cirug\u00edas est\u00e9ticas, ignorando el clamor ciudadano por justicia real.<\/p>\n<p><b>La ley permite declarar en emergencia al sistema judicial<\/b> para realizar reformas urgentes, acelerar concursos y reemplazar a funcionarios ineficientes. Adem\u00e1s, habilita evaluaciones extraordinarias con base en criterios t\u00e9cnicos, sin necesidad de esperar el fin del periodo de los actuales jueces y fiscales.<\/p>\n<div class=\"inter_image image_horizontal\">\n<picture><source class=\"img-responsive\" type=\"image\/webp\" data-srcset=\"https:\/\/filesedc.com\/uploads\/image\/post\/2025\/06\/screenshot-2025-06-25-at-10-46-49-reimberg-respalda-emergencia-judicial---buscar-con-google_300_200.webp 300w, https:\/\/filesedc.com\/uploads\/image\/post\/2025\/06\/screenshot-2025-06-25-at-10-46-49-reimberg-respalda-emergencia-judicial---buscar-con-google_630_420.webp 630w, https:\/\/filesedc.com\/uploads\/image\/post\/2025\/06\/screenshot-2025-06-25-at-10-46-49-reimberg-respalda-emergencia-judicial---buscar-con-google_760_507.webp 760w, https:\/\/filesedc.com\/uploads\/image\/post\/2025\/06\/screenshot-2025-06-25-at-10-46-49-reimberg-respalda-emergencia-judicial---buscar-con-google_1200_800.webp 1200w, https:\/\/filesedc.com\/uploads\/image\/post\/2025\/06\/screenshot-2025-06-25-at-10-46-49-reimberg-respalda-emergencia-judicial---buscar-con-google_1600_1067.webp 1600w, \"><img decoding=\"async\" src=\"https:\/\/derechadiario.com.ar\/filesedc\/uploads\/image\/post\/2025\/06\/screenshot-2025-06-25-at-10-46-49-reimberg-respalda-emergencia-judicial---buscar-con-google_1200_800.webp\" class=\"img-responsive lazyload\" alt=\"Hombre con gafas y barba hablando frente a un fondo de la Polic\u00eda Nacional acompa\u00f1ado de dos personas uniformadas\" title=\"Hombre con gafas y barba hablando frente a un fondo de la Polic\u00eda Nacional acompa\u00f1ado de dos personas uniformadas\"><\/picture>\n<div>\n<span class=\"img_footer\">El ministro Reimberg <\/span>| <span class=\"img_author\">La Derecha Diario<\/span>\n<\/div>\n<\/div>\n<p>Reimberg afirm\u00f3 que <b>la Polic\u00eda y las Fuerzas Armadas han cumplido con su labor<\/b>, pero que sin una justicia limpia, el esfuerzo es insuficiente. Recalc\u00f3 que esta reforma permitir\u00e1 \u201cponerle un alto\u201d a la influencia de mafias en las cortes.<\/p>\n<p>Tambi\u00e9n respondi\u00f3 a cuestionamientos sobre el retraso en la designaci\u00f3n de nuevos vocales para el Consejo de la Judicatura. El ministro evit\u00f3 criticar al Ejecutivo y respald\u00f3 al presidente Noboa: \u201c<b>Si lo est\u00e1 haciendo as\u00ed, debe ser por algo<\/b>\u201d, declar\u00f3.<\/p>\n<p>En un contexto en que <b>la <a href=\"https:\/\/derechadiario.com.ar\/ecuador\/politica\/acercamiento-ex-dictador-correa-con-iran-quedo-olvido\" title=\"El acercamiento de ex dictador Correa con Ir\u00e1n qued\u00f3 en el olvido\">inseguridad es el principal problema del pa\u00eds<\/a><\/b>, la nueva normativa representa un paso firme del Gobierno hacia el fortalecimiento institucional. La exposici\u00f3n p\u00fablica de funcionarios vinculados con actos dudosos refuerza un mensaje claro: no habr\u00e1 impunidad.<\/p>\n<p><b>La gesti\u00f3n del Gobierno prioriza la transparencia y la seguridad como ejes fundamentales<\/b>. Frente a un sistema judicial comprometido, <b>la Ley de Integridad P\u00fablica marca un punto de inflexi\u00f3n para recuperar la confianza ciudadana y combatir las estructuras criminales desde sus ra\u00edces<\/b>.<\/p>\n","protected":false},"excerpt":{"rendered":"<p>El ministro del Interior, John Reimberg, respald\u00f3 la nueva Ley de Integridad P\u00fablica, aprobada por la Asamblea el 24 de junio, como una herramienta clave para declarar en emergencia la Funci\u00f3n Judicial. Seg\u00fan explic\u00f3, esta medida busca responder a una crisis estructural que se ha convertido en un riesgo directo para la seguridad ciudadana. Reimberg [&hellip;]<\/p>\n","protected":false},"author":2,"featured_media":8925,"comment_status":"open","ping_status":"open","sticky":false,"template":"","format":"standard","meta":{"_et_pb_use_builder":"","_et_pb_old_content":"","_et_gb_content_width":"","footnotes":""},"categories":[84],"tags":[],"class_list":["post-8924","post","type-post","status-publish","format-standard","has-post-thumbnail","hentry","category-ultimomomento"],"_links":{"self":[{"href":"https:\/\/verdadincomodadiario.ar\/index.php?rest_route=\/wp\/v2\/posts\/8924","targetHints":{"allow":["GET"]}}],"collection":[{"href":"https:\/\/verdadincomodadiario.ar\/index.php?rest_route=\/wp\/v2\/posts"}],"about":[{"href":"https:\/\/verdadincomodadiario.ar\/index.php?rest_route=\/wp\/v2\/types\/post"}],"author":[{"embeddable":true,"href":"https:\/\/verdadincomodadiario.ar\/index.php?rest_route=\/wp\/v2\/users\/2"}],"replies":[{"embeddable":true,"href":"https:\/\/verdadincomodadiario.ar\/index.php?rest_route=%2Fwp%2Fv2%2Fcomments&post=8924"}],"version-history":[{"count":0,"href":"https:\/\/verdadincomodadiario.ar\/index.php?rest_route=\/wp\/v2\/posts\/8924\/revisions"}],"wp:featuredmedia":[{"embeddable":true,"href":"https:\/\/verdadincomodadiario.ar\/index.php?rest_route=\/wp\/v2\/media\/8925"}],"wp:attachment":[{"href":"https:\/\/verdadincomodadiario.ar\/index.php?rest_route=%2Fwp%2Fv2%2Fmedia&parent=8924"}],"wp:term":[{"taxonomy":"category","embeddable":true,"href":"https:\/\/verdadincomodadiario.ar\/index.php?rest_route=%2Fwp%2Fv2%2Fcategories&post=8924"},{"taxonomy":"post_tag","embeddable":true,"href":"https:\/\/verdadincomodadiario.ar\/index.php?rest_route=%2Fwp%2Fv2%2Ftags&post=8924"}],"curies":[{"name":"wp","href":"https:\/\/api.w.org\/{rel}","templated":true}]}}