{"id":8922,"date":"2025-06-25T18:24:59","date_gmt":"2025-06-25T18:24:59","guid":{"rendered":"https:\/\/verdadincomodadiario.ar\/?p=8922"},"modified":"2025-06-25T18:24:59","modified_gmt":"2025-06-25T18:24:59","slug":"la-reforma-de-noboa-busca-eliminar-fondos-publicos-para-depurar-la-politica","status":"publish","type":"post","link":"https:\/\/verdadincomodadiario.ar\/?p=8922","title":{"rendered":"La reforma de Noboa busca eliminar fondos p\u00fablicos para depurar la pol\u00edtica"},"content":{"rendered":"<p>El asamble\u00edsta Esteban Torres, presidente de la comisi\u00f3n encargada de la reforma constitucional sobre el financiamiento a partidos pol\u00edticos, confirm\u00f3 que la propuesta del presidente <b>Daniel Noboa<\/b> avanza hacia su segundo debate antes del 27 de julio. La reforma plantea eliminar el financiamiento p\u00fablico para las organizaciones pol\u00edticas, una medida que, seg\u00fan Torres, <b>busca transparentar el sistema y reducir el despilfarro de recursos en campa\u00f1as sin respaldo ciudadano<\/b>.<\/p>\n<p>En declaraciones a la prensa, Torres explic\u00f3 que la <a href=\"https:\/\/derechadiario.com.ar\/ecuador\/politica\/presidente-noboa-inicio-su-gira-china-con-reunion-clave\" title=\"El presidente Noboa inici\u00f3 su gira en China con una reuni\u00f3n clave\">comisi\u00f3n trabaja contra reloj<\/a> para presentar el informe antes del 23 de julio. Aclar\u00f3 que la comisi\u00f3n anterior no asumi\u00f3 ninguna postura, por lo que ahora se deber\u00e1 definir una posici\u00f3n clara y someterla al voto del Pleno. <b>\u201cEl fondo partidista no ha sido usado como deb\u00eda. No se han creado verdaderas escuelas de formaci\u00f3n pol\u00edtica\u201d, indic\u00f3.<\/b><\/p>\n<p>El legislador sostuvo que existen dos posturas enfrentadas: una que pide mantener el financiamiento en nombre de la igualdad, y otra \u2014que \u00e9l respalda\u2014 que propone destinar esos recursos a prioridades nacionales. <b>\u201c\u00bfPor qu\u00e9 los ecuatorianos deben financiar aventuras pol\u00edticas? Cada quien debe levantar sus recursos\u201d, afirm\u00f3<\/b>, enfatizando que la pol\u00edtica siempre ha tenido un costo inherente.<\/p>\n<div class=\"inter_image image_horizontal\">\n<picture><source class=\"img-responsive\" type=\"image\/webp\" data-srcset=\"https:\/\/filesedc.com\/uploads\/image\/post\/2025\/06\/screenshot-2025-06-25-at-10-55-05-torres-sobre-reforma-partidos-cada-quien-que-levante-recursos-la-politica-cuesta_300_200.webp 300w, https:\/\/filesedc.com\/uploads\/image\/post\/2025\/06\/screenshot-2025-06-25-at-10-55-05-torres-sobre-reforma-partidos-cada-quien-que-levante-recursos-la-politica-cuesta_630_420.webp 630w, https:\/\/filesedc.com\/uploads\/image\/post\/2025\/06\/screenshot-2025-06-25-at-10-55-05-torres-sobre-reforma-partidos-cada-quien-que-levante-recursos-la-politica-cuesta_760_507.webp 760w, https:\/\/filesedc.com\/uploads\/image\/post\/2025\/06\/screenshot-2025-06-25-at-10-55-05-torres-sobre-reforma-partidos-cada-quien-que-levante-recursos-la-politica-cuesta_1200_800.webp 1200w, https:\/\/filesedc.com\/uploads\/image\/post\/2025\/06\/screenshot-2025-06-25-at-10-55-05-torres-sobre-reforma-partidos-cada-quien-que-levante-recursos-la-politica-cuesta_1600_1067.webp 1600w, \"><img decoding=\"async\" src=\"https:\/\/derechadiario.com.ar\/filesedc\/uploads\/image\/post\/2025\/06\/screenshot-2025-06-25-at-10-55-05-torres-sobre-reforma-partidos-cada-quien-que-levante-recursos-la-politica-cuesta_1200_800.webp\" class=\"img-responsive lazyload\" alt=\"Varias personas sentadas en una mesa de reuniones con banderas de Ecuador y de la Asamblea Nacional al fondo\" title=\"Varias personas sentadas en una mesa de reuniones con banderas de Ecuador y de la Asamblea Nacional al fondo\"><\/picture>\n<div>\n<span class=\"img_footer\">Durante la Asamblea presidida por Viviana Veloz se empez\u00f3 el tratamiento de la reforma constitucional enviada por el presidente de la Rep\u00fablca <\/span>| <span class=\"img_author\">La Derecha Diario<\/span>\n<\/div>\n<\/div>\n<p>Esta reforma se enmarca en un proceso m\u00e1s amplio impulsado por el Ejecutivo, que incluye tambi\u00e9n la <b>depuraci\u00f3n del padr\u00f3n de partidos inactivos o con escasa representaci\u00f3n<\/b>. En esa l\u00ednea, el bloque oficialista ADN promueve reglas m\u00e1s estrictas para el registro de movimientos y para el control de los gastos de campa\u00f1a, fortaleciendo un sistema que limite la dispersi\u00f3n electoral y fomente alternativas s\u00f3lidas.<\/p>\n<p>Consultado sobre una posible concentraci\u00f3n de poder entre ADN y el corre\u00edsmo, Torres desestim\u00f3 ese escenario. Se\u00f1al\u00f3 que el panorama pol\u00edtico es cambiante y que las reformas apuntan m\u00e1s bien a <a href=\"https:\/\/derechadiario.com.ar\/ecuador\/politica\/acercamiento-ex-dictador-correa-con-iran-quedo-olvido\" title=\"El acercamiento de ex dictador Correa con Ir\u00e1n qued\u00f3 en el olvido\"><b>fortalecer propuestas reales que representen a los ciudadanos<\/b><\/a>. Adem\u00e1s, no descart\u00f3 que esta reforma se someta a consulta popular junto con otras de seguridad y defensa, alineadas al proyecto de pa\u00eds que propone el presidente Noboa.<\/p>\n<p>La propuesta de <b>eliminar el financiamiento p\u00fablico a los partidos<\/b> se presenta como una medida audaz para <b>ordenar el sistema pol\u00edtico y priorizar el uso responsable de los recursos estatales<\/b>. En un contexto de crisis fiscal, el liderazgo de Daniel Noboa consolida una visi\u00f3n de pa\u00eds que exige eficiencia, transparencia y compromiso real con la ciudadan\u00eda.<\/p>\n","protected":false},"excerpt":{"rendered":"<p>El asamble\u00edsta Esteban Torres, presidente de la comisi\u00f3n encargada de la reforma constitucional sobre el financiamiento a partidos pol\u00edticos, confirm\u00f3 que la propuesta del presidente Daniel Noboa avanza hacia su segundo debate antes del 27 de julio. La reforma plantea eliminar el financiamiento p\u00fablico para las organizaciones pol\u00edticas, una medida que, seg\u00fan Torres, busca transparentar [&hellip;]<\/p>\n","protected":false},"author":2,"featured_media":8923,"comment_status":"open","ping_status":"open","sticky":false,"template":"","format":"standard","meta":{"_et_pb_use_builder":"","_et_pb_old_content":"","_et_gb_content_width":"","footnotes":""},"categories":[84],"tags":[],"class_list":["post-8922","post","type-post","status-publish","format-standard","has-post-thumbnail","hentry","category-ultimomomento"],"_links":{"self":[{"href":"https:\/\/verdadincomodadiario.ar\/index.php?rest_route=\/wp\/v2\/posts\/8922","targetHints":{"allow":["GET"]}}],"collection":[{"href":"https:\/\/verdadincomodadiario.ar\/index.php?rest_route=\/wp\/v2\/posts"}],"about":[{"href":"https:\/\/verdadincomodadiario.ar\/index.php?rest_route=\/wp\/v2\/types\/post"}],"author":[{"embeddable":true,"href":"https:\/\/verdadincomodadiario.ar\/index.php?rest_route=\/wp\/v2\/users\/2"}],"replies":[{"embeddable":true,"href":"https:\/\/verdadincomodadiario.ar\/index.php?rest_route=%2Fwp%2Fv2%2Fcomments&post=8922"}],"version-history":[{"count":0,"href":"https:\/\/verdadincomodadiario.ar\/index.php?rest_route=\/wp\/v2\/posts\/8922\/revisions"}],"wp:featuredmedia":[{"embeddable":true,"href":"https:\/\/verdadincomodadiario.ar\/index.php?rest_route=\/wp\/v2\/media\/8923"}],"wp:attachment":[{"href":"https:\/\/verdadincomodadiario.ar\/index.php?rest_route=%2Fwp%2Fv2%2Fmedia&parent=8922"}],"wp:term":[{"taxonomy":"category","embeddable":true,"href":"https:\/\/verdadincomodadiario.ar\/index.php?rest_route=%2Fwp%2Fv2%2Fcategories&post=8922"},{"taxonomy":"post_tag","embeddable":true,"href":"https:\/\/verdadincomodadiario.ar\/index.php?rest_route=%2Fwp%2Fv2%2Ftags&post=8922"}],"curies":[{"name":"wp","href":"https:\/\/api.w.org\/{rel}","templated":true}]}}