{"id":8908,"date":"2025-06-25T17:24:55","date_gmt":"2025-06-25T17:24:55","guid":{"rendered":"https:\/\/verdadincomodadiario.ar\/?p=8908"},"modified":"2025-06-25T17:24:55","modified_gmt":"2025-06-25T17:24:55","slug":"la-alcaldesa-socialista-eva-copa-obstaculizo-la-inscripcion-de-jaime-dunn","status":"publish","type":"post","link":"https:\/\/verdadincomodadiario.ar\/?p=8908","title":{"rendered":"La alcaldesa socialista Eva Copa obstaculiz\u00f3 la inscripci\u00f3n de Jaime Dunn"},"content":{"rendered":"<p>El candidato presidencial <a href=\"https:\/\/derechadiario.com.ar\/bolivia\/politica\/jaime-dunn-trabaja-su-posible-candidatura\" title=\"Exclusivo: Jaime Dunn trabaja en su posible candidatura presidencial\">Jaime Dunn denunci\u00f3 que su postulaci\u00f3n est\u00e1 en riesgo<\/a> por culpa de la Alcald\u00eda de El Alto. Desde hace m\u00e1s de un mes, <strong>espera un certificado clave que no ha sido emitido<\/strong>\u00a0 por esa instituci\u00f3n. Se trata del informe de solvencia fiscal que debe ser enviado a la Contralor\u00eda.<\/p>\n<p>Sin ese documento, Dunn no puede inscribirse oficialmente como candidato. El tiempo apremia y \u00a0<strong>la burocracia no da se\u00f1ales de soluci\u00f3n<\/strong>.<\/p>\n<p>Dunn representa a la alianza Nueva Generaci\u00f3n Patri\u00f3tica (NGP), que ya lo reconoce como su candidato. Sin embargo, su nombre <strong>a\u00fan no figura oficialmente en las listas del <a href=\"https:\/\/derechadiario.com.ar\/bolivia\/politica\/elecciones-riesgo-tse-recibio-ola-demandas-judiciales-que-favorecen-al-mas\" title=\"Elecciones en riesgo: TSE recibi\u00f3 una ola de demandas judiciales que favorecen al MAS\">Tribunal Supremo Electoral<\/a><\/strong>.<\/p>\n<p>El tr\u00e1mite pendiente se relaciona con su paso por el Gobierno Aut\u00f3nomo Municipal de El Alto hace casi 25 a\u00f1os. Trabaj\u00f3 all\u00ed entre 2000 y 2005 bajo la gesti\u00f3n de Jos\u00e9 Luis Paredes. Por eso <strong>necesita que la alcald\u00eda certifique que no tiene deudas pendientes<\/strong>.<\/p>\n<p>El problema, seg\u00fan explic\u00f3 Dunn, es que el documento no depende directamente de la Contralor\u00eda. Esa entidad solo puede emitir la solvencia si recibe la informaci\u00f3n necesaria de las instituciones donde el postulante trabaj\u00f3.<\/p>\n<p>En su caso, la Alcald\u00eda de El Alto deb\u00eda remitir los antecedentes. Sin embargo, no lo ha hecho pese a reiteradas solicitudes. Dunn considera que esta omisi\u00f3n no es casual.<\/p>\n<h2>La alcald\u00eda alte\u00f1a no ha entregado el documento\u00a0<\/h2>\n<div class=\"inter_image image_horizontal\">\n<picture><source class=\"img-responsive\" type=\"image\/webp\" data-srcset=\"https:\/\/filesedc.com\/uploads\/image\/post\/2025\/06\/fc3-1-1024x576_300_200.webp 300w, https:\/\/filesedc.com\/uploads\/image\/post\/2025\/06\/fc3-1-1024x576_630_420.webp 630w, https:\/\/filesedc.com\/uploads\/image\/post\/2025\/06\/fc3-1-1024x576_760_507.webp 760w, https:\/\/filesedc.com\/uploads\/image\/post\/2025\/06\/fc3-1-1024x576_1200_800.webp 1200w, https:\/\/filesedc.com\/uploads\/image\/post\/2025\/06\/fc3-1-1024x576_1600_1067.webp 1600w, \"><img decoding=\"async\" src=\"https:\/\/derechadiario.com.ar\/filesedc\/uploads\/image\/post\/2025\/06\/fc3-1-1024x576_1200_800.webp\" class=\"img-responsive lazyload\" alt=\"Fachada moderna del edificio del Gobierno Aut\u00f3nomo Municipal de El Alto con varias banderas ondeando y personas en la plaza frontal\" title=\"Fachada moderna del edificio del Gobierno Aut\u00f3nomo Municipal de El Alto con varias banderas ondeando y personas en la plaza frontal\"><\/picture>\n<div>\n<span class=\"img_footer\">Alcald\u00eda de la ciudad de El Alto  <\/span>| <span class=\"img_author\">La Derecha Diario<\/span>\n<\/div>\n<\/div>\n<p>Desde el municipio alte\u00f1o, el asesor jur\u00eddico Isaac Mauricio afirm\u00f3 que Dunn mantiene cuentas pendientes con esa instituci\u00f3n. Asegur\u00f3 que <strong>existen al menos 33 procesos iniciados desde el a\u00f1o 2006<\/strong>.<\/p>\n<p>Aunque algunos ya habr\u00edan sido cerrados, otros contin\u00faan en curso. Dijo tambi\u00e9n que <strong>la Contralor\u00eda notific\u00f3 a Dunn con 20 d\u00edas de plazo para pagar su deuda<\/strong>. Seg\u00fan el funcionario, el postulante no cumpli\u00f3 con esa obligaci\u00f3n.<\/p>\n<p>Por su parte, la alcaldesa, Eva Copa, se deslind\u00f3 de cualquier responsabilidad se\u00f1alando que el proceso\u00a0de Dunn tiene viente a\u00f1os. \u00a0<strong>&#8220;No me va venir a decir a mi que lo solucione en doce\u00a0d\u00edas como \u00e9l quiere&#8221;<\/strong>, se\u00f1al\u00f3 la autoridad de El Alto.\u00a0<\/p>\n<p><strong>Dunn neg\u00f3 haber sido notificado sobre un monto exigible<\/strong> ni sobre pliegos de cargo ejecutoriados. Aclar\u00f3 que no hay una sentencia que le impida ejercer derechos pol\u00edticos. Recalc\u00f3 que su caso no es judicial sino administrativo.<\/p>\n<p>Adem\u00e1s, denunci\u00f3 que <strong>la Alcald\u00eda no responde los requerimientos oficiales de la Contralor\u00eda<\/strong>. Incluso dijo que juzgados y otras entidades tampoco hallan los archivos necesarios.<\/p>\n<p>La situaci\u00f3n se agrav\u00f3 porque este mi\u00e9rcoles 25 de junio venc\u00eda el plazo para la entrega de fotograf\u00edas de candidatos. Esas im\u00e1genes deben aparecer impresas en las papeletas de votaci\u00f3n.<\/p>\n<p>Dunn sostuvo que lo que est\u00e1 en riesgo es su rostro en la boleta, no su candidatura. Record\u00f3 que el plazo para sustituir candidatos vence el 3 de julio. Aun as\u00ed, se\u00f1al\u00f3 que su partido ha esperado hasta el \u00faltimo d\u00eda por su habilitaci\u00f3n.<\/p>\n<h2>Burocracia socialista<\/h2>\n<figure><img decoding=\"async\" src=\"https:\/\/derechadiario.com.ar\/filesedc\/uploads\/image\/post\/2025\/06\/94a68240-87d4-4815-8716-dc12858920d0-990x660_1200_800.webp\" class=\"img-responsive lazyload\" alt=\"Mujer con gafas y una flor roja en el cabello hablando frente a varios micr\u00f3fonos en un evento al aire libre\" title=\"Mujer con gafas y una flor roja en el cabello hablando frente a varios micr\u00f3fonos en un evento al aire libre\"><\/figure>\n<p>La fuerza pol\u00edtica NGP inscribi\u00f3 a Fidel Tapia como postulante provisional mientras se resolv\u00eda el tr\u00e1mite de Dunn. Si logra conseguir el certificado, se proceder\u00e1 a hacer el cambio ante el TSE.<\/p>\n<p>Sin embargo, esto <strong>podr\u00eda significar que su foto no aparezca en la boleta<\/strong>. Dunn dijo estar preparado para esa posibilidad. Asegur\u00f3 que, <strong>aunque su imagen no est\u00e9, su nombre s\u00ed figurar\u00e1<\/strong>.<\/p>\n<p>El postulante apunt\u00f3 directamente a la burocracia como herramienta de control pol\u00edtico. <strong>\u201cNo me detiene una orden judicial ni un proceso penal, es simplemente un papel\u201d<\/strong>, afirm\u00f3.<\/p>\n<p>As\u00ed mismo, consider\u00f3 que este obst\u00e1culo refleja el uso del aparato estatal para frenar candidaturas emergentes. A\u00f1adi\u00f3 que se siente v\u00edctima de una estructura dise\u00f1ada para excluir. <strong>\u201cEsto se ha transformado en un muro invisible\u201d<\/strong>, declar\u00f3.<\/p>\n<p>Dunn tambi\u00e9n revel\u00f3 que ya convers\u00f3 directamente con la alcaldesa Eva Copa. Se\u00f1al\u00f3 que le pidi\u00f3 que se act\u00fae conforme a la ley.<\/p>\n<p>Sin embargo, pese al compromiso verbal, no hubo avances concretos. Insisti\u00f3 en que hay una voluntad institucional de no colaborar. Reclam\u00f3 que no es justo cargar con errores del pasado sin pruebas actualizadas ni resoluci\u00f3n firme.<\/p>\n<h2>Pretender impedir su participaci\u00f3n<\/h2>\n<figure><img decoding=\"async\" src=\"https:\/\/derechadiario.com.ar\/filesedc\/uploads\/image\/post\/2025\/06\/whatsapp-image-2025-06-24-at-180035_1200_800.webp\" class=\"img-responsive lazyload\" alt=\"Un hombre con gafas y sudadera oscura sostiene una carpeta mientras es entrevistado por reporteros, uno de ellos sostiene un micr\u00f3fono azul y otro revisa su tel\u00e9fono m\u00f3vil, al fondo hay \u00e1rboles y una estructura met\u00e1lica.\" title=\"Un hombre con gafas y sudadera oscura sostiene una carpeta mientras es entrevistado por reporteros, uno de ellos sostiene un micr\u00f3fono azul y otro revisa su tel\u00e9fono m\u00f3vil, al fondo hay \u00e1rboles y una estructura met\u00e1lica.\"><\/figure>\n<p>El aspirante valor\u00f3 el rol de la Contralor\u00eda General del Estado, a la que considera proactiva en este proceso. Dijo que el bloqueo proviene de otras instituciones estatales. Mencion\u00f3 en particular <strong>la lentitud del\u00a0 Gobierno Municipal de El Alto (GAMEA) y de juzgados que no han respondido a tiempo<\/strong>.<\/p>\n<p>A su juicio, no hay voluntad de resolver. Cree que se busca agotar los plazos para impedir su inscripci\u00f3n.<\/p>\n<p><strong>\u201cEsto no es solo contra m\u00ed, es contra todos los ciudadanos que conf\u00edan en una democracia seria\u201d<\/strong>, expres\u00f3. Seg\u00fan Dunn, su caso simboliza el fracaso del sistema institucional. Lament\u00f3 que la pol\u00edtica partidaria se imponga sobre los derechos individuales.<\/p>\n<p>Tambi\u00e9n afirm\u00f3 que muchos bolivianos enfrentan problemas similares. Dijo que su historia refleja lo que viven miles en tr\u00e1mites diarios.<\/p>\n<p>Dunn particip\u00f3 recientemente en foros y eventos, incluso en el organizado por el TSE el 16 de junio. All\u00ed fue presentado como presidenciable por NGP. Su presencia gener\u00f3 expectativa entre seguidores y observadores pol\u00edticos.<\/p>\n<p>La posibilidad de que su postulaci\u00f3n quede fuera por una omisi\u00f3n administrativa genera inquietud. Varias voces consideran esto un ejemplo grave de exclusi\u00f3n burocr\u00e1tica.<\/p>\n<p>El economista oriundo de Camiri dijo estar animado por el respaldo ciudadano que recibe. Asegur\u00f3 que seguir\u00e1 luchando hasta el \u00faltimo recurso posible. Plante\u00f3 incluso la posibilidad de apelar legalmente si se vulneran sus derechos.<\/p>\n<p>Cree que a\u00fan hay tiempo para resolver el tema antes del 3 de julio. \u201cMi rostro puede no estar, pero la democracia debe estar presente\u201d, agreg\u00f3.<\/p>\n","protected":false},"excerpt":{"rendered":"<p>El candidato presidencial Jaime Dunn denunci\u00f3 que su postulaci\u00f3n est\u00e1 en riesgo por culpa de la Alcald\u00eda de El Alto. Desde hace m\u00e1s de un mes, espera un certificado clave que no ha sido emitido\u00a0 por esa instituci\u00f3n. Se trata del informe de solvencia fiscal que debe ser enviado a la Contralor\u00eda. Sin ese documento, [&hellip;]<\/p>\n","protected":false},"author":2,"featured_media":8909,"comment_status":"open","ping_status":"open","sticky":false,"template":"","format":"standard","meta":{"_et_pb_use_builder":"","_et_pb_old_content":"","_et_gb_content_width":"","footnotes":""},"categories":[84],"tags":[],"class_list":["post-8908","post","type-post","status-publish","format-standard","has-post-thumbnail","hentry","category-ultimomomento"],"_links":{"self":[{"href":"https:\/\/verdadincomodadiario.ar\/index.php?rest_route=\/wp\/v2\/posts\/8908","targetHints":{"allow":["GET"]}}],"collection":[{"href":"https:\/\/verdadincomodadiario.ar\/index.php?rest_route=\/wp\/v2\/posts"}],"about":[{"href":"https:\/\/verdadincomodadiario.ar\/index.php?rest_route=\/wp\/v2\/types\/post"}],"author":[{"embeddable":true,"href":"https:\/\/verdadincomodadiario.ar\/index.php?rest_route=\/wp\/v2\/users\/2"}],"replies":[{"embeddable":true,"href":"https:\/\/verdadincomodadiario.ar\/index.php?rest_route=%2Fwp%2Fv2%2Fcomments&post=8908"}],"version-history":[{"count":0,"href":"https:\/\/verdadincomodadiario.ar\/index.php?rest_route=\/wp\/v2\/posts\/8908\/revisions"}],"wp:featuredmedia":[{"embeddable":true,"href":"https:\/\/verdadincomodadiario.ar\/index.php?rest_route=\/wp\/v2\/media\/8909"}],"wp:attachment":[{"href":"https:\/\/verdadincomodadiario.ar\/index.php?rest_route=%2Fwp%2Fv2%2Fmedia&parent=8908"}],"wp:term":[{"taxonomy":"category","embeddable":true,"href":"https:\/\/verdadincomodadiario.ar\/index.php?rest_route=%2Fwp%2Fv2%2Fcategories&post=8908"},{"taxonomy":"post_tag","embeddable":true,"href":"https:\/\/verdadincomodadiario.ar\/index.php?rest_route=%2Fwp%2Fv2%2Ftags&post=8908"}],"curies":[{"name":"wp","href":"https:\/\/api.w.org\/{rel}","templated":true}]}}