{"id":8880,"date":"2025-06-25T15:24:19","date_gmt":"2025-06-25T15:24:19","guid":{"rendered":"https:\/\/verdadincomodadiario.ar\/?p=8880"},"modified":"2025-06-25T15:24:19","modified_gmt":"2025-06-25T15:24:19","slug":"brad-pitt-conto-como-salio-de-su-peor-momento-gracias-a-la-pelicula-se7en","status":"publish","type":"post","link":"https:\/\/verdadincomodadiario.ar\/?p=8880","title":{"rendered":"Brad Pitt cont\u00f3 c\u00f3mo sali\u00f3 de su peor momento gracias a la pel\u00edcula &#8216;Se7en&#8217;"},"content":{"rendered":"<p><a href=\"https:\/\/derechadiario.com.ar\/entretenimiento\/apple-diseno-camara-para-filmar-toda-velocidad-pelicula-f1-con-brad-pitt\" title=\"Apple dise\u00f1\u00f3 una c\u00e1mara para filmar a toda velocidad en la pel\u00edcula 'F1' con Brad Pitt\"><strong>Brad Pitt<\/strong><\/a> confes\u00f3 que vivi\u00f3 su <strong>etapa m\u00e1s autodestructiva<\/strong> en el verano de 1994, justo antes de protagonizar <strong><em>Se7en<\/em><\/strong>.<\/p>\n<p>En una entrevista \u00edntima, record\u00f3 c\u00f3mo la combinaci\u00f3n de marihuana, gaseosas y desmotivaci\u00f3n lo dej\u00f3 al borde del colapso, y c\u00f3mo el <strong>cine<\/strong>\u00a0 lo rescat\u00f3.<\/p>\n<div class=\"inter_image image_horizontal\">\n<picture><source class=\"img-responsive\" type=\"image\/webp\" data-srcset=\"https:\/\/filesedc.com\/uploads\/image\/post\/2025\/06\/brad-pitt-podcast_300_200.webp 300w, https:\/\/filesedc.com\/uploads\/image\/post\/2025\/06\/brad-pitt-podcast_630_420.webp 630w, https:\/\/filesedc.com\/uploads\/image\/post\/2025\/06\/brad-pitt-podcast_760_507.webp 760w, https:\/\/filesedc.com\/uploads\/image\/post\/2025\/06\/brad-pitt-podcast_1200_800.webp 1200w, https:\/\/filesedc.com\/uploads\/image\/post\/2025\/06\/brad-pitt-podcast_1600_1067.webp 1600w, \"><img decoding=\"async\" src=\"https:\/\/derechadiario.com.ar\/filesedc\/uploads\/image\/post\/2025\/06\/brad-pitt-podcast_1200_800.webp\" class=\"img-responsive lazyload\" alt=\"Hombre sentado en un sof\u00e1 color marr\u00f3n participando en una entrevista con micr\u00f3fono, rodeado de botellas, una taza y decoraci\u00f3n en una sala acogedora\" title=\"Hombre sentado en un sof\u00e1 color marr\u00f3n participando en una entrevista con micr\u00f3fono, rodeado de botellas, una taza y decoraci\u00f3n en una sala acogedora\"><\/picture>\n<div>\n<span class=\"img_footer\">Brad Pitt confes\u00f3 que vivi\u00f3 su etapa m\u00e1s autodestructiva en 1994 <\/span>| <span class=\"img_author\">La Derecha Diario<\/span>\n<\/div>\n<\/div>\n<h2><strong>\u201cFue el momento m\u00e1s insalubre de mi vida\u201d<\/strong><\/h2>\n<p>Durante una charla con Dax Shepard en el podcast <em>Armchair Expert<\/em>, <strong><a href=\"https:\/\/derechadiario.com.ar\/entretenimiento\/brad-pitt-y-lewis-hamilton-encabezan-f1-estreno-que-revolucionara-cine\" title=\"Brad Pitt y Lewis Hamilton encabezan \u201cF1\u201d, el estreno que revolucionar\u00e1 el cine\">Brad Pitt<\/a><\/strong>\u00a0 fue directo. \u201c<strong>Me despertaba, fumaba un porro, tomaba cuatro Coca-Colas con hielo y no com\u00eda\u201d<\/strong>.<\/p>\n<p>Ese era su d\u00eda a d\u00eda en 1994, mientras pasaba horas viendo el juicio de O.J. Simpson y cuestionaba su futuro profesional.<\/p>\n<aside class=\"are-you-interested-container-photo\"><\/aside>\n<h2><strong>El guion de Se7en fue su punto de inflexi\u00f3n<\/strong><\/h2>\n<p>Todo cambi\u00f3 cuando su representante y amiga, <strong>Cynthia Pett-Dante<\/strong>, le mand\u00f3 el guion de <strong><em>Se7en<\/em><\/strong>. Aunque al principio lo rechaz\u00f3, ella lo oblig\u00f3 a terminarlo.<\/p>\n<figure><img decoding=\"async\" src=\"https:\/\/derechadiario.com.ar\/filesedc\/uploads\/image\/post\/2025\/06\/brad-pitt-se7en_1200_800.webp\" class=\"img-responsive lazyload\" alt=\"Hombre con expresi\u00f3n seria y heridas en el rostro iluminado por la luz del atardecer\" title=\"Hombre con expresi\u00f3n seria y heridas en el rostro iluminado por la luz del atardecer\"><\/figure>\n<p><strong>\u201cMe parec\u00eda el t\u00edpico policial\u201d<\/strong>, dijo. Pero la charla con <strong>David Fincher<\/strong>, que entonces buscaba revancha tras el fracaso de <em>Alien 3<\/em>, lo entusiasm\u00f3 como nunca antes.<\/p>\n<h2><strong>El rodaje que lo volvi\u00f3 a conectar con el cine<\/strong><\/h2>\n<p><strong>\u201cFincher hablaba de cine como nadie. Me volvi\u00f3 a picar el bicho\u201d<\/strong>, explic\u00f3 Pitt. El rodaje de <em>Se7en<\/em> lo sac\u00f3 de su letargo y marc\u00f3 un antes y un despu\u00e9s en su carrera.<\/p>\n<figure><img decoding=\"async\" src=\"https:\/\/derechadiario.com.ar\/filesedc\/uploads\/image\/post\/2025\/06\/david-fincher-brad-pitt_1200_800.webp\" class=\"img-responsive lazyload\" alt=\"Dos hombres conversan en un set de filmaci\u00f3n mientras otros observan al fondo\" title=\"Dos hombres conversan en un set de filmaci\u00f3n mientras otros observan al fondo\"><\/figure>\n<aside class=\"whatsappChannelText\"><a href=\"https:\/\/whatsapp.com\/channel\/0029VagEjILGE56eKjedWF2U\" rel=\"nofollow\" title=\"WhatsApp Link\"><img alt=\"Logo de WhatsApp\" class=\"lazyload\" data-src=\"https:\/\/derechadiario.com.ar\/filesedc\/uploads\/other\/whatsapp_icon_mid_article.png\" width=\"32\" height=\"32\"><\/a> <a href=\"https:\/\/whatsapp.com\/channel\/0029VagEjILGE56eKjedWF2U\" rel=\"nofollow\" title=\"WhatsApp Link\"><strong>NO SE PIERDAN NINGUNA NOTICIA<\/strong>: Click aqu\u00ed para sumarte <strong>GRATIS<\/strong> al canal de noticias de <strong>La Derecha Diario en WhatsApp.<\/strong><\/a><\/aside>\n<p>Adem\u00e1s, exigi\u00f3 por contrato que el final oscuro no se modificara, lo que fue clave para el impacto que tuvo el filme.<\/p>\n<h2><strong>Un thriller que cambi\u00f3 su destino<\/strong><\/h2>\n<p><em>Se7en<\/em>, estrenada en 1995, se volvi\u00f3 un cl\u00e1sico inmediato del cine de suspenso. Pitt y Morgan Freeman interpretan a dos detectives que persiguen a un asesino serial que act\u00faa seg\u00fan los siete pecados capitales.<\/p>\n<p>El elenco lo completaban <strong>Gwyneth Paltrow<\/strong> y <strong>Kevin Spacey<\/strong>, y el film consagr\u00f3 a Pitt como estrella de Hollywood.<\/p>\n<figure><img decoding=\"async\" src=\"https:\/\/derechadiario.com.ar\/filesedc\/uploads\/image\/post\/2025\/06\/se7en-brad-pitt-morgan-freeman_1200_800.webp\" class=\"img-responsive lazyload\" alt=\"Dos hombres vestidos con ropa formal caminan juntos bajo la lluvia uno de ellos parece pensativo y se toca la cabeza mientras el otro lo observa\" title=\"Dos hombres vestidos con ropa formal caminan juntos bajo la lluvia uno de ellos parece pensativo y se toca la cabeza mientras el otro lo observa\"><\/figure>\n<h2><strong>Fincher y Pitt, una dupla que hizo historia<\/strong><\/h2>\n<p>Tras <em>Se7en<\/em>, Pitt y Fincher volvieron a trabajar juntos en <em>El club de la pelea<\/em> y <em>El curioso caso de Benjamin Button<\/em>. La relaci\u00f3n entre ambos consolid\u00f3 un estilo y una visi\u00f3n \u00fanica dentro del cine norteamericano.<\/p>\n<p>\u201cEncontrar esa historia me revitaliz\u00f3\u201d, dijo Pitt sobre el momento en que reencontr\u00f3 el sentido de su carrera.<\/p>\n","protected":false},"excerpt":{"rendered":"<p>Brad Pitt confes\u00f3 que vivi\u00f3 su etapa m\u00e1s autodestructiva en el verano de 1994, justo antes de protagonizar Se7en. En una entrevista \u00edntima, record\u00f3 c\u00f3mo la combinaci\u00f3n de marihuana, gaseosas y desmotivaci\u00f3n lo dej\u00f3 al borde del colapso, y c\u00f3mo el cine\u00a0 lo rescat\u00f3. Brad Pitt confes\u00f3 que vivi\u00f3 su etapa m\u00e1s autodestructiva en 1994 [&hellip;]<\/p>\n","protected":false},"author":2,"featured_media":8881,"comment_status":"open","ping_status":"open","sticky":false,"template":"","format":"standard","meta":{"_et_pb_use_builder":"","_et_pb_old_content":"","_et_gb_content_width":"","footnotes":""},"categories":[84],"tags":[],"class_list":["post-8880","post","type-post","status-publish","format-standard","has-post-thumbnail","hentry","category-ultimomomento"],"_links":{"self":[{"href":"https:\/\/verdadincomodadiario.ar\/index.php?rest_route=\/wp\/v2\/posts\/8880","targetHints":{"allow":["GET"]}}],"collection":[{"href":"https:\/\/verdadincomodadiario.ar\/index.php?rest_route=\/wp\/v2\/posts"}],"about":[{"href":"https:\/\/verdadincomodadiario.ar\/index.php?rest_route=\/wp\/v2\/types\/post"}],"author":[{"embeddable":true,"href":"https:\/\/verdadincomodadiario.ar\/index.php?rest_route=\/wp\/v2\/users\/2"}],"replies":[{"embeddable":true,"href":"https:\/\/verdadincomodadiario.ar\/index.php?rest_route=%2Fwp%2Fv2%2Fcomments&post=8880"}],"version-history":[{"count":0,"href":"https:\/\/verdadincomodadiario.ar\/index.php?rest_route=\/wp\/v2\/posts\/8880\/revisions"}],"wp:featuredmedia":[{"embeddable":true,"href":"https:\/\/verdadincomodadiario.ar\/index.php?rest_route=\/wp\/v2\/media\/8881"}],"wp:attachment":[{"href":"https:\/\/verdadincomodadiario.ar\/index.php?rest_route=%2Fwp%2Fv2%2Fmedia&parent=8880"}],"wp:term":[{"taxonomy":"category","embeddable":true,"href":"https:\/\/verdadincomodadiario.ar\/index.php?rest_route=%2Fwp%2Fv2%2Fcategories&post=8880"},{"taxonomy":"post_tag","embeddable":true,"href":"https:\/\/verdadincomodadiario.ar\/index.php?rest_route=%2Fwp%2Fv2%2Ftags&post=8880"}],"curies":[{"name":"wp","href":"https:\/\/api.w.org\/{rel}","templated":true}]}}