{"id":8834,"date":"2025-06-24T23:24:06","date_gmt":"2025-06-24T23:24:06","guid":{"rendered":"https:\/\/verdadincomodadiario.ar\/?p=8834"},"modified":"2025-06-24T23:24:06","modified_gmt":"2025-06-24T23:24:06","slug":"tv-ciudad-cuesta-casi-8-millones-de-dolares-anuales","status":"publish","type":"post","link":"https:\/\/verdadincomodadiario.ar\/?p=8834","title":{"rendered":"Tv Ciudad cuesta casi 8 millones de d\u00f3lares anuales"},"content":{"rendered":"<p>El canal se fund\u00f3 en septiembre de 1996 desde ese momento Y hasta ahora medio de <strong>propaganda<\/strong> a favor del Frente Amplio en general y de toda la izquierda uruguaya en particular.<\/p>\n<p>TV ciudad se dedica pura y exclusivamente a difundir programaci\u00f3n a favor de las ideas de <strong>izquierda<\/strong>, denigrando y ultrajando a cualquier sector social o pol\u00edtico que no sea af\u00edn a la izquierda.\u00a0<\/p>\n<p>Con los impuestos succionados a todos los contribuyentes de Montevideo las intendencias <strong>frenteamplistas<\/strong> desde 1996 hasta hoy montaron un canal televisivo para realizar propaganda pol\u00edtica social y cultural a favor de la izquierda.<\/p>\n<p>Cualquier otra manifestaci\u00f3n que no sea afin a las ideas <strong>socialistas<\/strong>, <strong>comunistas<\/strong>, o <strong>feministas<\/strong>, es denigrada o simplemente ignorada.<\/p>\n<div class=\"inter_image image_horizontal\">\n<picture><source class=\"img-responsive\" type=\"image\/webp\" data-srcset=\"https:\/\/filesedc.com\/uploads\/image\/post\/2025\/06\/fumqtpoxoaazhk2_300_200.webp 300w, https:\/\/filesedc.com\/uploads\/image\/post\/2025\/06\/fumqtpoxoaazhk2_630_420.webp 630w, https:\/\/filesedc.com\/uploads\/image\/post\/2025\/06\/fumqtpoxoaazhk2_760_507.webp 760w, https:\/\/filesedc.com\/uploads\/image\/post\/2025\/06\/fumqtpoxoaazhk2_1200_800.webp 1200w, https:\/\/filesedc.com\/uploads\/image\/post\/2025\/06\/fumqtpoxoaazhk2_1600_1067.webp 1600w, \"><img decoding=\"async\" src=\"https:\/\/derechadiario.com.ar\/filesedc\/uploads\/image\/post\/2025\/06\/fumqtpoxoaazhk2_1200_800.webp\" class=\"img-responsive lazyload\" alt=\"Cuatro personas sonrientes posan frente a un fondo verde con el logo de TV Ciudad y el nombre del programa Mir\u00e1 Montevideo junto a los horarios de emisi\u00f3n\" title=\"Cuatro personas sonrientes posan frente a un fondo verde con el logo de TV Ciudad y el nombre del programa Mir\u00e1 Montevideo junto a los horarios de emisi\u00f3n\"><\/picture>\n<div>\n<span class=\"img_footer\">Propaganda de Tv Ciudad  <\/span>| <span class=\"img_author\">La Derecha Diario<\/span>\n<\/div>\n<\/div>\n<h2>Intendentes responsables<\/h2>\n<p>Primero fue Mariano <strong>Arana<\/strong> desde 1996, que repiti\u00f3 como intendente a partir de 2000. En 2005 asumi\u00f3 a Ricardo Ehrlich, en 2010 la comunista Ana Olivera, en 2015 el socialista Daniel Mart\u00ednez, y en 2020 la feminista radical Carolina Cosse.<\/p>\n<p>Todos estos intendentes <strong>izquierdistas<\/strong> usaron el canal para beneficio personal y a favor del Frente amplio.<\/p>\n<p>Con el dinero de todos los contribuyentes de Montevideo mal utilizaron el canal para ataca a todos los que no profesen su ideolog\u00eda.\u00a0<\/p>\n<h2>Ataques al que piensa distinto<\/h2>\n<p>Fundamentalmente Tv Ciudad se dedica a <strong>atacar<\/strong> a personas u organizaciones liberales, patri\u00f3ticas, nacionalistas, patri\u00f3ticas, o conservadoras.\u00a0<\/p>\n<p>Cualquier individuo u organizaci\u00f3n que tenga ideales liberales, patri\u00f3ticas, nacionalistas o conservadores, es inmediatamente expuesta al <strong>odio<\/strong> y al <strong>desprecio<\/strong> p\u00fablico con mentiras y acusaciones difamatorias.\u00a0<\/p>\n<h2>Presupuesto millonario<\/h2>\n<p>Montevideo est\u00e1 tapada de basura desde hace d\u00e9cadas, las calles tienen pozos, y las plazas y parques est\u00e1n llenas de mugre.<\/p>\n<figure><img decoding=\"async\" src=\"https:\/\/derechadiario.com.ar\/filesedc\/uploads\/image\/post\/2025\/06\/images-1-1750802157171_1200_800.webp\" class=\"img-responsive lazyload\" alt=\"Logotipo de TV Ciudad con fondo marr\u00f3n y letras blancas\" title=\"Logotipo de TV Ciudad con fondo marr\u00f3n y letras blancas\"><\/figure>\n<p>A pesar de esto, los diversos intendentes frenteamplistas han <strong>potenciado<\/strong> Tv Ciudad.<\/p>\n<p>La han usado como un instrumento de propaganda que, como dijimos, se paga con los impuestos de todos los montevideanos.<\/p>\n<h2>Despilfarro del dinero\u00a0de todos\u00a0<\/h2>\n<p>Seg\u00fan fuentes de la propia Intendencia de Montevideo, el presupuesto total de Tv Ciudad fue de aproximadamente $304 millones de pesos uruguayos.<\/p>\n<p>Alrededor de <strong>7,6<\/strong>\u00a0<strong>millones de<\/strong>\u00a0<strong>d\u00f3lares<\/strong> anuales.<\/p>\n<p>Es una cifra exorbitante y gigantesca.<\/p>\n<p>La intendencia no realiza sus tareas b\u00e1sicas como la recolecci\u00f3n de residuos, el barrido de plazas, o la pavimentaci\u00f3n de las calles. Pero <strong>malgasta<\/strong> millones en un canal de propaganda.<\/p>\n<p>La izquierda uruguaya a trav\u00e9s de la intendencia de Montevideo utiliza los impuestos de todos los <strong>contribuyentes<\/strong> para montar una maquinaria propagand\u00edstica.<\/p>\n<p>Vale recordar que Tv Ciudad se emite las 24 horas y los 365 d\u00edas del a\u00f1o.<\/p>\n<p>Es decir que durante todo el tiempo lanzan su mensaje <strong>propagand\u00edstico<\/strong>.<\/p>\n<p>Desde luego que est\u00e1 muy bien que una organizaci\u00f3n pol\u00edtica realice propaganda y divulgue su ideolog\u00eda.<\/p>\n<p>Pero esto debe hacerse siempre con recursos propios, y jam\u00e1s con los <strong>recursos<\/strong> del Estado.\u00a0<\/p>\n<p>Usar el dinero de los contribuyentes para fines pol\u00edtico electorales es una inmoralidad total.<\/p>\n<h2>Modus operandi izquierdista<\/h2>\n<p>Todas las dictaduras socialistas del mundo usan el aparato del Estado para fomentar su ideolog\u00eda, y para anular al que piensa distinto.\u00a0<\/p>\n<p>Este m\u00e9todo <strong>totalitario<\/strong>, autoritario, y antidemocr\u00e1tico no es nuevo.<\/p>\n<p>Para poner algunos ejemplos hist\u00f3ricos, en la Uni\u00f3n Sovi\u00e9tica se mont\u00f3 un fenomenal aparato de propaganda\u00a0que dur\u00f3 d\u00e9cadas.<\/p>\n<p>En <strong>Cuba<\/strong> desde 1959, y en la <strong>Venezuela<\/strong> de Ch\u00e1vez tambi\u00e9n se sigue el mismo esquema, usar el dinero que paga el ciudadano com\u00fan para promover la ideolog\u00eda del partido de gobierno, y por supuesto para ultrajar y atacar a todo aquel que no comparte la ideolog\u00eda del tirano <strong>socialista<\/strong> de turno.\u00a0<\/p>\n<p>En Argentina los gobiernos ultra corruptos de los <strong>Kirchner<\/strong> usaron el canal estatal y montaron el programa &#8220;6,7,8&#8221;, donde invirtieron millones de d\u00f3lares en promover al gobierno kirchnerista y a demoler con difamaciones a dirigente pol\u00edticos de la oposici\u00f3n democr\u00e1tica.<\/p>\n<p>Actualmente tenemos el ejemplo de la <strong>Espa\u00f1a<\/strong> del Pedro S\u00e1nchez.\u00a0<\/p>\n<p>El Partido Socialista Obrero Espa\u00f1ol ha regado con cientos de millones de euros a medios de comunicaci\u00f3n afines para que lo elogien y para tapar los esc\u00e1ndalos de corrupci\u00f3n de su gobierno.<\/p>\n<figure><img decoding=\"async\" src=\"https:\/\/derechadiario.com.ar\/filesedc\/uploads\/image\/post\/2025\/06\/maxresdefault-1750802222102_1200_800.webp\" class=\"img-responsive lazyload\" alt=\"Hombre con gafas y saco beige sonr\u00ede en un set de televisi\u00f3n con el texto LADO B Entrevista a Fernando Pereira en pantalla\" title=\"Hombre con gafas y saco beige sonr\u00ede en un set de televisi\u00f3n con el texto LADO B Entrevista a Fernando Pereira en pantalla\"><\/figure>\n<p>El dinero lo aportaron todos los espa\u00f1oles con sus <strong>impuestos<\/strong>. No los pol\u00edticos socialistas.<\/p>\n<h2>Personajes oscuros<\/h2>\n<p>El canal\u00a0tiene personajes que son muy pol\u00e9micos. Una de ellas es laboral <strong>Tania<\/strong>\u00a0<strong>Tab\u00e1rez<\/strong>, hija del ex DT de la Selecci\u00f3n Oscar Tabar\u00e9z.<\/p>\n<p>Ella tiene una columna diaria llamada &#8220;La descarga&#8221;, d\u00f3nde se dedica a descalificar\u00a0y <strong>agredir<\/strong> a todos aquellas personas u organizaciones que no sean de izquierda .<\/p>\n<p>Usa un espacio que pagan los <strong>contribuyentes<\/strong> para denigrar a cualquiera que no comulgue con el Frente Amplio.<\/p>\n<h2>Tv Ciudad, pura inmoralidad<\/h2>\n<p>Malgastar casi 8 millones de d\u00f3lares anuales en el canal de televisi\u00f3n es un desprop\u00f3sito total y absoluto.<\/p>\n<p>Tv Ciudad ya mismo deber\u00eda <strong>cerrarse<\/strong>.<\/p>\n<p>Los montevideanos no tienen porqu\u00e9 malgastar millones de d\u00f3lares al a\u00f1o en un canal que s\u00f3lo favorece ideas de la izquierda, y que <strong>ataca<\/strong> permanentemente a todo grupo o ciudadano que no profese su ideolog\u00eda.\u00a0<\/p>\n<p>Mario <strong>Bergara<\/strong> asumir\u00e1 como intendente en pocos d\u00edas y todo indica que continuar\u00e1 alimentando la maquinaria partidaria.<\/p>\n<p>Tv Ciudad es un canal que tiene baj\u00edsimo rating, y donde solo aparecen como comunicadores o &#8220;periodistas&#8221; personajes afines al Frente Amplio.<\/p>\n","protected":false},"excerpt":{"rendered":"<p>El canal se fund\u00f3 en septiembre de 1996 desde ese momento Y hasta ahora medio de propaganda a favor del Frente Amplio en general y de toda la izquierda uruguaya en particular. TV ciudad se dedica pura y exclusivamente a difundir programaci\u00f3n a favor de las ideas de izquierda, denigrando y ultrajando a cualquier sector [&hellip;]<\/p>\n","protected":false},"author":2,"featured_media":8835,"comment_status":"open","ping_status":"open","sticky":false,"template":"","format":"standard","meta":{"_et_pb_use_builder":"","_et_pb_old_content":"","_et_gb_content_width":"","footnotes":""},"categories":[84],"tags":[],"class_list":["post-8834","post","type-post","status-publish","format-standard","has-post-thumbnail","hentry","category-ultimomomento"],"_links":{"self":[{"href":"https:\/\/verdadincomodadiario.ar\/index.php?rest_route=\/wp\/v2\/posts\/8834","targetHints":{"allow":["GET"]}}],"collection":[{"href":"https:\/\/verdadincomodadiario.ar\/index.php?rest_route=\/wp\/v2\/posts"}],"about":[{"href":"https:\/\/verdadincomodadiario.ar\/index.php?rest_route=\/wp\/v2\/types\/post"}],"author":[{"embeddable":true,"href":"https:\/\/verdadincomodadiario.ar\/index.php?rest_route=\/wp\/v2\/users\/2"}],"replies":[{"embeddable":true,"href":"https:\/\/verdadincomodadiario.ar\/index.php?rest_route=%2Fwp%2Fv2%2Fcomments&post=8834"}],"version-history":[{"count":0,"href":"https:\/\/verdadincomodadiario.ar\/index.php?rest_route=\/wp\/v2\/posts\/8834\/revisions"}],"wp:featuredmedia":[{"embeddable":true,"href":"https:\/\/verdadincomodadiario.ar\/index.php?rest_route=\/wp\/v2\/media\/8835"}],"wp:attachment":[{"href":"https:\/\/verdadincomodadiario.ar\/index.php?rest_route=%2Fwp%2Fv2%2Fmedia&parent=8834"}],"wp:term":[{"taxonomy":"category","embeddable":true,"href":"https:\/\/verdadincomodadiario.ar\/index.php?rest_route=%2Fwp%2Fv2%2Fcategories&post=8834"},{"taxonomy":"post_tag","embeddable":true,"href":"https:\/\/verdadincomodadiario.ar\/index.php?rest_route=%2Fwp%2Fv2%2Ftags&post=8834"}],"curies":[{"name":"wp","href":"https:\/\/api.w.org\/{rel}","templated":true}]}}