{"id":8824,"date":"2025-06-24T21:24:49","date_gmt":"2025-06-24T21:24:49","guid":{"rendered":"https:\/\/verdadincomodadiario.ar\/?p=8824"},"modified":"2025-06-24T21:24:49","modified_gmt":"2025-06-24T21:24:49","slug":"jhonny-fernandez-anuncio-una-visita-al-chapare-hay-acercamientos-con-evo-morales","status":"publish","type":"post","link":"https:\/\/verdadincomodadiario.ar\/?p=8824","title":{"rendered":"Jhonny Fern\u00e1ndez anunci\u00f3 una visita al Chapare, hay acercamientos con Evo Morales"},"content":{"rendered":"<p>El candidato presidencial <a href=\"https:\/\/derechadiario.com.ar\/bolivia\/politica\/pelo-capucha-jhonny-fernandez-evidencio-su-deseo-rearticular-al-masismo\" title=\"Pel\u00f3 capucha: Jhonny Fern\u00e1ndez evidenci\u00f3 su deseo de rearticular al masismo\">Jhonny Fern\u00e1ndez confirm\u00f3 que visitar\u00e1 el Tr\u00f3pico de Cochabamba<\/a>. Tambi\u00e9n ir\u00e1 al Valle Alto y al Valle Bajo, adem\u00e1s de dos provincias de La Paz.<\/p>\n<p>La gira se realizar\u00e1 en medio de tensiones por <a href=\"https:\/\/derechadiario.com.ar\/bolivia\/politica\/meretriz-partido-politico-ucs-se-reunio-con-todos-los-candidatos-del-masismo\" title=\"Meretriz o partido pol\u00edtico: La UCS se ofreci\u00f3 a todos los candidatos del masismo\">un posible acercamiento con Evo Morales<\/a>. Fern\u00e1ndez afirm\u00f3 que <strong>su objetivo es \u201ccerrar acuerdos\u201d con sectores sociales<\/strong>. La visita se da a pocas horas del cierre del plazo para sustituir candidatos.<\/p>\n<p>Durante un acto p\u00fablico, Fern\u00e1ndez asegur\u00f3 que dar\u00e1 una \u201cbuena noticia\u201d a sus seguidores. Convoc\u00f3 a sus dirigentes para una reuni\u00f3n urgente en Santa Cruz. El anuncio gener\u00f3 especulaciones sobre <strong>una posible alianza con Evo Pueblo<\/strong>.<\/p>\n<p>Sin embargo, ni Fern\u00e1ndez ni UCS han confirmado un pacto formal. El ambiente pol\u00edtico se llena de rumores y cautela.<\/p>\n<p>Wilma Alanoca, concejal alte\u00f1a y figura clave del evismo, declar\u00f3 hace pocos d\u00edas que <strong>UCS est\u00e1 entre las fuerzas con las que hay di\u00e1logo<\/strong>. Dijo que el movimiento Evo Pueblo mantiene conversaciones con al menos tres agrupaciones. Aclar\u00f3 que no se firm\u00f3 ning\u00fan acuerdo con Fern\u00e1ndez.<\/p>\n<p>Pero insisti\u00f3 en que <strong>hay \u201ccomisiones trabajando\u201d para acercamientos. Evo Pueblo<\/strong> a\u00fan busca una sigla para participar en las elecciones del 17 de agosto.<\/p>\n<h2>Fern\u00e1ndez anunci\u00f3\u00a0sorpresas<\/h2>\n<div class=\"inter_image image_horizontal\">\n<picture><source class=\"img-responsive\" type=\"image\/webp\" data-srcset=\"https:\/\/filesedc.com\/uploads\/image\/post\/2025\/06\/fernandez-14_300_200.webp 300w, https:\/\/filesedc.com\/uploads\/image\/post\/2025\/06\/fernandez-14_630_420.webp 630w, https:\/\/filesedc.com\/uploads\/image\/post\/2025\/06\/fernandez-14_760_507.webp 760w, https:\/\/filesedc.com\/uploads\/image\/post\/2025\/06\/fernandez-14_1200_800.webp 1200w, https:\/\/filesedc.com\/uploads\/image\/post\/2025\/06\/fernandez-14_1600_1067.webp 1600w, \"><img decoding=\"async\" src=\"https:\/\/derechadiario.com.ar\/filesedc\/uploads\/image\/post\/2025\/06\/fernandez-14_1200_800.webp\" class=\"img-responsive lazyload\" alt=\"Hombre sonriente con micr\u00f3fono en la mano derecha levantando la mano izquierda en se\u00f1al de saludo sobre un fondo rojo\" title=\"Hombre sonriente con micr\u00f3fono en la mano derecha levantando la mano izquierda en se\u00f1al de saludo sobre un fondo rojo\"><\/picture>\n<div>\n<span class=\"img_footer\">Indic\u00f3 que sus rivales tienen miedo <\/span>| <span class=\"img_author\">La Derecha Diario<\/span>\n<\/div>\n<\/div>\n<p>Fern\u00e1ndez, por su parte, no neg\u00f3 el contacto con el evismo. Respondi\u00f3 a las cr\u00edticas asegurando que sus rivales \u201ctienen miedo\u201d. Recalc\u00f3 que <strong>su fuerza est\u00e1 construyendo alianzas con \u201cla clase popular\u201d<\/strong>.<\/p>\n<p>Adem\u00e1s, dijo que <strong>cuando se conozcan sus listas a parlamentarios y su acompa\u00f1ante a la vicepresidencia, habr\u00e1 sorpresas<\/strong>. Cree que la oposici\u00f3n teme la unidad del voto popular. No desminti\u00f3 una eventual sociedad con Evo Morales.<\/p>\n<p>Los rumores se dispararon cuando se mencion\u00f3 que Morales podr\u00eda postular al Senado. Algunas versiones afirmaban que ya hab\u00eda un acuerdo con UCS. El desmentido de Evo Pueblo fue inmediato y tajante.<\/p>\n<p>En un comunicado aseguraron que no firmaron ning\u00fan acuerdo pol\u00edtico. Tambi\u00e9n prometieron transparencia si llega a ocurrir.<\/p>\n<p>Alanoca reafirm\u00f3 que a\u00fan no hay alianza con ning\u00fan partido. Pero \u00a0<strong>no neg\u00f3 que haya contactos con UCS<\/strong>. Aclar\u00f3 que Evo Pueblo conversa con varias agrupaciones a falta de una personer\u00eda jur\u00eddica propia.<\/p>\n<p>As\u00ed mismo, explic\u00f3 que las bases sociales est\u00e1n analizando opciones. Anunci\u00f3 que pronto habr\u00e1 m\u00e1s certezas sobre la ruta electoral del evismo.<\/p>\n<p>Jhonny Fern\u00e1ndez sostuvo que los sectores sociales eligen a sus candidatos. Afirm\u00f3 que <strong>su alianza Fuerza del Pueblo solo responde a esos sectores<\/strong>. Dijo que no se dejar\u00e1 presionar por dirigentes tradicionales.<\/p>\n<p>Reiter\u00f3 que la construcci\u00f3n de listas se basa en demandas del pueblo. Prometi\u00f3 una candidatura diferente a la de los partidos pol\u00edticos cl\u00e1sicos.<\/p>\n<h2>No neg\u00f3 una alianza<\/h2>\n<figure><img decoding=\"async\" src=\"https:\/\/derechadiario.com.ar\/filesedc\/uploads\/image\/post\/2025\/06\/2023011516263629756_1200_800.webp\" class=\"img-responsive lazyload\" alt=\"Hombre con camisa morada de estampado floral hablando frente a varios micr\u00f3fonos en una conferencia de prensa rodeado de personas\" title=\"Hombre con camisa morada de estampado floral hablando frente a varios micr\u00f3fonos en una conferencia de prensa rodeado de personas\"><\/figure>\n<p>El viaje a Cochabamba tambi\u00e9n incluye actos con comunidades campesinas. Fern\u00e1ndez dijo que <strong>\u201cabrazar\u00e1\u201d a los hermanos del campo<\/strong>. Cree que su campa\u00f1a se diferencia por conectar con la base social.<\/p>\n<p>Insiste en que no es un pol\u00edtico tradicional. Usa un discurso de unidad para ampliar su apoyo electoral.<\/p>\n<p>En varias declaraciones, Fern\u00e1ndez evit\u00f3 referirse directamente a Evo Morales. Dijo que dialoga con todos los actores pol\u00edticos \u201cque quieran construir\u201d. Eso deja abierta la posibilidad de alianzas con sectores afines al MAS.<\/p>\n<p>Enfatiz\u00f3 que su prioridad es lograr acuerdos con representaci\u00f3n real. Su estrategia parece orientada a captar voto rural y popular.<\/p>\n<p>Pese a la incertidumbre, UCS y Evo Pueblo reconocen di\u00e1logos informales. Ambas fuerzas <strong>mantienen abiertas las puertas a un eventual pacto<\/strong>. La necesidad de sigla del evismo y la ambici\u00f3n de Fern\u00e1ndez de unificar al voto popular podr\u00edan coincidir.<\/p>\n<p>Aunque p\u00fablicamente lo niegan, los contactos son evidentes. La definici\u00f3n depender\u00e1 del resultado de las reuniones de esta semana.<\/p>\n<h2>Alanoca podr\u00eda acompa\u00f1ar a Jhonny<\/h2>\n<figure><img decoding=\"async\" src=\"https:\/\/derechadiario.com.ar\/filesedc\/uploads\/image\/post\/2025\/06\/9dce5e46-2cbb-438e-9677-a81d41faa95d_1200_800.webp\" class=\"img-responsive lazyload\" alt=\"Mujer con guirnalda de flores hablando por micr\u00f3fono y levantando una bandera en un evento pol\u00edtico rodeada de personas y carteles de Evo Morales\" title=\"Mujer con guirnalda de flores hablando por micr\u00f3fono y levantando una bandera en un evento pol\u00edtico rodeada de personas y carteles de Evo Morales\"><\/figure>\n<p>Fern\u00e1ndez afirm\u00f3 que <strong>su vicepresidente ser\u00e1 una gran sorpresa<\/strong>. Versiones no confirmadas indican que podr\u00eda ser Wilma Alanoca. Aunque no hay confirmaci\u00f3n oficial, la concejal no lo ha descartado.<\/p>\n<p>Se espera que Evo Pueblo defina pronto si acompa\u00f1ar\u00e1 esa candidatura. La decisi\u00f3n se conocer\u00eda en un ampliado este fin de semana.<\/p>\n<p>A dos d\u00edas del cierre de sustituciones, la incertidumbre sigue. Fern\u00e1ndez se muestra confiado en su proyecto. Evo Pueblo busca una v\u00eda para regresar al poder.<\/p>\n<p>La uni\u00f3n entre ambas fuerzas a\u00fan no es oficial. Pero <strong>los indicios de acercamiento son cada vez m\u00e1s s\u00f3lidos<\/strong>.<\/p>\n<p>Los analistas coinciden en que una alianza entre UCS y Evo Pueblo alterar\u00eda el escenario electoral. Podr\u00eda redistribuir el voto popular y afectar a otras candidaturas.<\/p>\n<p>Sin embargo, el rechazo social hacia Morales\u00a0tambi\u00e9n podr\u00eda jugar en contra de la alianza. La f\u00f3rmula de Fern\u00e1ndez a\u00fan genera dudas.\u00a0<\/p>\n","protected":false},"excerpt":{"rendered":"<p>El candidato presidencial Jhonny Fern\u00e1ndez confirm\u00f3 que visitar\u00e1 el Tr\u00f3pico de Cochabamba. Tambi\u00e9n ir\u00e1 al Valle Alto y al Valle Bajo, adem\u00e1s de dos provincias de La Paz. La gira se realizar\u00e1 en medio de tensiones por un posible acercamiento con Evo Morales. Fern\u00e1ndez afirm\u00f3 que su objetivo es \u201ccerrar acuerdos\u201d con sectores sociales. La [&hellip;]<\/p>\n","protected":false},"author":2,"featured_media":8825,"comment_status":"open","ping_status":"open","sticky":false,"template":"","format":"standard","meta":{"_et_pb_use_builder":"","_et_pb_old_content":"","_et_gb_content_width":"","footnotes":""},"categories":[84],"tags":[],"class_list":["post-8824","post","type-post","status-publish","format-standard","has-post-thumbnail","hentry","category-ultimomomento"],"_links":{"self":[{"href":"https:\/\/verdadincomodadiario.ar\/index.php?rest_route=\/wp\/v2\/posts\/8824","targetHints":{"allow":["GET"]}}],"collection":[{"href":"https:\/\/verdadincomodadiario.ar\/index.php?rest_route=\/wp\/v2\/posts"}],"about":[{"href":"https:\/\/verdadincomodadiario.ar\/index.php?rest_route=\/wp\/v2\/types\/post"}],"author":[{"embeddable":true,"href":"https:\/\/verdadincomodadiario.ar\/index.php?rest_route=\/wp\/v2\/users\/2"}],"replies":[{"embeddable":true,"href":"https:\/\/verdadincomodadiario.ar\/index.php?rest_route=%2Fwp%2Fv2%2Fcomments&post=8824"}],"version-history":[{"count":0,"href":"https:\/\/verdadincomodadiario.ar\/index.php?rest_route=\/wp\/v2\/posts\/8824\/revisions"}],"wp:featuredmedia":[{"embeddable":true,"href":"https:\/\/verdadincomodadiario.ar\/index.php?rest_route=\/wp\/v2\/media\/8825"}],"wp:attachment":[{"href":"https:\/\/verdadincomodadiario.ar\/index.php?rest_route=%2Fwp%2Fv2%2Fmedia&parent=8824"}],"wp:term":[{"taxonomy":"category","embeddable":true,"href":"https:\/\/verdadincomodadiario.ar\/index.php?rest_route=%2Fwp%2Fv2%2Fcategories&post=8824"},{"taxonomy":"post_tag","embeddable":true,"href":"https:\/\/verdadincomodadiario.ar\/index.php?rest_route=%2Fwp%2Fv2%2Ftags&post=8824"}],"curies":[{"name":"wp","href":"https:\/\/api.w.org\/{rel}","templated":true}]}}