{"id":8798,"date":"2025-06-24T19:25:46","date_gmt":"2025-06-24T19:25:46","guid":{"rendered":"https:\/\/verdadincomodadiario.ar\/?p=8798"},"modified":"2025-06-24T19:25:46","modified_gmt":"2025-06-24T19:25:46","slug":"el-primer-mes-de-noboa-destaco-por-leyes-rapidas-y-seguridad","status":"publish","type":"post","link":"https:\/\/verdadincomodadiario.ar\/?p=8798","title":{"rendered":"El primer mes de Noboa destac\u00f3 por leyes r\u00e1pidas y seguridad"},"content":{"rendered":"<p><b>Daniel Noboa<\/b> cumpli\u00f3 un mes de su segundo mandato con un ritmo de trabajo que, seg\u00fan analistas, muestra una <b>clara intenci\u00f3n de priorizar la seguridad, el empleo y la inversi\u00f3n<\/b>. Desde su posesi\u00f3n,<a href=\"https:\/\/derechadiario.com.ar\/ecuador\/politica\/escasez-platano-elevo-precios-y-preocupa-al-sector-exportador\" title=\"La escasez de pl\u00e1tano elev\u00f3 precios y preocupa al sector exportador\"> impuls\u00f3 leyes clave<\/a> en tiempo r\u00e9cord y emprendi\u00f3 una gira internacional para estrechar lazos con potencias econ\u00f3micas como China, Espa\u00f1a e Italia.<\/p>\n<p>Entre las decisiones m\u00e1s relevantes, destacan la aprobaci\u00f3n de la <b>Ley de Solidaridad Nacional<\/b>, la <b>Ley de Inteligencia<\/b> y la eliminaci\u00f3n de la prohibici\u00f3n de bases militares extranjeras. Estas acciones legislativas se concretaron en apenas 20 d\u00edas, mostrando lo que el analista Carlos de Tomaso calific\u00f3 como una \u201c<b>revoluci\u00f3n legislativa<\/b>\u201d posible gracias a la coordinaci\u00f3n con la Asamblea Nacional.<\/p>\n<p>La seguridad es el eje m\u00e1s visible del Gobierno. La <b>renovaci\u00f3n del estado de excepci\u00f3n<\/b> en siete provincias, la <b>recompensa por informaci\u00f3n de alto valor<\/b> y la <b>clasificaci\u00f3n de ciertos grupos criminales como terroristas<\/b> refuerzan el mensaje de \u201c<b>cero tolerancia<\/b>\u201d frente al crimen organizado. Analistas como Stalin Sacoto ven en estas medidas un primer paso firme hacia la reconstrucci\u00f3n del orden p\u00fablico.<\/p>\n<p>En el plano econ\u00f3mico, el Gobierno destin\u00f3 <b>$100 millones para cr\u00e9ditos productivos<\/b> y present\u00f3 una ley para promover el desarrollo local en zonas protegidas. Estos esfuerzos se suman a indicadores de crecimiento del 3% en el primer trimestre de 2025, lo cual refleja el impacto inicial de las pol\u00edticas pro-mercado implementadas por Noboa.<\/p>\n<div class=\"inter_image image_horizontal\">\n<picture><source class=\"img-responsive\" type=\"image\/webp\" data-srcset=\"https:\/\/filesedc.com\/uploads\/image\/post\/2025\/06\/screenshot-2025-06-24-at-11-16-39-daniel-novoa---buscar-con-google_300_200.webp 300w, https:\/\/filesedc.com\/uploads\/image\/post\/2025\/06\/screenshot-2025-06-24-at-11-16-39-daniel-novoa---buscar-con-google_630_420.webp 630w, https:\/\/filesedc.com\/uploads\/image\/post\/2025\/06\/screenshot-2025-06-24-at-11-16-39-daniel-novoa---buscar-con-google_760_507.webp 760w, https:\/\/filesedc.com\/uploads\/image\/post\/2025\/06\/screenshot-2025-06-24-at-11-16-39-daniel-novoa---buscar-con-google_1200_800.webp 1200w, https:\/\/filesedc.com\/uploads\/image\/post\/2025\/06\/screenshot-2025-06-24-at-11-16-39-daniel-novoa---buscar-con-google_1600_1067.webp 1600w, \"><img decoding=\"async\" src=\"https:\/\/derechadiario.com.ar\/filesedc\/uploads\/image\/post\/2025\/06\/screenshot-2025-06-24-at-11-16-39-daniel-novoa---buscar-con-google_1200_800.webp\" class=\"img-responsive lazyload\" alt=\"Hombre joven con cabello corto y oscuro usando un traje blanco y corbata azul claro hablando frente a un micr\u00f3fono\" title=\"Hombre joven con cabello corto y oscuro usando un traje blanco y corbata azul claro hablando frente a un micr\u00f3fono\"><\/picture>\n<div>\n<span class=\"img_footer\">Daniel Noboa <\/span>| <span class=\"img_author\">La Derecha Diario<\/span>\n<\/div>\n<\/div>\n<p>No obstante, los expertos sugieren trabajar en una <b>estrategia integral<\/b> que incluya pol\u00edticas sociales y mecanismos de depuraci\u00f3n institucional. Casos como la fuga de alias Fede y la participaci\u00f3n de uniformados en delitos plantean desaf\u00edos que exigen una evaluaci\u00f3n estructural de las fuerzas de seguridad.<\/p>\n<p>En este contexto, se vislumbra un Gobierno que, pese a los retos pendientes, ha demostrado <b>rapidez, claridad de objetivos y voluntad pol\u00edtica<\/b>. La aprobaci\u00f3n de leyes clave, la eficiencia en el uso del poder legislativo y los pasos firmes contra la inseguridad marcan el tono de esta nueva etapa del mandato.<\/p>\n<p>El enfoque del presidente Noboa apunta a <b><a href=\"https:\/\/derechadiario.com.ar\/ecuador\/politica\/plataforma-temu-proyecto-inversiones-logisticas-ecuador\" title=\"La plataforma Temu proyect\u00f3 inversiones log\u00edsticas en Ecuador\">construir orden, atraer inversi\u00f3n <\/a>y ofrecer alternativas al asistencialismo<\/b>. Con m\u00e1s reformas estructurales en camino, su reto ser\u00e1 consolidar una estrategia duradera que incluya a todos los sectores del pa\u00eds.<\/p>\n<p>En apenas un mes, Daniel Noboa mostr\u00f3 que su Gobierno no ser\u00e1 de espera, sino de acci\u00f3n. Las leyes aprobadas y su presencia internacional consolidan una <b>agenda clara y ambiciosa<\/b>, enfocada en <b>seguridad, crecimiento econ\u00f3mico y gobernabilidad<\/b>.<\/p>\n","protected":false},"excerpt":{"rendered":"<p>Daniel Noboa cumpli\u00f3 un mes de su segundo mandato con un ritmo de trabajo que, seg\u00fan analistas, muestra una clara intenci\u00f3n de priorizar la seguridad, el empleo y la inversi\u00f3n. Desde su posesi\u00f3n, impuls\u00f3 leyes clave en tiempo r\u00e9cord y emprendi\u00f3 una gira internacional para estrechar lazos con potencias econ\u00f3micas como China, Espa\u00f1a e Italia. [&hellip;]<\/p>\n","protected":false},"author":2,"featured_media":8799,"comment_status":"open","ping_status":"open","sticky":false,"template":"","format":"standard","meta":{"_et_pb_use_builder":"","_et_pb_old_content":"","_et_gb_content_width":"","footnotes":""},"categories":[84],"tags":[],"class_list":["post-8798","post","type-post","status-publish","format-standard","has-post-thumbnail","hentry","category-ultimomomento"],"_links":{"self":[{"href":"https:\/\/verdadincomodadiario.ar\/index.php?rest_route=\/wp\/v2\/posts\/8798","targetHints":{"allow":["GET"]}}],"collection":[{"href":"https:\/\/verdadincomodadiario.ar\/index.php?rest_route=\/wp\/v2\/posts"}],"about":[{"href":"https:\/\/verdadincomodadiario.ar\/index.php?rest_route=\/wp\/v2\/types\/post"}],"author":[{"embeddable":true,"href":"https:\/\/verdadincomodadiario.ar\/index.php?rest_route=\/wp\/v2\/users\/2"}],"replies":[{"embeddable":true,"href":"https:\/\/verdadincomodadiario.ar\/index.php?rest_route=%2Fwp%2Fv2%2Fcomments&post=8798"}],"version-history":[{"count":0,"href":"https:\/\/verdadincomodadiario.ar\/index.php?rest_route=\/wp\/v2\/posts\/8798\/revisions"}],"wp:featuredmedia":[{"embeddable":true,"href":"https:\/\/verdadincomodadiario.ar\/index.php?rest_route=\/wp\/v2\/media\/8799"}],"wp:attachment":[{"href":"https:\/\/verdadincomodadiario.ar\/index.php?rest_route=%2Fwp%2Fv2%2Fmedia&parent=8798"}],"wp:term":[{"taxonomy":"category","embeddable":true,"href":"https:\/\/verdadincomodadiario.ar\/index.php?rest_route=%2Fwp%2Fv2%2Fcategories&post=8798"},{"taxonomy":"post_tag","embeddable":true,"href":"https:\/\/verdadincomodadiario.ar\/index.php?rest_route=%2Fwp%2Fv2%2Ftags&post=8798"}],"curies":[{"name":"wp","href":"https:\/\/api.w.org\/{rel}","templated":true}]}}