{"id":8796,"date":"2025-06-24T19:25:47","date_gmt":"2025-06-24T19:25:47","guid":{"rendered":"https:\/\/verdadincomodadiario.ar\/?p=8796"},"modified":"2025-06-24T19:25:47","modified_gmt":"2025-06-24T19:25:47","slug":"el-acercamiento-de-ex-dictador-correa-con-iran-quedo-en-el-olvido","status":"publish","type":"post","link":"https:\/\/verdadincomodadiario.ar\/?p=8796","title":{"rendered":"El acercamiento de ex dictador Correa con Ir\u00e1n qued\u00f3 en el olvido"},"content":{"rendered":"<p>El exembajador Hern\u00e1n P\u00e9rez Loose afirm\u00f3 que <b>Ir\u00e1n nunca ha sido un pa\u00eds clave en la agenda diplom\u00e1tica ecuatoriana<\/b>. Aunque el expresidente Rafael Correa intent\u00f3 acercamientos, estos no prosperaron ni generaron lazos duraderos.<\/p>\n<p>Durante su mandato, Correa visit\u00f3 Teher\u00e1n y elogi\u00f3 al r\u00e9gimen iran\u00ed, <b><a href=\"https:\/\/derechadiario.com.ar\/ecuador\/politica\/escasez-platano-elevo-precios-y-preocupa-al-sector-exportador\" title=\"La escasez de pl\u00e1tano elev\u00f3 precios y preocupa al sector exportador\">buscando alinear a Ecuador<\/a> con gobiernos autoritarios contrarios al orden internacional<\/b>. Sin embargo, las relaciones se enfriaron a medida que la pol\u00edtica agresiva de Ir\u00e1n en Medio Oriente provocaba rechazo global.<\/p>\n<p>En el \u00e1mbito econ\u00f3mico, las relaciones tambi\u00e9n fueron marginales. <b>Las exportaciones, como el banano, fueron anecd\u00f3ticas<\/b> y no consolidaron un intercambio sostenible. Seg\u00fan P\u00e9rez Loose, Ecuador e Ir\u00e1n \u201cson mundos muy lejanos\u201d y sin complementariedad real.<\/p>\n<p>El diplom\u00e1tico record\u00f3 que <b>el atentado a la AMIA en 1994, vinculado a Ir\u00e1n, da\u00f1\u00f3 la imagen del pa\u00eds isl\u00e1mico en Am\u00e9rica Latina<\/b>. Esa desconfianza hist\u00f3rica explica en parte por qu\u00e9 Ecuador nunca prioriz\u00f3 v\u00ednculos con Teher\u00e1n, incluso durante gobiernos posteriores a Correa.<\/p>\n<div class=\"inter_image image_horizontal\">\n<picture><source class=\"img-responsive\" type=\"image\/webp\" data-srcset=\"https:\/\/filesedc.com\/uploads\/image\/post\/2025\/06\/screenshot-2025-06-24-at-10-40-57-iran-no-ha-sido-para-ecuador-un-pais-de-mucha-importancia-dice-hernan-perez-loose-exembajador-de-ecuador-en-la-onu-politica-noticias-el-universo_300_200.webp 300w, https:\/\/filesedc.com\/uploads\/image\/post\/2025\/06\/screenshot-2025-06-24-at-10-40-57-iran-no-ha-sido-para-ecuador-un-pais-de-mucha-importancia-dice-hernan-perez-loose-exembajador-de-ecuador-en-la-onu-politica-noticias-el-universo_630_420.webp 630w, https:\/\/filesedc.com\/uploads\/image\/post\/2025\/06\/screenshot-2025-06-24-at-10-40-57-iran-no-ha-sido-para-ecuador-un-pais-de-mucha-importancia-dice-hernan-perez-loose-exembajador-de-ecuador-en-la-onu-politica-noticias-el-universo_760_507.webp 760w, https:\/\/filesedc.com\/uploads\/image\/post\/2025\/06\/screenshot-2025-06-24-at-10-40-57-iran-no-ha-sido-para-ecuador-un-pais-de-mucha-importancia-dice-hernan-perez-loose-exembajador-de-ecuador-en-la-onu-politica-noticias-el-universo_1200_800.webp 1200w, https:\/\/filesedc.com\/uploads\/image\/post\/2025\/06\/screenshot-2025-06-24-at-10-40-57-iran-no-ha-sido-para-ecuador-un-pais-de-mucha-importancia-dice-hernan-perez-loose-exembajador-de-ecuador-en-la-onu-politica-noticias-el-universo_1600_1067.webp 1600w, \"><img decoding=\"async\" src=\"https:\/\/derechadiario.com.ar\/filesedc\/uploads\/image\/post\/2025\/06\/screenshot-2025-06-24-at-10-40-57-iran-no-ha-sido-para-ecuador-un-pais-de-mucha-importancia-dice-hernan-perez-loose-exembajador-de-ecuador-en-la-onu-politica-noticias-el-universo_1200_800.webp\" class=\"img-responsive lazyload\" alt=\"Hombre mayor con gafas y traje hablando en una conferencia internacional con un letrero que dice Ecuador frente a \u00e9l\" title=\"Hombre mayor con gafas y traje hablando en una conferencia internacional con un letrero que dice Ecuador frente a \u00e9l\"><\/picture>\n<div>\n<span class=\"img_footer\">Hern\u00e1n P\u00e9rez Loose durante una ponencia como embajador de Ecuador en la ONU <\/span>| <span class=\"img_author\">La Derecha Diario<\/span>\n<\/div>\n<\/div>\n<p>Actualmente, el gobierno de Daniel Noboa ha mostrado inter\u00e9s por Medio Oriente, pero seg\u00fan P\u00e9rez Loose, <b>Ir\u00e1n no forma parte de esos planes debido a su falta de relevancia estrat\u00e9gica<\/b>. A su juicio, Ecuador tampoco tiene un rol relevante en el conflicto Ir\u00e1n-Israel ni debe tomar partido.\u00a0\u201cNo hemos sido adversarios ni aliados, simplemente no ha habido oportunidad\u201d, dijo P\u00e9rez Loose. <b>Intentos ideologizados como los de Correa no generaron beneficios concretos para el pa\u00eds<\/b>, solo acercamientos simb\u00f3licos carentes de visi\u00f3n pragm\u00e1tica.<\/p>\n<p>Este episodio refuerza la importancia de <b>evitar alianzas con reg\u00edmenes que cuestionan el orden internacional y que no aportan al desarrollo nacional<\/b>. Ecuador necesita <b><a href=\"https:\/\/derechadiario.com.ar\/ecuador\/politica\/plataforma-temu-proyecto-inversiones-logisticas-ecuador\" title=\"La plataforma Temu proyect\u00f3 inversiones log\u00edsticas en Ecuador\">relaciones estables, estrat\u00e9gicas<\/a> y \u00fatiles, no gestos ideol\u00f3gicos sin proyecci\u00f3n<\/b>.<\/p>\n<p><b>El socialismo del siglo XXI demostr\u00f3 ser m\u00e1s proclive a relaciones propagand\u00edsticas que efectivas<\/b>. Hoy, una diplomacia enfocada en el beneficio mutuo y la coherencia internacional se vuelve m\u00e1s urgente que nunca.<\/p>\n<p>La experiencia con Ir\u00e1n durante el corre\u00edsmo deja claro que <b>la pol\u00edtica exterior debe responder al inter\u00e9s nacional, no a afinidades ideol\u00f3gicas est\u00e9riles<\/b>.<\/p>\n","protected":false},"excerpt":{"rendered":"<p>El exembajador Hern\u00e1n P\u00e9rez Loose afirm\u00f3 que Ir\u00e1n nunca ha sido un pa\u00eds clave en la agenda diplom\u00e1tica ecuatoriana. Aunque el expresidente Rafael Correa intent\u00f3 acercamientos, estos no prosperaron ni generaron lazos duraderos. Durante su mandato, Correa visit\u00f3 Teher\u00e1n y elogi\u00f3 al r\u00e9gimen iran\u00ed, buscando alinear a Ecuador con gobiernos autoritarios contrarios al orden internacional. [&hellip;]<\/p>\n","protected":false},"author":2,"featured_media":8797,"comment_status":"open","ping_status":"open","sticky":false,"template":"","format":"standard","meta":{"_et_pb_use_builder":"","_et_pb_old_content":"","_et_gb_content_width":"","footnotes":""},"categories":[84],"tags":[],"class_list":["post-8796","post","type-post","status-publish","format-standard","has-post-thumbnail","hentry","category-ultimomomento"],"_links":{"self":[{"href":"https:\/\/verdadincomodadiario.ar\/index.php?rest_route=\/wp\/v2\/posts\/8796","targetHints":{"allow":["GET"]}}],"collection":[{"href":"https:\/\/verdadincomodadiario.ar\/index.php?rest_route=\/wp\/v2\/posts"}],"about":[{"href":"https:\/\/verdadincomodadiario.ar\/index.php?rest_route=\/wp\/v2\/types\/post"}],"author":[{"embeddable":true,"href":"https:\/\/verdadincomodadiario.ar\/index.php?rest_route=\/wp\/v2\/users\/2"}],"replies":[{"embeddable":true,"href":"https:\/\/verdadincomodadiario.ar\/index.php?rest_route=%2Fwp%2Fv2%2Fcomments&post=8796"}],"version-history":[{"count":0,"href":"https:\/\/verdadincomodadiario.ar\/index.php?rest_route=\/wp\/v2\/posts\/8796\/revisions"}],"wp:featuredmedia":[{"embeddable":true,"href":"https:\/\/verdadincomodadiario.ar\/index.php?rest_route=\/wp\/v2\/media\/8797"}],"wp:attachment":[{"href":"https:\/\/verdadincomodadiario.ar\/index.php?rest_route=%2Fwp%2Fv2%2Fmedia&parent=8796"}],"wp:term":[{"taxonomy":"category","embeddable":true,"href":"https:\/\/verdadincomodadiario.ar\/index.php?rest_route=%2Fwp%2Fv2%2Fcategories&post=8796"},{"taxonomy":"post_tag","embeddable":true,"href":"https:\/\/verdadincomodadiario.ar\/index.php?rest_route=%2Fwp%2Fv2%2Ftags&post=8796"}],"curies":[{"name":"wp","href":"https:\/\/api.w.org\/{rel}","templated":true}]}}