{"id":8794,"date":"2025-06-24T19:25:48","date_gmt":"2025-06-24T19:25:48","guid":{"rendered":"https:\/\/verdadincomodadiario.ar\/?p=8794"},"modified":"2025-06-24T19:25:48","modified_gmt":"2025-06-24T19:25:48","slug":"el-presidente-noboa-inicio-su-gira-en-china-con-una-reunion-clave","status":"publish","type":"post","link":"https:\/\/verdadincomodadiario.ar\/?p=8794","title":{"rendered":"El presidente Noboa inici\u00f3 su gira en China con una reuni\u00f3n clave"},"content":{"rendered":"<p><b>El presidente Daniel Noboa sostuvo un encuentro estrat\u00e9gico con el primer ministro de China, Li Qiang,<\/b> marcando as\u00ed el inicio de su gira por Asia. La reuni\u00f3n tuvo lugar en el Gran Palacio del Pueblo en Beijing, donde ambas delegaciones abordaron <b>temas clave para el desarrollo econ\u00f3mico de Ecuador<\/b>. Este primer contacto oficial representa un paso fundamental para <b>afianzar una agenda internacional activa<\/b> y orientada a resultados tangibles para el pa\u00eds.<\/p>\n<p><b>Noboa reiter\u00f3 que China es un socio comercial esencial para el pa\u00eds,<\/b> y enfatiz\u00f3 la necesidad de <b>fortalecer los v\u00ednculos bilaterales con base en el respeto mutuo y la cooperaci\u00f3n<\/b>. Adem\u00e1s, se\u00f1al\u00f3 que el intercambio econ\u00f3mico con China no solo debe enfocarse en productos tradicionales, sino que debe <b>abrir paso a la innovaci\u00f3n tecnol\u00f3gica, la educaci\u00f3n y el turismo<\/b>. El mandatario destac\u00f3 que su gobierno<a href=\"https:\/\/derechadiario.com.ar\/ecuador\/politica\/plataforma-temu-proyecto-inversiones-logisticas-ecuador\" title=\"La plataforma Temu proyect\u00f3 inversiones log\u00edsticas en Ecuador\"> <\/a><b><a href=\"https:\/\/derechadiario.com.ar\/ecuador\/politica\/plataforma-temu-proyecto-inversiones-logisticas-ecuador\" title=\"La plataforma Temu proyect\u00f3 inversiones log\u00edsticas en Ecuador\">promueve alianzas que generen inversi\u00f3n<\/a>, empleo y crecimiento<\/b> para los ecuatorianos.<\/p>\n<p><b>Entre los sectores priorizados por ambas partes estuvieron la infraestructura y la energ\u00eda,<\/b> donde la experiencia china resulta vital para avanzar en <b>obras estrat\u00e9gicas<\/b>. Tambi\u00e9n se discutieron oportunidades en el <b>sector digital, transporte ferroviario y energ\u00edas limpias<\/b>, \u00e1reas en las que Ecuador busca dar un salto cualitativo. Adem\u00e1s, se resalt\u00f3 la importancia de <b>diversificar las exportaciones ecuatorianas<\/b> hacia el mercado asi\u00e1tico, especialmente de productos no tradicionales.<\/p>\n<div class=\"inter_image image_horizontal\">\n<picture><source class=\"img-responsive\" type=\"image\/webp\" data-srcset=\"https:\/\/filesedc.com\/uploads\/image\/post\/2025\/06\/screenshot-2025-06-24-at-11-36-33-daniel-noboa-se-reunio-con-el-primer-ministro-chino-hablaron-sobre-comercio-e-inversiones---kch-fm_300_200.webp 300w, https:\/\/filesedc.com\/uploads\/image\/post\/2025\/06\/screenshot-2025-06-24-at-11-36-33-daniel-noboa-se-reunio-con-el-primer-ministro-chino-hablaron-sobre-comercio-e-inversiones---kch-fm_630_420.webp 630w, https:\/\/filesedc.com\/uploads\/image\/post\/2025\/06\/screenshot-2025-06-24-at-11-36-33-daniel-noboa-se-reunio-con-el-primer-ministro-chino-hablaron-sobre-comercio-e-inversiones---kch-fm_760_507.webp 760w, https:\/\/filesedc.com\/uploads\/image\/post\/2025\/06\/screenshot-2025-06-24-at-11-36-33-daniel-noboa-se-reunio-con-el-primer-ministro-chino-hablaron-sobre-comercio-e-inversiones---kch-fm_1200_800.webp 1200w, https:\/\/filesedc.com\/uploads\/image\/post\/2025\/06\/screenshot-2025-06-24-at-11-36-33-daniel-noboa-se-reunio-con-el-primer-ministro-chino-hablaron-sobre-comercio-e-inversiones---kch-fm_1600_1067.webp 1600w, \"><img decoding=\"async\" src=\"https:\/\/derechadiario.com.ar\/filesedc\/uploads\/image\/post\/2025\/06\/screenshot-2025-06-24-at-11-36-33-daniel-noboa-se-reunio-con-el-primer-ministro-chino-hablaron-sobre-comercio-e-inversiones---kch-fm_1200_800.webp\" class=\"img-responsive lazyload\" alt=\"Reuni\u00f3n diplom\u00e1tica entre delegaciones de Ecuador y China en una sala de conferencias con banderas de ambos pa\u00edses al fondo y una mesa larga decorada con flores.\" title=\"Reuni\u00f3n diplom\u00e1tica entre delegaciones de Ecuador y China en una sala de conferencias con banderas de ambos pa\u00edses al fondo y una mesa larga decorada con flores.\"><\/picture>\n<div>\n<span class=\"img_footer\">Daniel Noboa sostuvo un encuentro estrat\u00e9gico con el primer ministro de China, Li Qiang <\/span>| <span class=\"img_author\">La Derecha Diario<\/span>\n<\/div>\n<\/div>\n<p><b>La comitiva oficial incluy\u00f3 a ministros clave<\/b> como Gabriela Sommerfeld, Sariha Moya e In\u00e9s Manzano, quienes dialogaron con sus hom\u00f3logos sobre <b>cooperaci\u00f3n en pol\u00edtica exterior, finanzas y recursos naturales<\/b>. Participaron tambi\u00e9n el ministro de Telecomunicaciones y el titular de Obras P\u00fablicas, con el objetivo de <b>afinar acuerdos espec\u00edficos<\/b> y dar seguimiento inmediato a posibles convenios bilaterales. Cada intervenci\u00f3n apunt\u00f3 a <b><a href=\"https:\/\/derechadiario.com.ar\/ecuador\/politica\/escasez-platano-elevo-precios-y-preocupa-al-sector-exportador\" title=\"La escasez de pl\u00e1tano elev\u00f3 precios y preocupa al sector exportador\">generar resultados<\/a> concretos en beneficio del pa\u00eds<\/b>.<\/p>\n<p><b>La gira internacional de Daniel Noboa refleja una estrategia clara de apertura econ\u00f3mica e integraci\u00f3n global,<\/b> alineada con los intereses de <b>desarrollo sostenible<\/b> de Ecuador. Este enfoque proyecta una <b>visi\u00f3n pragm\u00e1tica y moderna de la diplomacia presidencial<\/b>. El fortalecimiento de la relaci\u00f3n con China promete <b>resultados tangibles para las pr\u00f3ximas etapas del gobierno<\/b>, consolidando la imagen del pa\u00eds como <b>un socio confiable en el escenario internacional<\/b>.<\/p>\n","protected":false},"excerpt":{"rendered":"<p>El presidente Daniel Noboa sostuvo un encuentro estrat\u00e9gico con el primer ministro de China, Li Qiang, marcando as\u00ed el inicio de su gira por Asia. La reuni\u00f3n tuvo lugar en el Gran Palacio del Pueblo en Beijing, donde ambas delegaciones abordaron temas clave para el desarrollo econ\u00f3mico de Ecuador. Este primer contacto oficial representa un [&hellip;]<\/p>\n","protected":false},"author":2,"featured_media":8795,"comment_status":"open","ping_status":"open","sticky":false,"template":"","format":"standard","meta":{"_et_pb_use_builder":"","_et_pb_old_content":"","_et_gb_content_width":"","footnotes":""},"categories":[84],"tags":[],"class_list":["post-8794","post","type-post","status-publish","format-standard","has-post-thumbnail","hentry","category-ultimomomento"],"_links":{"self":[{"href":"https:\/\/verdadincomodadiario.ar\/index.php?rest_route=\/wp\/v2\/posts\/8794","targetHints":{"allow":["GET"]}}],"collection":[{"href":"https:\/\/verdadincomodadiario.ar\/index.php?rest_route=\/wp\/v2\/posts"}],"about":[{"href":"https:\/\/verdadincomodadiario.ar\/index.php?rest_route=\/wp\/v2\/types\/post"}],"author":[{"embeddable":true,"href":"https:\/\/verdadincomodadiario.ar\/index.php?rest_route=\/wp\/v2\/users\/2"}],"replies":[{"embeddable":true,"href":"https:\/\/verdadincomodadiario.ar\/index.php?rest_route=%2Fwp%2Fv2%2Fcomments&post=8794"}],"version-history":[{"count":0,"href":"https:\/\/verdadincomodadiario.ar\/index.php?rest_route=\/wp\/v2\/posts\/8794\/revisions"}],"wp:featuredmedia":[{"embeddable":true,"href":"https:\/\/verdadincomodadiario.ar\/index.php?rest_route=\/wp\/v2\/media\/8795"}],"wp:attachment":[{"href":"https:\/\/verdadincomodadiario.ar\/index.php?rest_route=%2Fwp%2Fv2%2Fmedia&parent=8794"}],"wp:term":[{"taxonomy":"category","embeddable":true,"href":"https:\/\/verdadincomodadiario.ar\/index.php?rest_route=%2Fwp%2Fv2%2Fcategories&post=8794"},{"taxonomy":"post_tag","embeddable":true,"href":"https:\/\/verdadincomodadiario.ar\/index.php?rest_route=%2Fwp%2Fv2%2Ftags&post=8794"}],"curies":[{"name":"wp","href":"https:\/\/api.w.org\/{rel}","templated":true}]}}