{"id":8792,"date":"2025-06-24T19:25:49","date_gmt":"2025-06-24T19:25:49","guid":{"rendered":"https:\/\/verdadincomodadiario.ar\/?p=8792"},"modified":"2025-06-24T19:25:49","modified_gmt":"2025-06-24T19:25:49","slug":"los-contratos-de-alquiler-exigiran-deposito-bancario-de-ahora-en-mas","status":"publish","type":"post","link":"https:\/\/verdadincomodadiario.ar\/?p=8792","title":{"rendered":"Los contratos de alquiler exigir\u00e1n dep\u00f3sito bancario, de ahora en m\u00e1s"},"content":{"rendered":"<p>El proyecto de ley discutido en la C\u00e1mara de Diputados, que busca reformar el manejo de las fianzas de alquiler, ha desatado un intenso debate entre propietarios, inquilinos y expertos en derecho inmobiliario.<\/p>\n<p>La iniciativa propone que los arrendadores ya no puedan retener directamente la fianza ni depositarla en el Banco Agr\u00edcola, sino que deban hacerlo en una entidad bancaria local cercana al inmueble, adjuntando una copia del contrato de arrendamiento.<\/p>\n<p>El proyecto busca evitar abusos, como la retenci\u00f3n injustificada de fianzas por parte de los propietarios, un problema recurrente seg\u00fan denuncias de inquilinos.<\/p>\n<p>Al depositarse en bancos locales, se facilita la trazabilidad y devoluci\u00f3n autom\u00e1tica al finalizar el contrato, siguiendo modelos similares al r\u00e9gimen de Arag\u00f3n, donde el dep\u00f3sito es obligatorio y gratuito.<\/p>\n<p>La medida fomentar\u00eda la inclusi\u00f3n de bancos regionales, alej\u00e1ndose de entidades nacionales como el Banco Agr\u00edcola, lo que podr\u00eda dinamizar econom\u00edas locales.<\/p>\n<p>Propietarios argumentan que el tr\u00e1mite generar\u00e1 m\u00e1s papeleo y demoras, especialmente en zonas rurales con menor acceso bancario.<\/p>\n<p>La discusi\u00f3n sigue abierta, pero sin di\u00e1logo con sectores afectados, el riesgo es repetir errores de jurisdicciones agrarias, donde leyes bienintencionadas fracasaron por falta de pragmatismo.<\/p>\n","protected":false},"excerpt":{"rendered":"<p>El proyecto de ley discutido en la C\u00e1mara de Diputados, que busca reformar el manejo de las fianzas de alquiler, ha desatado un intenso debate entre propietarios, inquilinos y expertos en derecho inmobiliario. La iniciativa propone que los arrendadores ya no puedan retener directamente la fianza ni depositarla en el Banco Agr\u00edcola, sino que deban [&hellip;]<\/p>\n","protected":false},"author":2,"featured_media":8793,"comment_status":"open","ping_status":"open","sticky":false,"template":"","format":"standard","meta":{"_et_pb_use_builder":"","_et_pb_old_content":"","_et_gb_content_width":"","footnotes":""},"categories":[84],"tags":[],"class_list":["post-8792","post","type-post","status-publish","format-standard","has-post-thumbnail","hentry","category-ultimomomento"],"_links":{"self":[{"href":"https:\/\/verdadincomodadiario.ar\/index.php?rest_route=\/wp\/v2\/posts\/8792","targetHints":{"allow":["GET"]}}],"collection":[{"href":"https:\/\/verdadincomodadiario.ar\/index.php?rest_route=\/wp\/v2\/posts"}],"about":[{"href":"https:\/\/verdadincomodadiario.ar\/index.php?rest_route=\/wp\/v2\/types\/post"}],"author":[{"embeddable":true,"href":"https:\/\/verdadincomodadiario.ar\/index.php?rest_route=\/wp\/v2\/users\/2"}],"replies":[{"embeddable":true,"href":"https:\/\/verdadincomodadiario.ar\/index.php?rest_route=%2Fwp%2Fv2%2Fcomments&post=8792"}],"version-history":[{"count":0,"href":"https:\/\/verdadincomodadiario.ar\/index.php?rest_route=\/wp\/v2\/posts\/8792\/revisions"}],"wp:featuredmedia":[{"embeddable":true,"href":"https:\/\/verdadincomodadiario.ar\/index.php?rest_route=\/wp\/v2\/media\/8793"}],"wp:attachment":[{"href":"https:\/\/verdadincomodadiario.ar\/index.php?rest_route=%2Fwp%2Fv2%2Fmedia&parent=8792"}],"wp:term":[{"taxonomy":"category","embeddable":true,"href":"https:\/\/verdadincomodadiario.ar\/index.php?rest_route=%2Fwp%2Fv2%2Fcategories&post=8792"},{"taxonomy":"post_tag","embeddable":true,"href":"https:\/\/verdadincomodadiario.ar\/index.php?rest_route=%2Fwp%2Fv2%2Ftags&post=8792"}],"curies":[{"name":"wp","href":"https:\/\/api.w.org\/{rel}","templated":true}]}}