{"id":8790,"date":"2025-06-24T19:25:50","date_gmt":"2025-06-24T19:25:50","guid":{"rendered":"https:\/\/verdadincomodadiario.ar\/?p=8790"},"modified":"2025-06-24T19:25:50","modified_gmt":"2025-06-24T19:25:50","slug":"lula-critica-indiferencia-internacional-hacia-haiti-en-cumbre-con-lideres-caribenos","status":"publish","type":"post","link":"https:\/\/verdadincomodadiario.ar\/?p=8790","title":{"rendered":"Lula critica indiferencia internacional hacia Hait\u00ed en cumbre con l\u00edderes caribe\u00f1os"},"content":{"rendered":"<p>\u00a0El presidente brasile\u00f1o, L<strong>uiz In\u00e1cio Lula da Silva<\/strong>, arremeti\u00f3 contra la &#8220;indiferencia&#8221; de la comunidad internacional hacia Hait\u00ed durante la <strong>Cumbre Brasil-Caribe<\/strong> celebrada esta semana en Brasilia.<\/p>\n<p>Con frases contundentes como\u00a0&#8220;<strong>Hait\u00ed no puede ser eternamente castigado por ser la primera naci\u00f3n independiente de Am\u00e9rica<\/strong>&#8220;, el mandatario izquierdista busc\u00f3 posicionarse como vocero de los olvidados.<\/p>\n<p>Sin embargo, tras el discurso, persisten dudas sobre la eficacia de las medidas anunciadas y el rol real de Brasil en un conflicto que requiere m\u00e1s que solidaridad ret\u00f3rica.<\/p>\n<div class=\"inter_image image_horizontal\">\n<picture><source class=\"img-responsive\" type=\"image\/webp\" data-srcset=\"https:\/\/filesedc.com\/uploads\/image\/post\/2025\/06\/66019d3cdd61f_300_200.webp 300w, https:\/\/filesedc.com\/uploads\/image\/post\/2025\/06\/66019d3cdd61f_630_420.webp 630w, https:\/\/filesedc.com\/uploads\/image\/post\/2025\/06\/66019d3cdd61f_760_507.webp 760w, https:\/\/filesedc.com\/uploads\/image\/post\/2025\/06\/66019d3cdd61f_1200_800.webp 1200w, https:\/\/filesedc.com\/uploads\/image\/post\/2025\/06\/66019d3cdd61f_1600_1067.webp 1600w, \"><img decoding=\"async\" src=\"https:\/\/derechadiario.com.ar\/filesedc\/uploads\/image\/post\/2025\/06\/66019d3cdd61f_1200_800.webp\" class=\"img-responsive lazyload\" alt=\"Varias personas se re\u00fanen en un espacio cerrado mientras reparten comida y botellas de agua\" title=\"Varias personas se re\u00fanen en un espacio cerrado mientras reparten comida y botellas de agua\"><\/picture>\n<div>\n<span class=\"img_footer\">Imagenes de la crisis alimenmtaroa en Hait\u00ed <\/span>| <span class=\"img_author\">La Derecha Diario<\/span>\n<\/div>\n<\/div>\n<p>Hait\u00ed, sumido en una\u00a0crisis humanitaria, pol\u00edtica y de seguridad\u00a0sin precedentes, enfrenta, colapso institucional,\u00a0Bandas armadas controlan el 80% de Puerto Pr\u00edncipe, desplazando a 1.1 millones de personas.<\/p>\n<p>Hambre extrema: El <strong>50% de sus 11 millones de habitantes<\/strong> padece inseguridad alimentaria y\u00a0 vac\u00edo de liderazgo: El Consejo de Transici\u00f3n (CPT), reconocido por la ONU, carece de autoridad real.<\/p>\n<p>Lula critic\u00f3 que la comunidad internacional solo act\u00fae en &#8220;teatros de conflicto tradicionales&#8221; (como Ucrania o Gaza), ignorando a Hait\u00ed por su pobreza.<\/p>\n<p>Pero su reclamo choca con la\u00a0ausencia de un plan robusto: la \u00fanica acci\u00f3n concreta de la cumbre fue una donaci\u00f3n de\u00a0290 millones de d\u00f3lares\u00a0del BID para alimentaci\u00f3n escolar y hospitales, sin claridad sobre su ejecuci\u00f3n en un pa\u00eds sin instituciones funcionales.<\/p>\n","protected":false},"excerpt":{"rendered":"<p>\u00a0El presidente brasile\u00f1o, Luiz In\u00e1cio Lula da Silva, arremeti\u00f3 contra la &#8220;indiferencia&#8221; de la comunidad internacional hacia Hait\u00ed durante la Cumbre Brasil-Caribe celebrada esta semana en Brasilia. Con frases contundentes como\u00a0&#8220;Hait\u00ed no puede ser eternamente castigado por ser la primera naci\u00f3n independiente de Am\u00e9rica&#8220;, el mandatario izquierdista busc\u00f3 posicionarse como vocero de los olvidados. Sin [&hellip;]<\/p>\n","protected":false},"author":2,"featured_media":8791,"comment_status":"open","ping_status":"open","sticky":false,"template":"","format":"standard","meta":{"_et_pb_use_builder":"","_et_pb_old_content":"","_et_gb_content_width":"","footnotes":""},"categories":[84],"tags":[],"class_list":["post-8790","post","type-post","status-publish","format-standard","has-post-thumbnail","hentry","category-ultimomomento"],"_links":{"self":[{"href":"https:\/\/verdadincomodadiario.ar\/index.php?rest_route=\/wp\/v2\/posts\/8790","targetHints":{"allow":["GET"]}}],"collection":[{"href":"https:\/\/verdadincomodadiario.ar\/index.php?rest_route=\/wp\/v2\/posts"}],"about":[{"href":"https:\/\/verdadincomodadiario.ar\/index.php?rest_route=\/wp\/v2\/types\/post"}],"author":[{"embeddable":true,"href":"https:\/\/verdadincomodadiario.ar\/index.php?rest_route=\/wp\/v2\/users\/2"}],"replies":[{"embeddable":true,"href":"https:\/\/verdadincomodadiario.ar\/index.php?rest_route=%2Fwp%2Fv2%2Fcomments&post=8790"}],"version-history":[{"count":0,"href":"https:\/\/verdadincomodadiario.ar\/index.php?rest_route=\/wp\/v2\/posts\/8790\/revisions"}],"wp:featuredmedia":[{"embeddable":true,"href":"https:\/\/verdadincomodadiario.ar\/index.php?rest_route=\/wp\/v2\/media\/8791"}],"wp:attachment":[{"href":"https:\/\/verdadincomodadiario.ar\/index.php?rest_route=%2Fwp%2Fv2%2Fmedia&parent=8790"}],"wp:term":[{"taxonomy":"category","embeddable":true,"href":"https:\/\/verdadincomodadiario.ar\/index.php?rest_route=%2Fwp%2Fv2%2Fcategories&post=8790"},{"taxonomy":"post_tag","embeddable":true,"href":"https:\/\/verdadincomodadiario.ar\/index.php?rest_route=%2Fwp%2Fv2%2Ftags&post=8790"}],"curies":[{"name":"wp","href":"https:\/\/api.w.org\/{rel}","templated":true}]}}