{"id":8776,"date":"2025-06-24T19:25:12","date_gmt":"2025-06-24T19:25:12","guid":{"rendered":"https:\/\/verdadincomodadiario.ar\/?p=8776"},"modified":"2025-06-24T19:25:12","modified_gmt":"2025-06-24T19:25:12","slug":"la-corte-de-eeuu-fallo-a-favor-de-que-trump-reanude-las-deportaciones-de-ilegales","status":"publish","type":"post","link":"https:\/\/verdadincomodadiario.ar\/?p=8776","title":{"rendered":"La Corte de EEUU fall\u00f3 a favor de que Trump reanude las deportaciones de ilegales"},"content":{"rendered":"<p>La Corte Suprema de Estados Unidos dio luz verde a la administraci\u00f3n del presidente\u00a0<a href=\"https:\/\/derechadiario.com.ar\/internacionales\/trump-hablo-cambio-regimen-tras-los-ataques-instalaciones-nucleares-iran\" target=\"_blank\" title=\"Trump habl\u00f3 de un cambio de r\u00e9gimen tras los ataques a instalaciones nucleares de Ir\u00e1n\"><strong>Donald Trump<\/strong><\/a> para reactivar las <strong>deportaciones<\/strong> de <strong>inmigrantes ilegales<\/strong> a pa\u00edses distintos de sus lugares de origen.<\/p>\n<p>Con una votaci\u00f3n de <strong>6 a 3<\/strong>, el m\u00e1ximo tribunal anul\u00f3 una decisi\u00f3n previa de una corte inferior. Los tres jueces de izquierda votaron en contra del fallo.<\/p>\n<p>El caso involucra a ocho inmigrantes ilegales provenientes de Myanmar, Sud\u00e1n del Sur, Cuba, M\u00e9xico, Laos y Vietnam, quienes fueron deportados en mayo a bordo de un avi\u00f3n con destino a Sud\u00e1n del Sur. Desde la <a href=\"https:\/\/derechadiario.com.ar\/internacionales\/donald-trump-dio-discurso-tras-los-ataques-las-instalaciones-nucleares-iran\" target=\"_blank\" title=\"Donald Trump dio un discurso tras los ataques a las instalaciones nucleares de Ir\u00e1n\">administraci\u00f3n Trump<\/a> los describieron como &#8220;<strong>lo peor de lo peor<\/strong>&#8220;.\u00a0<\/p>\n<div class=\"inter_image image_horizontal\">\n<picture><source class=\"img-responsive\" type=\"image\/webp\" data-srcset=\"https:\/\/filesedc.com\/uploads\/image\/post\/aa1zzj9z_300_200.webp 300w, https:\/\/filesedc.com\/uploads\/image\/post\/aa1zzj9z_630_420.webp 630w, https:\/\/filesedc.com\/uploads\/image\/post\/aa1zzj9z_760_507.webp 760w, https:\/\/filesedc.com\/uploads\/image\/post\/aa1zzj9z_1200_800.webp 1200w, https:\/\/filesedc.com\/uploads\/image\/post\/aa1zzj9z_1600_1067.webp 1600w, \"><img decoding=\"async\" src=\"https:\/\/derechadiario.com.ar\/filesedc\/uploads\/image\/post\/aa1zzj9z_1200_800.webp\" class=\"img-responsive lazyload\" alt=\"Donald Trump\" title=\"Donald Trump\"><\/picture>\n<div>\n<span class=\"img_footer\">Donald Trump, presidente de Estados Unidos. <\/span>| <span class=\"img_author\">La Derecha Diario<\/span>\n<\/div>\n<\/div>\n<p>El Departamento de Seguridad Nacional celebr\u00f3 el fallo de la Corte Suprema como \u201c<strong>una victoria para la seguridad del pueblo estadounidense<\/strong>\u201d. \u201c<strong>Que despeguen los aviones de deportaci\u00f3n<\/strong>\u201d, expres\u00f3 la vocera de la agencia, <strong>Tricia McLaughlin<\/strong>.<\/p>\n<aside class=\"are-you-interested-container-photo\"><\/aside>\n<p>Desde la administraci\u00f3n Trump aseguraron que los ocho inmigrantes ilegales involucrados en el caso hab\u00edan cometido \u201c<strong>delitos atroces<\/strong>\u201d en territorio estadounidense, entre ellos <strong>homicidio<\/strong>, <strong>incendio intencional<\/strong> y <strong>robo agravado<\/strong>.<\/p>\n<p>El presidente Trump llev\u00f3 el caso ante el m\u00e1ximo tribunal luego de que una corte de apelaciones en Boston se negara el mes pasado a revocar la orden del tribunal de primera instancia.<\/p>\n<p>La intervenci\u00f3n inicial del juez federal <strong>Brian Murphy<\/strong>, designado por el expresidente dem\u00f3crata\u00a0<strong>Joe Biden<\/strong>, hab\u00eda obligado al gobierno a retener temporalmente a los ilegales en Yibuti, un pa\u00eds del Cuerno de \u00c1frica donde Estados Unidos mantiene una base militar.<\/p>\n<aside class=\"whatsappChannelText\"><a href=\"https:\/\/whatsapp.com\/channel\/0029VagEjILGE56eKjedWF2U\" rel=\"nofollow\" title=\"WhatsApp Link\"><img alt=\"Logo de WhatsApp\" class=\"lazyload\" data-src=\"https:\/\/derechadiario.com.ar\/filesedc\/uploads\/other\/whatsapp_icon_mid_article.png\" width=\"32\" height=\"32\"><\/a> <a href=\"https:\/\/whatsapp.com\/channel\/0029VagEjILGE56eKjedWF2U\" rel=\"nofollow\" title=\"WhatsApp Link\"><strong>NO SE PIERDAN NINGUNA NOTICIA<\/strong>: Click aqu\u00ed para sumarte <strong>GRATIS<\/strong> al canal de noticias de <strong>La Derecha Diario en WhatsApp.<\/strong><\/a><\/aside>\n<p>Durante la audiencia ante la Corte, el procurador general <strong>John Sauer<\/strong> explic\u00f3 que los agentes de inmigraci\u00f3n se vieron obligados a <strong>improvisar un centro de detenci\u00f3n para individuos peligrosos<\/strong>, utilizando una <strong>sala de conferencias como espacio provisional<\/strong>.<\/p>\n<figure><img decoding=\"async\" src=\"https:\/\/derechadiario.com.ar\/filesedc\/uploads\/image\/post\/2025\/06\/250528-us-deportations-2-rs-7348b9_1200_800.webp\" class=\"img-responsive lazyload\" alt=\"Un grupo de personas esposadas camina en fila hacia la rampa de un avi\u00f3n militar escoltados por personal uniformado en una pista de aeropuerto.\" title=\"Un grupo de personas esposadas camina en fila hacia la rampa de un avi\u00f3n militar escoltados por personal uniformado en una pista de aeropuerto.\"><\/figure>\n<p>Sauer tambi\u00e9n argument\u00f3 que, en muchos casos, no es posible repatriar a inmigrantes con historial criminal a sus pa\u00edses de origen, ya que estos <strong>se niegan a recibirlos<\/strong>. Seg\u00fan \u00e9l, eso permite que estos individuos permanezcan en EEUU, donde <strong>representan un peligro para ciudadanos respetuosos de la ley<\/strong>.<\/p>\n<p>La decisi\u00f3n de este lunes representa un nuevo triunfo para el presidente republicano en su intento de reactivar las deportaciones masivas.<\/p>\n<p>El mes pasado, la Corte tambi\u00e9n autoriz\u00f3 a Trump a eliminar el Estatus de Protecci\u00f3n Temporal (TPS) para los venezolanos, medida que afecta a aproximadamente 350.000 inmigrantes ilegales.<\/p>\n<p>Asimismo, en otro fallo emitido en mayo, el tribunal permiti\u00f3 al mandatario suspender temporalmente un programa humanitario que ofrec\u00eda residencia\u00a0a cerca de 500.000 inmigrantes ilegales provenientes de Cuba, Hait\u00ed, Nicaragua y Venezuela.<\/p>\n","protected":false},"excerpt":{"rendered":"<p>La Corte Suprema de Estados Unidos dio luz verde a la administraci\u00f3n del presidente\u00a0Donald Trump para reactivar las deportaciones de inmigrantes ilegales a pa\u00edses distintos de sus lugares de origen. Con una votaci\u00f3n de 6 a 3, el m\u00e1ximo tribunal anul\u00f3 una decisi\u00f3n previa de una corte inferior. Los tres jueces de izquierda votaron en [&hellip;]<\/p>\n","protected":false},"author":2,"featured_media":8777,"comment_status":"open","ping_status":"open","sticky":false,"template":"","format":"standard","meta":{"_et_pb_use_builder":"","_et_pb_old_content":"","_et_gb_content_width":"","footnotes":""},"categories":[187,79,65],"tags":[],"class_list":["post-8776","post","type-post","status-publish","format-standard","has-post-thumbnail","hentry","category-corte","category-internacionales","category-trump"],"_links":{"self":[{"href":"https:\/\/verdadincomodadiario.ar\/index.php?rest_route=\/wp\/v2\/posts\/8776","targetHints":{"allow":["GET"]}}],"collection":[{"href":"https:\/\/verdadincomodadiario.ar\/index.php?rest_route=\/wp\/v2\/posts"}],"about":[{"href":"https:\/\/verdadincomodadiario.ar\/index.php?rest_route=\/wp\/v2\/types\/post"}],"author":[{"embeddable":true,"href":"https:\/\/verdadincomodadiario.ar\/index.php?rest_route=\/wp\/v2\/users\/2"}],"replies":[{"embeddable":true,"href":"https:\/\/verdadincomodadiario.ar\/index.php?rest_route=%2Fwp%2Fv2%2Fcomments&post=8776"}],"version-history":[{"count":0,"href":"https:\/\/verdadincomodadiario.ar\/index.php?rest_route=\/wp\/v2\/posts\/8776\/revisions"}],"wp:featuredmedia":[{"embeddable":true,"href":"https:\/\/verdadincomodadiario.ar\/index.php?rest_route=\/wp\/v2\/media\/8777"}],"wp:attachment":[{"href":"https:\/\/verdadincomodadiario.ar\/index.php?rest_route=%2Fwp%2Fv2%2Fmedia&parent=8776"}],"wp:term":[{"taxonomy":"category","embeddable":true,"href":"https:\/\/verdadincomodadiario.ar\/index.php?rest_route=%2Fwp%2Fv2%2Fcategories&post=8776"},{"taxonomy":"post_tag","embeddable":true,"href":"https:\/\/verdadincomodadiario.ar\/index.php?rest_route=%2Fwp%2Fv2%2Ftags&post=8776"}],"curies":[{"name":"wp","href":"https:\/\/api.w.org\/{rel}","templated":true}]}}