{"id":8772,"date":"2025-06-24T17:36:32","date_gmt":"2025-06-24T17:36:32","guid":{"rendered":"https:\/\/verdadincomodadiario.ar\/?p=8772"},"modified":"2025-06-24T17:36:32","modified_gmt":"2025-06-24T17:36:32","slug":"cordoba-condenado-a-seis-anos-de-carcel-por-extorsionar-digitalmente-a-sus-exparejas","status":"publish","type":"post","link":"https:\/\/verdadincomodadiario.ar\/?p=8772","title":{"rendered":"C\u00f3rdoba: condenado a seis a\u00f1os de c\u00e1rcel por extorsionar digitalmente a sus exparejas"},"content":{"rendered":"<p>Durante m\u00e1s de un a\u00f1o, <strong>Paulo Alejandro Arrieta cometi\u00f3 una serie de delitos graves contra dos de sus exparejas<\/strong> en <a href=\"https:\/\/derechadiario.com.ar\/politica\/libertad-avanza-se-afirma-cordoba-y-ya-no-necesita-sellos-prestados\" title=\"La Libertad Avanza se afirma en C\u00f3rdoba y ya no necesita sellos prestados\">C\u00f3rdoba<\/a>. El hombre utiliz\u00f3 la intimidaci\u00f3n, el acoso y la violencia psicol\u00f3gica como parte de su conducta sostenida. Tambi\u00e9n se vali\u00f3 de medios digitales para <strong>controlar y extorsionar a sus v\u00edctimas.<\/strong><\/p>\n<p>El caso fue juzgado por la C\u00e1mara Tercera del Crimen, que resolvi\u00f3 <strong>condenarlo a seis a\u00f1os y siete meses de prisi\u00f3n<\/strong>. La decisi\u00f3n se dio tras un juicio abreviado, donde Arrieta confes\u00f3 haber cometido diez delitos entre 2022 y 2023. Entre ellos, hubo amenazas, coacci\u00f3n, encierros forzados, violencia f\u00edsica y acciones digitales.<\/p>\n<p>Seg\u00fan la investigaci\u00f3n, Arrieta us\u00f3 <a href=\"https:\/\/derechadiario.com.ar\/politica\/derecha-diario-medio-mas-difundido-redes-sociales-toda-argentina\" title=\"La Derecha Diario es el medio m\u00e1s difundido en redes sociales de toda Argentina\">redes sociales<\/a>, tel\u00e9fonos y archivos \u00edntimos como mecanismos para hostigar y dominar a las v\u00edctimas. <strong>A una de ellas le exigi\u00f3 dinero bajo amenaza de difundir su diagn\u00f3stico de VIH<\/strong>. <strong>Tambi\u00e9n la oblig\u00f3 a consumir drogas como condici\u00f3n para seguir en pareja.<\/strong><\/p>\n<div class=\"inter_image image_horizontal\">\n<picture><source class=\"img-responsive\" type=\"image\/webp\" data-srcset=\"https:\/\/filesedc.com\/uploads\/image\/post\/2025\/06\/captura-de-pantalla-2025-06-24-125510_300_200.webp 300w, https:\/\/filesedc.com\/uploads\/image\/post\/2025\/06\/captura-de-pantalla-2025-06-24-125510_630_420.webp 630w, https:\/\/filesedc.com\/uploads\/image\/post\/2025\/06\/captura-de-pantalla-2025-06-24-125510_760_507.webp 760w, https:\/\/filesedc.com\/uploads\/image\/post\/2025\/06\/captura-de-pantalla-2025-06-24-125510_1200_800.webp 1200w, https:\/\/filesedc.com\/uploads\/image\/post\/2025\/06\/captura-de-pantalla-2025-06-24-125510_1600_1067.webp 1600w, \"><img decoding=\"async\" src=\"https:\/\/derechadiario.com.ar\/filesedc\/uploads\/image\/post\/2025\/06\/captura-de-pantalla-2025-06-24-125510_1200_800.webp\" class=\"img-responsive lazyload\" alt=\"Mujer sentada con expresi\u00f3n de angustia mirando su tel\u00e9fono m\u00f3vil y sujet\u00e1ndose la cabeza con una mano\" title=\"Mujer sentada con expresi\u00f3n de angustia mirando su tel\u00e9fono m\u00f3vil y sujet\u00e1ndose la cabeza con una mano\"><\/picture>\n<div>\n<span class=\"img_footer\"> A una de ellas le exigi\u00f3 dinero bajo amenaza de difundir su diagn\u00f3stico de VIH <\/span>| <span class=\"img_author\">La Derecha Diario<\/span>\n<\/div>\n<\/div>\n<h2>Us\u00f3 redes, archivos y amenazas como herramientas de control<\/h2>\n<p>Adem\u00e1s de invadir la privacidad de una expareja al acceder sin permiso a su celular, tambi\u00e9n <strong>us\u00f3 esos datos como material extorsivo.<\/strong>\u00a0 <strong>A la otra v\u00edctima la controlaba constantemente<\/strong> a trav\u00e9s de redes sociales y ocult\u00f3 medicamentos que necesitaba. La violencia se expres\u00f3 tanto de forma directa como mediante medios digitales.<\/p>\n<aside class=\"are-you-interested-container-photo\"><\/aside>\n<p>La jueza Mar\u00eda de los \u00c1ngeles Palacio de Arato resalt\u00f3 el peso de la <strong>violencia digital en el desarrollo de los hechos.<\/strong> En su sentencia destac\u00f3 que el da\u00f1o causado a las v\u00edctimas trascendi\u00f3 lo f\u00edsico. Enfatiz\u00f3 el impacto psicol\u00f3gico y el deterioro en su libertad y autonom\u00eda.<\/p>\n<aside class=\"whatsappChannelText\"><a href=\"https:\/\/whatsapp.com\/channel\/0029VagEjILGE56eKjedWF2U\" rel=\"nofollow\" title=\"WhatsApp Link\"><img alt=\"Logo de WhatsApp\" class=\"lazyload\" data-src=\"https:\/\/derechadiario.com.ar\/filesedc\/uploads\/other\/whatsapp_icon_mid_article.png\" width=\"32\" height=\"32\"><\/a> <a href=\"https:\/\/whatsapp.com\/channel\/0029VagEjILGE56eKjedWF2U\" rel=\"nofollow\" title=\"WhatsApp Link\"><strong>NO SE PIERDAN NINGUNA NOTICIA<\/strong>: Click aqu\u00ed para sumarte <strong>GRATIS<\/strong> al canal de noticias de <strong>La Derecha Diario en WhatsApp.<\/strong><\/a><\/aside>\n<p>La magistrada se\u00f1al\u00f3 que <strong>este tipo de violencia genera efectos duraderos sobre la salud emocional<\/strong>. Afirm\u00f3 que tambi\u00e9n influye sobre la productividad, la integraci\u00f3n social y el bienestar general. A su vez, advirti\u00f3 que puede aislar a las v\u00edctimas tanto en el entorno digital como en el real.<\/p>\n<figure><img decoding=\"async\" src=\"https:\/\/derechadiario.com.ar\/filesedc\/uploads\/image\/post\/2025\/06\/captura-de-pantalla-2025-06-24-125821_1200_800.webp\" class=\"img-responsive lazyload\" alt=\"Mujer sentada en una oficina junto a un escritorio con computadora, teclado, documentos y tel\u00e9fono\" title=\"Mujer sentada en una oficina junto a un escritorio con computadora, teclado, documentos y tel\u00e9fono\"><\/figure>\n<h2>Un fallo que contempla la violencia ejercida<\/h2>\n<p><strong>Los hechos juzgados dan cuenta de un patr\u00f3n de manipulaci\u00f3n y control reiterado a lo largo del tiempo.<\/strong> Las pruebas aportadas por las v\u00edctimas fueron claves para confirmar cada uno de los episodios. El acusado acept\u00f3 su responsabilidad en todos los hechos que se le imputaron.<\/p>\n<p><strong>Arrieta qued\u00f3 detenido y deber\u00e1 cumplir la condena en un establecimiento penitenciario<\/strong>. La sentencia contempla tanto el da\u00f1o ejercido de forma presencial como el causado mediante dispositivos electr\u00f3nicos. El fallo fue considerado relevante dentro de los casos recientes de violencia digital en <a href=\"https:\/\/derechadiario.com.ar\/economia\/cordoba-epicentro-del-apoyo-milei-mediterranea-celebro-sus-48-anos\" title=\"C\u00f3rdoba, epicentro del apoyo a Milei: la Mediterr\u00e1nea celebr\u00f3 sus 48 a\u00f1os\">la provincia<\/a>.<\/p>\n","protected":false},"excerpt":{"rendered":"<p>Durante m\u00e1s de un a\u00f1o, Paulo Alejandro Arrieta cometi\u00f3 una serie de delitos graves contra dos de sus exparejas en C\u00f3rdoba. El hombre utiliz\u00f3 la intimidaci\u00f3n, el acoso y la violencia psicol\u00f3gica como parte de su conducta sostenida. Tambi\u00e9n se vali\u00f3 de medios digitales para controlar y extorsionar a sus v\u00edctimas. El caso fue juzgado [&hellip;]<\/p>\n","protected":false},"author":2,"featured_media":8773,"comment_status":"open","ping_status":"open","sticky":false,"template":"","format":"standard","meta":{"_et_pb_use_builder":"","_et_pb_old_content":"","_et_gb_content_width":"","footnotes":""},"categories":[84],"tags":[],"class_list":["post-8772","post","type-post","status-publish","format-standard","has-post-thumbnail","hentry","category-ultimomomento"],"_links":{"self":[{"href":"https:\/\/verdadincomodadiario.ar\/index.php?rest_route=\/wp\/v2\/posts\/8772","targetHints":{"allow":["GET"]}}],"collection":[{"href":"https:\/\/verdadincomodadiario.ar\/index.php?rest_route=\/wp\/v2\/posts"}],"about":[{"href":"https:\/\/verdadincomodadiario.ar\/index.php?rest_route=\/wp\/v2\/types\/post"}],"author":[{"embeddable":true,"href":"https:\/\/verdadincomodadiario.ar\/index.php?rest_route=\/wp\/v2\/users\/2"}],"replies":[{"embeddable":true,"href":"https:\/\/verdadincomodadiario.ar\/index.php?rest_route=%2Fwp%2Fv2%2Fcomments&post=8772"}],"version-history":[{"count":0,"href":"https:\/\/verdadincomodadiario.ar\/index.php?rest_route=\/wp\/v2\/posts\/8772\/revisions"}],"wp:featuredmedia":[{"embeddable":true,"href":"https:\/\/verdadincomodadiario.ar\/index.php?rest_route=\/wp\/v2\/media\/8773"}],"wp:attachment":[{"href":"https:\/\/verdadincomodadiario.ar\/index.php?rest_route=%2Fwp%2Fv2%2Fmedia&parent=8772"}],"wp:term":[{"taxonomy":"category","embeddable":true,"href":"https:\/\/verdadincomodadiario.ar\/index.php?rest_route=%2Fwp%2Fv2%2Fcategories&post=8772"},{"taxonomy":"post_tag","embeddable":true,"href":"https:\/\/verdadincomodadiario.ar\/index.php?rest_route=%2Fwp%2Fv2%2Ftags&post=8772"}],"curies":[{"name":"wp","href":"https:\/\/api.w.org\/{rel}","templated":true}]}}