{"id":8702,"date":"2025-06-24T01:36:23","date_gmt":"2025-06-24T01:36:23","guid":{"rendered":"https:\/\/verdadincomodadiario.ar\/?p=8702"},"modified":"2025-06-24T01:36:23","modified_gmt":"2025-06-24T01:36:23","slug":"oscar-andrade-a-un-paso-de-fiscalia-por-mega-estafa-en-el-sunca","status":"publish","type":"post","link":"https:\/\/verdadincomodadiario.ar\/?p=8702","title":{"rendered":"\u00d3scar Andrade a un paso de fiscal\u00eda por mega estafa en el Sunca"},"content":{"rendered":"<p>Oscar Andrade est\u00e1 <strong>implicado<\/strong> en la mega estafa del Sunca, sindicato de la construcci\u00f3n dirigido desde siempre por el Partido Comunista (<strong>PCU<\/strong>).\u00a0<\/p>\n<p>El senador del Frente Amplio y ex dirigente principal del Sunca much\u00edsimos a\u00f1os, ha sido mencionado en relaci\u00f3n con una investigaci\u00f3n por <strong>desv\u00edo<\/strong> de fondos del Fondo Social de Vivienda de Obreros de la Construcci\u00f3n (FOSVOC).<\/p>\n<p>Se trata de <strong>1.200.000<\/strong>\u00a0<strong>d\u00f3lares<\/strong> que fueron saqueados de fondo por sindicalistas del Partido Comunista.<\/p>\n<p>La cifra no es una especulaci\u00f3n, fue confirmada en rueda de prensa por el <strong>fiscal<\/strong> del caso Gilberto Rodr\u00edguez.<\/p>\n<p>Por ahora el legislador del PCU lista 1001 no est\u00e1 formalmente <strong>imputado<\/strong>. Pero el fiscal Rodr\u00edguez adelant\u00f3 que es casi seguro que lo citar\u00e1 a prestar <strong>declaraci\u00f3n<\/strong> a la fiscal\u00eda.<\/p>\n<div class=\"inter_image image_horizontal\">\n<picture><source class=\"img-responsive\" type=\"image\/webp\" data-srcset=\"https:\/\/filesedc.com\/uploads\/image\/post\/2025\/06\/sunca_300_200.webp 300w, https:\/\/filesedc.com\/uploads\/image\/post\/2025\/06\/sunca_630_420.webp 630w, https:\/\/filesedc.com\/uploads\/image\/post\/2025\/06\/sunca_760_507.webp 760w, https:\/\/filesedc.com\/uploads\/image\/post\/2025\/06\/sunca_1200_800.webp 1200w, https:\/\/filesedc.com\/uploads\/image\/post\/2025\/06\/sunca_1600_1067.webp 1600w, \"><img decoding=\"async\" src=\"https:\/\/derechadiario.com.ar\/filesedc\/uploads\/image\/post\/2025\/06\/sunca_1200_800.webp\" class=\"img-responsive lazyload\" alt=\"Bandera roja del sindicato SUNCA de Uruguay con un logo amarillo de un pu\u00f1o sosteniendo una herramienta y letras amarillas, en una calle con un autob\u00fas y personas al fondo\" title=\"Bandera roja del sindicato SUNCA de Uruguay con un logo amarillo de un pu\u00f1o sosteniendo una herramienta y letras amarillas, en una calle con un autob\u00fas y personas al fondo\"><\/picture>\n<div>\n<span class=\"img_footer\">Bandera del Sunca  <\/span>| <span class=\"img_author\">La Derecha Diario<\/span>\n<\/div>\n<\/div>\n<h2>\u00bfQui\u00e9n implic\u00f3 a Andrade?<\/h2>\n<p>Quienes nombraron en la fiscal\u00eda al al actual senador <strong>frenteamplista<\/strong> fueron sus propios compa\u00f1eros del PCU.<\/p>\n<p>Los tres ex sindicalistas Santiago Bernaola, Bruno Bertolio y V\u00edctor Rivero, condenados penalmente en junio por <strong>delitos<\/strong> como <strong>apropiaci\u00f3n<\/strong>\u00a0<strong>indebida<\/strong>, <strong>estafa<\/strong> y <strong>asociaci\u00f3n<\/strong>\u00a0<strong>para<\/strong>\u00a0<strong>delinquir<\/strong>, se\u00f1alaron en sus declaraciones ante la Fiscal\u00eda que Andrade y el diputado Daniel <strong>Diverio<\/strong> tuvieron pleno conocimiento de las maniobras fraudulentas que involucraron m\u00e1s de 1.200.000 millones de d\u00f3lares.<\/p>\n<p>Es decir que quienes lo est\u00e1n acusando son sus propios <strong>compa\u00f1eros<\/strong> del Partido y del sindicato que lo conocen desde hace much\u00edsimos a\u00f1os.<\/p>\n<p>El fiscal Rodr\u00edguez eval\u00faa citar a Andrade y <strong>Diverio<\/strong> para declaraciones administrativas, pero aclar\u00f3 que, solamente por ahora, no est\u00e1n imputados ni investigados formalmente en esta etapa.<\/p>\n<p>Diverio actualmente es diputado por PCU y tambi\u00e9n fue <strong>bur\u00f3crata<\/strong>\u00a0<strong>sindical<\/strong> del Sunca durante largos a\u00f1os.\u00a0<\/p>\n<h2>Contrataci\u00f3n del abogado Gonzalo Fern\u00e1ndez<\/h2>\n<p>Tambi\u00e9n trascendi\u00f3 que tanto Andrade como Diverio ser\u00e1n patrocinados por el letrado Gonzalo Fern\u00e1ndez, quien fuera mano derecha de Tabar\u00e9 <strong>V\u00e1zquez<\/strong>, integrante del Partido Socialista y es uno de los abogados que cobra los honorarios m\u00e1s caros de Uruguay.<\/p>\n<figure><img decoding=\"async\" src=\"https:\/\/derechadiario.com.ar\/filesedc\/uploads\/image\/post\/2025\/06\/0001246731webp_1200_800.webp\" class=\"img-responsive lazyload\" alt=\"Hombre de mediana edad con gafas y traje beige mirando hacia un lado\" title=\"Hombre de mediana edad con gafas y traje beige mirando hacia un lado\"><\/figure>\n<p>El fiscal Rodr\u00edguez fue durante varios a\u00f1os ayudante de Gonzalo Fern\u00e1ndez en la c\u00e1tedra de Derecho Penal de la Facultad de Derecho de la Universidad de la Rep\u00fablica.\u00a0<\/p>\n<p>Al menos en el \u00e1mbito universitario Rodr\u00edguez fue <strong>subordinado<\/strong> de Gonzalo Fern\u00e1ndez.<\/p>\n<h2>Andrade, evasor de contribuci\u00f3n inmobiliaria<\/h2>\n<p>Como ya se\u00f1al\u00f3 La Derecha Diario, el actual senador del Frente Amplio <strong>evadi\u00f3<\/strong> pagar la contribuci\u00f3n inmobiliaria a la intendencia de Canelones durante al menos 10 a\u00f1os.<\/p>\n<p>El il\u00edcito salt\u00f3 a la luz en el programa televisivo Santo y se\u00f1a dirigido por el periodista Ignacio <strong>\u00c1lvarez<\/strong>, que revel\u00f3 que Andrade estuvo una d\u00e9cada sin pagar la contribuci\u00f3n inmobiliaria de su impresionante <strong>chalet<\/strong> en su el <strong>balneario<\/strong> San Luis, en Canelones.<\/p>\n<p>Adem\u00e1s tampoco pag\u00f3 los aportes obreros correspondientes al <strong>BPS<\/strong> y tampoco pag\u00f3 los planos del chalet como hubiera correspondido.\u00a0<\/p>\n<p>Por m\u00e1s que disfrutaba de un <strong>salario<\/strong> de senador de unos $<strong>450.000<\/strong> mensuales aleg\u00f3 que no ten\u00eda dinero y por eso no pagaba las contribuci\u00f3n inmobiliaria.<\/p>\n<p>La pregunta es \u00bfqui\u00e9n le paga los honorarios a Gonzalo Fern\u00e1ndez?.<\/p>\n<p>Si no ten\u00eda para pagar la contribuci\u00f3n, ni para pagar el BPS, ni para pagar los planos de su chalet, \u00bfde d\u00f3nde obtiene el dinero para <strong>pagarle<\/strong> a uno de los letrados m\u00e1s <strong>caros<\/strong> del pa\u00eds?.\u00a0<\/p>\n<figure><img decoding=\"async\" src=\"https:\/\/derechadiario.com.ar\/filesedc\/uploads\/image\/post\/2025\/06\/20221020-zina-6869jpg-1750723008734_1200_800.webp\" class=\"img-responsive lazyload\" alt=\"Hombre de cabello canoso y rizado con barba y chaqueta oscura mirando hacia el frente con expresi\u00f3n seria fondo desenfocado con colores claros y letras rojas\" title=\"Hombre de cabello canoso y rizado con barba y chaqueta oscura mirando hacia el frente con expresi\u00f3n seria fondo desenfocado con colores claros y letras rojas\"><\/figure>\n<p>Por otra parte si est\u00e1 seguro de su inocencia, \u00bfpor que contrat\u00f3 a un catedr\u00e1tico tan costoso?.\u00a0<\/p>\n<p>Pod\u00eda haber contactado a un jurista\u00a0 con honorarios m\u00e1s modestos.<\/p>\n<p>Fern\u00e1ndez cobra alt\u00edsimos <strong>honorarios<\/strong> profesionales, y est\u00e1 muy bien que lo haga porque es un gran abogado. Lo extra\u00f1o es que dos legisladores de un &#8220;partido obrero&#8221; como Andrade y Diverio lo contraten.<\/p>\n<p>La Feria Judicial transcurrir\u00e1 del 1\u00b0 al 15 de julio.\u00a0<\/p>\n<p>Posteriormente es muy probable que el fiscal Rodr\u00edguez <strong>convoque<\/strong> a fiscal\u00eda tanto a Andrade como a Diverio.<\/p>\n<h2>Responsabilidad pol\u00edtica\u00a0<\/h2>\n<p>M\u00e1s all\u00e1 de la eventual responsabilidad penal, hay una <strong>\u00e9tica<\/strong> pol\u00edtica que no se puede desconocer.<\/p>\n<p>\u00d3scar Andrade fue durante largos a\u00f1os el\u00a0<strong>principal<\/strong> sindicalista del Sunca. Es m\u00e1s que obvio que <strong>conoc\u00eda<\/strong> perfectamente la situaci\u00f3n y que la <strong>ocult\u00f3<\/strong> durante mucho tiempo.<\/p>\n<p>Aqu\u00ed no vale decir que no sab\u00eda c\u00f3mo era el asunto. \u00c9l estaba en el Sunca y era el que tomaba las principales <strong>decisiones<\/strong>.<\/p>\n<p>Daniel Diverio, actual\u00a0diputado del PCU, tambi\u00e9n era un dirigente <strong>principal\u00edsimo<\/strong> del sindicato de la construcci\u00f3n.<\/p>\n<p>Es evidente que \u00e9l tambi\u00e9n conoc\u00eda est\u00e1 mega\u00a0<strong>estafa<\/strong> de corrupci\u00f3n y durante mucho tiempo la <strong>ocult\u00f3<\/strong>.\u00a0\u00a0<\/p>\n<p>Todo es muy oscuro y turbio.<\/p>\n","protected":false},"excerpt":{"rendered":"<p>Oscar Andrade est\u00e1 implicado en la mega estafa del Sunca, sindicato de la construcci\u00f3n dirigido desde siempre por el Partido Comunista (PCU).\u00a0 El senador del Frente Amplio y ex dirigente principal del Sunca much\u00edsimos a\u00f1os, ha sido mencionado en relaci\u00f3n con una investigaci\u00f3n por desv\u00edo de fondos del Fondo Social de Vivienda de Obreros de [&hellip;]<\/p>\n","protected":false},"author":2,"featured_media":8703,"comment_status":"open","ping_status":"open","sticky":false,"template":"","format":"standard","meta":{"_et_pb_use_builder":"","_et_pb_old_content":"","_et_gb_content_width":"","footnotes":""},"categories":[84],"tags":[],"class_list":["post-8702","post","type-post","status-publish","format-standard","has-post-thumbnail","hentry","category-ultimomomento"],"_links":{"self":[{"href":"https:\/\/verdadincomodadiario.ar\/index.php?rest_route=\/wp\/v2\/posts\/8702","targetHints":{"allow":["GET"]}}],"collection":[{"href":"https:\/\/verdadincomodadiario.ar\/index.php?rest_route=\/wp\/v2\/posts"}],"about":[{"href":"https:\/\/verdadincomodadiario.ar\/index.php?rest_route=\/wp\/v2\/types\/post"}],"author":[{"embeddable":true,"href":"https:\/\/verdadincomodadiario.ar\/index.php?rest_route=\/wp\/v2\/users\/2"}],"replies":[{"embeddable":true,"href":"https:\/\/verdadincomodadiario.ar\/index.php?rest_route=%2Fwp%2Fv2%2Fcomments&post=8702"}],"version-history":[{"count":0,"href":"https:\/\/verdadincomodadiario.ar\/index.php?rest_route=\/wp\/v2\/posts\/8702\/revisions"}],"wp:featuredmedia":[{"embeddable":true,"href":"https:\/\/verdadincomodadiario.ar\/index.php?rest_route=\/wp\/v2\/media\/8703"}],"wp:attachment":[{"href":"https:\/\/verdadincomodadiario.ar\/index.php?rest_route=%2Fwp%2Fv2%2Fmedia&parent=8702"}],"wp:term":[{"taxonomy":"category","embeddable":true,"href":"https:\/\/verdadincomodadiario.ar\/index.php?rest_route=%2Fwp%2Fv2%2Fcategories&post=8702"},{"taxonomy":"post_tag","embeddable":true,"href":"https:\/\/verdadincomodadiario.ar\/index.php?rest_route=%2Fwp%2Fv2%2Ftags&post=8702"}],"curies":[{"name":"wp","href":"https:\/\/api.w.org\/{rel}","templated":true}]}}