{"id":8696,"date":"2025-06-24T00:26:19","date_gmt":"2025-06-24T00:26:19","guid":{"rendered":"https:\/\/verdadincomodadiario.ar\/?p=8696"},"modified":"2025-06-24T00:26:19","modified_gmt":"2025-06-24T00:26:19","slug":"mueren-seis-hombres-en-situacion-de-calle-en-uruguay","status":"publish","type":"post","link":"https:\/\/verdadincomodadiario.ar\/?p=8696","title":{"rendered":"Mueren seis hombres en situaci\u00f3n de calle en Uruguay"},"content":{"rendered":"<p><strong>Como es de p\u00fablico conocimiento, Uruguay es un pa\u00eds subordinado a la agenda global<\/strong> que se impone de manera antidemocr\u00e1tica desde la Organizaci\u00f3n de Naciones Unidas. Desde 2016, bajo la tercera administraci\u00f3n consecutiva del Frente Amplio, Uruguay comenz\u00f3 a alinear sus pol\u00edticas p\u00fablicas, planes estrat\u00e9gicos y presupuestos a los Objetivos de Desarrollo Sostenible (ODS).<\/p>\n<p>As\u00ed, las Secretar\u00edas de Estado, los Organismos dependientes del Poder Ejecutivo, las Oficinas clave de coordinaci\u00f3n, los Gobiernos departamentales y municipales, el Poder Legislativo, el Poder Judicial, la Academia, la sociedad civil y el sector privado contribuyen directamente al cumplimiento de la Agenda 2030, <strong>abandonando las necesidades concretas de la mayor parte de la poblaci\u00f3n uruguaya<\/strong>.<\/p>\n<p><strong>Una nueva pol\u00edtica discriminatoria por parte del gobierno: el dispositivo &#8220;La Tribu&#8221;<\/strong><\/p>\n<p>La Junta Nacional de Drogas (JND), organismo rector de las pol\u00edticas p\u00fablicas sobre drogas en Uruguay, funciona bajo la \u00f3rbita de la Presidencia de la Rep\u00fablica a trav\u00e9s de la Secretar\u00eda Nacional de Drogas (SND) y articula acciones con distintos ministerios y agencias del Estado.<\/p>\n<p>Asimismo, posee un v\u00ednculo estrat\u00e9gico con COPOLAD (Programa de Cooperaci\u00f3n entre Am\u00e9rica Latina, el Caribe y la Uni\u00f3n Europea en Pol\u00edticas sobre Drogas), un instrumento de cooperaci\u00f3n internacional que implementa pol\u00edticas p\u00fablicas sobre drogas alineadas con est\u00e1ndares internacionales y con la Agenda 2030.<\/p>\n<p>En ese marco, el pasado 20 de junio se present\u00f3 el documento <em>Mujeres y g\u00e9nero diverso. Pol\u00edticas de drogas desde el Tratamiento Comunitario<\/em>, elaborado por la Secretar\u00eda Nacional de Drogas con el apoyo del programa COPOLAD III de la Uni\u00f3n Europea.<\/p>\n<div class=\"inter_image image_horizontal\">\n<picture><source class=\"img-responsive\" type=\"image\/webp\" data-srcset=\"https:\/\/filesedc.com\/uploads\/image\/post\/2025\/06\/img-20250623-wa0061_300_200.webp 300w, https:\/\/filesedc.com\/uploads\/image\/post\/2025\/06\/img-20250623-wa0061_630_420.webp 630w, https:\/\/filesedc.com\/uploads\/image\/post\/2025\/06\/img-20250623-wa0061_760_507.webp 760w, https:\/\/filesedc.com\/uploads\/image\/post\/2025\/06\/img-20250623-wa0061_1200_800.webp 1200w, https:\/\/filesedc.com\/uploads\/image\/post\/2025\/06\/img-20250623-wa0061_1600_1067.webp 1600w, \"><img decoding=\"async\" src=\"https:\/\/derechadiario.com.ar\/filesedc\/uploads\/image\/post\/2025\/06\/img-20250623-wa0061_1200_800.webp\" class=\"img-responsive lazyload\" alt=\"Cuatro personas sentadas en una mesa durante la presentaci\u00f3n de una gu\u00eda sobre mujeres y g\u00e9nero diverso con un cartel informativo de fondo\" title=\"Cuatro personas sentadas en una mesa durante la presentaci\u00f3n de una gu\u00eda sobre mujeres y g\u00e9nero diverso con un cartel informativo de fondo\"><\/picture>\n<div>\n<span class=\"img_footer\">Presentaci\u00f3n pol\u00edtica para g\u00e9neros diversos. <\/span>| <span class=\"img_author\">Redacci\u00f3n<\/span>\n<\/div>\n<\/div>\n<p>El gobierno uruguayo present\u00f3 un caso piloto en el municipio de Las Piedras que busca abordar el consumo problem\u00e1tico de drogas mediante el dispositivo comunitario &#8220;La Tribu&#8221;, dise\u00f1ado espec\u00edficamente para mujeres y personas trans o no binarias que se encuentran en situaci\u00f3n de calle y presentan altos niveles de consumo de pasta base. <strong>La propuesta incluye capacitaciones en econom\u00eda social y solidaria, cooperativismo y actividades culturales, educativas y deportivas<\/strong>, con el objetivo de promover la inclusi\u00f3n social y la construcci\u00f3n de proyectos de vida sostenibles.<\/p>\n<p>Quiz\u00e1s tambi\u00e9n te interese <a href=\"https:\/\/derechadiario.com.ar\/uruguay\/politica\/mujica-delato-sus-companeros-y-colaboro-con-los-militares-1972\">este art\u00edculo que explora el pasado oculto de una figura emblem\u00e1tica del progresismo uruguayo<\/a>.<\/p>\n<p><strong>Un panfleto plagado de estupideces<\/strong><\/p>\n<p>Las pol\u00edticas p\u00fablicas que se implementan se hallan completamente alejadas de la realidad nacional porque, en primer lugar, la mayor parte de la poblaci\u00f3n adicta en Uruguay es masculina y vive en la calle o en refugios.<\/p>\n<p>As\u00ed lo demuestra el informe publicado por la Junta Nacional de Drogas de Presidencia, el Observatorio Uruguayo de Drogas y la Facultad de Humanidades y Ciencias de la Educaci\u00f3n de la Universidad de la Rep\u00fablica titulado <em>Personas, calle, consumos: dos estudios sobre uso de pasta base en Uruguay (2019)<\/em>.<\/p>\n<p>Seg\u00fan los resultados del estudio, <strong>la poblaci\u00f3n que padece m\u00e1s problemas de adicci\u00f3n a la pasta base en Uruguay vive en la calle o en refugios y es claramente masculina<\/strong>: \u00abhay que destacar que se trata de una poblaci\u00f3n en la que predominan los varones (86,3%), constituyendo las mujeres un grupo reducido (13,7%) del total\u00bb.<\/p>\n<p>Por otra parte, los resultados del Censo 2023 \u2014primera vez que se incluyen identidades no binarias y trans como variables, gracias a la Ley Integral para Personas Trans (Ley 19.684)\u2014 mostraron que el 99 % de la poblaci\u00f3n uruguaya se identifica con su naturaleza biol\u00f3gica y que solo el 0,02 % se asume como trans o no binaria.<\/p>\n<p><strong>Con esta informaci\u00f3n, \u00bfc\u00f3mo es posible que dise\u00f1en, desarrollen e implementen pol\u00edticas p\u00fablicas de drogas dirigidas espec\u00edficamente a mujeres y a personas de g\u00e9nero diverso cuando la poblaci\u00f3n adicta es mayoritariamente masculina?<\/strong> (86,3%) y los \u00abg\u00e9neros diversos\u00bb constituyen el 0,02 % de la poblaci\u00f3n del pa\u00eds.<\/p>\n<figure><img decoding=\"async\" src=\"https:\/\/derechadiario.com.ar\/filesedc\/uploads\/image\/post\/2025\/06\/img-20250623-wa0060_1200_800.webp\" class=\"img-responsive lazyload\" alt=\"Mano sosteniendo un inhalador azul modificado con una sustancia blanca en la boquilla\" title=\"Mano sosteniendo un inhalador azul modificado con una sustancia blanca en la boquilla\"><\/figure>\n<p>Simplemente con observar la realidad es posible darse cuenta de que <strong>la mayor parte de las personas que viven en la calle son hombres y padecen serios problemas de adicci\u00f3n<\/strong>.<\/p>\n<p>Quiz\u00e1s tambi\u00e9n te interese <a href=\"https:\/\/derechadiario.com.ar\/uruguay\/opinion\/asi-luce-socialdemocracia\">este an\u00e1lisis sobre la est\u00e9tica y ret\u00f3rica vac\u00eda de la socialdemocracia contempor\u00e1nea<\/a>.<\/p>\n<p>Sin embargo, la gravedad del asunto no se limita al delirio wokista. <strong>Es una inmoralidad y una terrible falta de respeto<\/strong> que desde el gobierno se presente una pol\u00edtica p\u00fablica con perspectiva de g\u00e9nero para el abordaje del consumo problem\u00e1tico de drogas cuando a la fecha murieron seis hombres que viv\u00edan en la calle y que probablemente ten\u00edan problemas de adicciones.<\/p>\n<p><strong>Se trata de un nuevo ejemplo que refleja que la p\u00e9rdida de soberan\u00eda de un pa\u00eds implica la p\u00e9rdida de libertad<\/strong> para implementar pol\u00edticas p\u00fablicas acordes a las necesidades urgentes y espec\u00edficas de su poblaci\u00f3n. <strong>Estamos frente a una nueva muestra de que adherir al globalismo es abandonar por completo el sentido com\u00fan.<\/strong><\/p>\n","protected":false},"excerpt":{"rendered":"<p>Como es de p\u00fablico conocimiento, Uruguay es un pa\u00eds subordinado a la agenda global que se impone de manera antidemocr\u00e1tica desde la Organizaci\u00f3n de Naciones Unidas. Desde 2016, bajo la tercera administraci\u00f3n consecutiva del Frente Amplio, Uruguay comenz\u00f3 a alinear sus pol\u00edticas p\u00fablicas, planes estrat\u00e9gicos y presupuestos a los Objetivos de Desarrollo Sostenible (ODS). As\u00ed, [&hellip;]<\/p>\n","protected":false},"author":2,"featured_media":8697,"comment_status":"open","ping_status":"open","sticky":false,"template":"","format":"standard","meta":{"_et_pb_use_builder":"","_et_pb_old_content":"","_et_gb_content_width":"","footnotes":""},"categories":[84],"tags":[],"class_list":["post-8696","post","type-post","status-publish","format-standard","has-post-thumbnail","hentry","category-ultimomomento"],"_links":{"self":[{"href":"https:\/\/verdadincomodadiario.ar\/index.php?rest_route=\/wp\/v2\/posts\/8696","targetHints":{"allow":["GET"]}}],"collection":[{"href":"https:\/\/verdadincomodadiario.ar\/index.php?rest_route=\/wp\/v2\/posts"}],"about":[{"href":"https:\/\/verdadincomodadiario.ar\/index.php?rest_route=\/wp\/v2\/types\/post"}],"author":[{"embeddable":true,"href":"https:\/\/verdadincomodadiario.ar\/index.php?rest_route=\/wp\/v2\/users\/2"}],"replies":[{"embeddable":true,"href":"https:\/\/verdadincomodadiario.ar\/index.php?rest_route=%2Fwp%2Fv2%2Fcomments&post=8696"}],"version-history":[{"count":0,"href":"https:\/\/verdadincomodadiario.ar\/index.php?rest_route=\/wp\/v2\/posts\/8696\/revisions"}],"wp:featuredmedia":[{"embeddable":true,"href":"https:\/\/verdadincomodadiario.ar\/index.php?rest_route=\/wp\/v2\/media\/8697"}],"wp:attachment":[{"href":"https:\/\/verdadincomodadiario.ar\/index.php?rest_route=%2Fwp%2Fv2%2Fmedia&parent=8696"}],"wp:term":[{"taxonomy":"category","embeddable":true,"href":"https:\/\/verdadincomodadiario.ar\/index.php?rest_route=%2Fwp%2Fv2%2Fcategories&post=8696"},{"taxonomy":"post_tag","embeddable":true,"href":"https:\/\/verdadincomodadiario.ar\/index.php?rest_route=%2Fwp%2Fv2%2Ftags&post=8696"}],"curies":[{"name":"wp","href":"https:\/\/api.w.org\/{rel}","templated":true}]}}