{"id":8684,"date":"2025-06-23T22:30:26","date_gmt":"2025-06-23T22:30:26","guid":{"rendered":"https:\/\/verdadincomodadiario.ar\/?p=8684"},"modified":"2025-06-23T22:30:26","modified_gmt":"2025-06-23T22:30:26","slug":"veni-a-disfrutar-el-sol-del-invierno-cordobes","status":"publish","type":"post","link":"https:\/\/verdadincomodadiario.ar\/?p=8684","title":{"rendered":"Ven\u00ed a disfrutar el sol del invierno cordob\u00e9s"},"content":{"rendered":"<p>C\u00f3rdoba se presenta este invierno como un destino irresistible, donde la tradici\u00f3n centroeuropea, el sabor del buen vino y los paisajes serranos invitan a vivir una experiencia distinta.<\/p>\n<p>Villa General Belgrano, uno de los pueblos m\u00e1s encantadores del Valle de Calamuchita, celebra una nueva edici\u00f3n de la imperdible Fiesta del Chocolate Alpino, y te espera con los brazos abiertos para que disfrutes del sol, el aire puro y el encanto invernal de la regi\u00f3n.<\/p>\n<h2><strong>Una fiesta con aroma a chocolate y cultura alpina<\/strong><\/h2>\n<p>Durante todos los fines de semana de julio, Villa General Belgrano se viste de fiesta con uno de los eventos m\u00e1s emblem\u00e1ticos del calendario tur\u00edstico invernal: la Fiesta del Chocolate Alpino. Inspirada en las tradiciones centroeuropeas que identifican a esta localidad, la celebraci\u00f3n ofrece espect\u00e1culos musicales, danzas t\u00edpicas, reposter\u00eda artesanal, fondues, tortas negras y, por supuesto, mucho chocolate caliente para disfrutar en familia o en pareja.<\/p>\n<p>El evento se desarrolla en el Sal\u00f3n de Eventos y Convenciones, con actividades para todas las edades, y un entorno m\u00e1gico que combina arquitectura alpina, hospitalidad serrana y los sabores m\u00e1s reconfortantes del invierno.<\/p>\n<aside class=\"are-you-interested-container-photo\"><\/aside>\n<h2><strong>El Camino del Vino: ideal para recorrer en invierno<\/strong><\/h2>\n<p>Muy cerca de Villa General Belgrano se despliega el Camino del Vino, un circuito que crece a\u00f1o a a\u00f1o y posiciona a C\u00f3rdoba como una regi\u00f3n vitivin\u00edcola en auge. Las bodegas boutique invitan a conocer sus instalaciones, participar de degustaciones y maridar vinos de autor con delicias regionales frente a postales serranas de ensue\u00f1o.<\/p>\n<p>Este producto tur\u00edstico se complementa de manera perfecta con el invierno: temperaturas frescas, paisajes verdes y rojizos, y un ambiente \u00edntimo y acogedor para disfrutar del buen vivir.<\/p>\n<h2><strong>Accesibilidad por tierra y aire<\/strong><\/h2>\n<p>Villa General Belgrano es de f\u00e1cil acceso tanto por v\u00eda terrestre como a\u00e9rea. Desde la ciudad de C\u00f3rdoba, hay m\u00faltiples servicios de \u00f3mnibus diarios que conectan la capital con el Valle de Calamuchita en apenas dos horas de viaje. Si ven\u00eds desde otras provincias, el Aeropuerto Internacional Ingeniero Ambrosio Taravella (Pajas Blancas) ofrece vuelos desde distintos puntos del pa\u00eds, y se encuentra a solo 90 km de la villa.<\/p>\n<aside class=\"whatsappChannelText\"><a href=\"https:\/\/whatsapp.com\/channel\/0029VagEjILGE56eKjedWF2U\" rel=\"nofollow\" title=\"WhatsApp Link\"><img alt=\"Logo de WhatsApp\" class=\"lazyload\" data-src=\"https:\/\/derechadiario.com.ar\/filesedc\/uploads\/other\/whatsapp_icon_mid_article.png\" width=\"32\" height=\"32\"><\/a> <a href=\"https:\/\/whatsapp.com\/channel\/0029VagEjILGE56eKjedWF2U\" rel=\"nofollow\" title=\"WhatsApp Link\"><strong>NO SE PIERDAN NINGUNA NOTICIA<\/strong>: Click aqu\u00ed para sumarte <strong>GRATIS<\/strong> al canal de noticias de <strong>La Derecha Diario en WhatsApp.<\/strong><\/a><\/aside>\n<p>Esto hace que disfrutar del invierno cordob\u00e9s sea una opci\u00f3n al alcance de todos, sin complicaciones y con la seguridad de encontrar una excelente infraestructura tur\u00edstica.<\/p>\n<h2><strong>Naturaleza, sabor y cultura en su m\u00e1xima expresi\u00f3n<\/strong><\/h2>\n<p>Ya sea paseando por los senderos serranos, deleit\u00e1ndote con un strudel casero o brindando con una copa de malbec artesanal, Villa General Belgrano en invierno es una experiencia que combina naturaleza, gastronom\u00eda y cultura como pocas en el pa\u00eds.<\/p>\n<p>No te lo pierdas:<br \/>Ven\u00ed a disfrutar el sol del invierno cordob\u00e9s.<\/p>\n","protected":false},"excerpt":{"rendered":"<p>C\u00f3rdoba se presenta este invierno como un destino irresistible, donde la tradici\u00f3n centroeuropea, el sabor del buen vino y los paisajes serranos invitan a vivir una experiencia distinta. Villa General Belgrano, uno de los pueblos m\u00e1s encantadores del Valle de Calamuchita, celebra una nueva edici\u00f3n de la imperdible Fiesta del Chocolate Alpino, y te espera [&hellip;]<\/p>\n","protected":false},"author":2,"featured_media":8685,"comment_status":"open","ping_status":"open","sticky":false,"template":"","format":"standard","meta":{"_et_pb_use_builder":"","_et_pb_old_content":"","_et_gb_content_width":"","footnotes":""},"categories":[84],"tags":[],"class_list":["post-8684","post","type-post","status-publish","format-standard","has-post-thumbnail","hentry","category-ultimomomento"],"_links":{"self":[{"href":"https:\/\/verdadincomodadiario.ar\/index.php?rest_route=\/wp\/v2\/posts\/8684","targetHints":{"allow":["GET"]}}],"collection":[{"href":"https:\/\/verdadincomodadiario.ar\/index.php?rest_route=\/wp\/v2\/posts"}],"about":[{"href":"https:\/\/verdadincomodadiario.ar\/index.php?rest_route=\/wp\/v2\/types\/post"}],"author":[{"embeddable":true,"href":"https:\/\/verdadincomodadiario.ar\/index.php?rest_route=\/wp\/v2\/users\/2"}],"replies":[{"embeddable":true,"href":"https:\/\/verdadincomodadiario.ar\/index.php?rest_route=%2Fwp%2Fv2%2Fcomments&post=8684"}],"version-history":[{"count":0,"href":"https:\/\/verdadincomodadiario.ar\/index.php?rest_route=\/wp\/v2\/posts\/8684\/revisions"}],"wp:featuredmedia":[{"embeddable":true,"href":"https:\/\/verdadincomodadiario.ar\/index.php?rest_route=\/wp\/v2\/media\/8685"}],"wp:attachment":[{"href":"https:\/\/verdadincomodadiario.ar\/index.php?rest_route=%2Fwp%2Fv2%2Fmedia&parent=8684"}],"wp:term":[{"taxonomy":"category","embeddable":true,"href":"https:\/\/verdadincomodadiario.ar\/index.php?rest_route=%2Fwp%2Fv2%2Fcategories&post=8684"},{"taxonomy":"post_tag","embeddable":true,"href":"https:\/\/verdadincomodadiario.ar\/index.php?rest_route=%2Fwp%2Fv2%2Ftags&post=8684"}],"curies":[{"name":"wp","href":"https:\/\/api.w.org\/{rel}","templated":true}]}}