{"id":8672,"date":"2025-06-23T21:29:57","date_gmt":"2025-06-23T21:29:57","guid":{"rendered":"https:\/\/verdadincomodadiario.ar\/?p=8672"},"modified":"2025-06-23T21:29:57","modified_gmt":"2025-06-23T21:29:57","slug":"en-plena-helada-quiso-robar-huyo-en-bici-y-se-tiro-al-suquia-en-cordoba-el-video","status":"publish","type":"post","link":"https:\/\/verdadincomodadiario.ar\/?p=8672","title":{"rendered":"En plena helada, quiso robar, huy\u00f3 en bici y se tir\u00f3 al Suqu\u00eda en C\u00f3rdoba: el video"},"content":{"rendered":"<p>Una ins\u00f3lita secuencia se vivi\u00f3 este domingo en la ciudad de C\u00f3rdoba, con <strong>temperaturas bajo cero<\/strong> en toda la regi\u00f3n. Un <strong>delincuente de 30 a\u00f1os intent\u00f3 robar una moto en Nueva C\u00f3rdoba<\/strong> y, al ser descubierto, escap\u00f3 en bicicleta.<\/p>\n<p>La <strong>huida termin\u00f3 en el r\u00edo Suqu\u00eda<\/strong>, donde <strong>se arroj\u00f3 nadando<\/strong> para evitar ser capturado por la Polic\u00eda.<\/p>\n<div class=\"text-center\">\n<h3 class=\"dailyMotionTitle\">En plena helada, quiso robar, huy\u00f3 en bici y se tir\u00f3 al Suqu\u00eda en C\u00f3rdoba: el video<\/h3>\n<aside>\n<figure class=\"op-interactive\"><\/figure>\n<\/aside>\n<\/div>\n<h2>La persecuci\u00f3n arranc\u00f3 en pleno centro<\/h2>\n<p>La situaci\u00f3n comenz\u00f3 en la intersecci\u00f3n de calles Buenos Aires y Rondeau, en el coraz\u00f3n de Nueva C\u00f3rdoba.<\/p>\n<aside class=\"are-you-interested-container-photo\"><\/aside>\n<p>All\u00ed, las c\u00e1maras del 911 registraron c\u00f3mo el sujeto <strong>forzaba una <a href=\"https:\/\/derechadiario.com.ar\/sociedad\/inseguridad-cordoba-policia-tackleo-motochorro-y-quedo-todo-grabado\" title=\"Inseguridad en C\u00f3rdoba: polic\u00eda tackle\u00f3 a motochorro y qued\u00f3 todo grabado\">motocicleta<\/a> estacionada<\/strong>\u00a0 en plena v\u00eda p\u00fablica. Agentes policiales acudieron al lugar, lo que provoc\u00f3 que el sospechoso emprendiera su <strong>fuga en bicicleta.<\/strong><\/p>\n<div class=\"inter_image image_horizontal\">\n<picture><source class=\"img-responsive\" type=\"image\/webp\" data-srcset=\"https:\/\/filesedc.com\/uploads\/image\/post\/2025\/06\/188_300_200.webp 300w, https:\/\/filesedc.com\/uploads\/image\/post\/2025\/06\/188_630_420.webp 630w, https:\/\/filesedc.com\/uploads\/image\/post\/2025\/06\/188_760_507.webp 760w, https:\/\/filesedc.com\/uploads\/image\/post\/2025\/06\/188_1200_800.webp 1200w, https:\/\/filesedc.com\/uploads\/image\/post\/2025\/06\/188_1600_1067.webp 1600w, \"><img decoding=\"async\" src=\"https:\/\/derechadiario.com.ar\/filesedc\/uploads\/image\/post\/2025\/06\/188_1200_800.webp\" class=\"img-responsive lazyload\" alt=\"Patrulla con luces encendidas persiguiendo a una persona que corre junto a una barrera en una calle por la noche\" title=\"Patrulla con luces encendidas persiguiendo a una persona que corre junto a una barrera en una calle por la noche\"><\/picture>\n<div>\n<span class=\"img_footer\">Al ser descubierto, escap\u00f3 en bicicleta. <\/span>| <span class=\"img_author\">La Derecha Diario<\/span>\n<\/div>\n<\/div>\n<h2>Nad\u00f3 el r\u00edo Suqu\u00eda con temperaturas bajo cero<\/h2>\n<p>El trayecto de escape qued\u00f3 registrado en varias c\u00e1maras, donde se lo ve cruzando la ciudad hacia el Puente Alvear. All\u00ed abandon\u00f3 la bicicleta y, sorpresivamente, <strong>se arroj\u00f3 al r\u00edo Suqu\u00eda para cruzar nadando a la otra orilla.<\/strong><\/p>\n<p>Todo ocurri\u00f3 mientras la ciudad soportaba <strong>temperaturas cercanas al cero<\/strong>, en plena ola de fr\u00edo polar.<\/p>\n<figure><img decoding=\"async\" src=\"https:\/\/derechadiario.com.ar\/filesedc\/uploads\/image\/post\/2025\/06\/190_1200_800.webp\" class=\"img-responsive lazyload\" alt=\"Reflejo de un autom\u00f3vil blanco en un charco de agua sobre el pavimento\" title=\"Reflejo de un autom\u00f3vil blanco en un charco de agua sobre el pavimento\"><\/figure>\n<h2>Fue detenido en barrio General Paz<\/h2>\n<p>La fuga continu\u00f3 algunos minutos m\u00e1s, pero ya sin bicicleta, por las \u00a0<strong>calles del barrio General Paz.<\/strong> Finalmente, el hombre <strong>fue interceptado y detenido por efectivos<\/strong> en calle Esqui\u00fa al 700, sin resistencia.<\/p>\n<figure><img decoding=\"async\" src=\"https:\/\/derechadiario.com.ar\/filesedc\/uploads\/image\/post\/2025\/06\/momento-moto_1200_800.webp\" class=\"img-responsive lazyload\" alt=\"Persona de pie junto a una motocicleta en una calle oscura con un autom\u00f3vil estacionado al fondo\" title=\"Persona de pie junto a una motocicleta en una calle oscura con un autom\u00f3vil estacionado al fondo\"><\/figure>\n<p>Al ser identificado, <strong>se confirm\u00f3 que contaba con antecedentes delictivos previos<\/strong>. En una ciudad donde cada vez son m\u00e1s los hechos protagonizados por personas con antecedente. El caso vuelve a <strong>encender las alarmas sobre la <a href=\"https:\/\/derechadiario.com.ar\/sociedad\/cordoba-familiares-hombre-asesinado-por-menor-piden-al-estado-que-actue\" title=\"C\u00f3rdoba: familiares de hombre asesinado por un menor piden al Estado que act\u00fae\">reincidencia<\/a><\/strong>, la efectividad del sistema judicial y la <a href=\"https:\/\/derechadiario.com.ar\/sociedad\/otra-jubilada-victima-inseguridad-cordoba-le-robaron-todo-y-quedo-encerrada\" title=\"Otra jubilada v\u00edctima de la inseguridad en C\u00f3rdoba: le robaron todo y qued\u00f3 encerrada\">necesidad de pol\u00edticas de seguridad<\/a> m\u00e1s firmes.<\/p>\n<aside class=\"whatsappChannelText\"><a href=\"https:\/\/whatsapp.com\/channel\/0029VagEjILGE56eKjedWF2U\" rel=\"nofollow\" title=\"WhatsApp Link\"><img alt=\"Logo de WhatsApp\" class=\"lazyload\" data-src=\"https:\/\/derechadiario.com.ar\/filesedc\/uploads\/other\/whatsapp_icon_mid_article.png\" width=\"32\" height=\"32\"><\/a> <a href=\"https:\/\/whatsapp.com\/channel\/0029VagEjILGE56eKjedWF2U\" rel=\"nofollow\" title=\"WhatsApp Link\"><strong>NO SE PIERDAN NINGUNA NOTICIA<\/strong>: Click aqu\u00ed para sumarte <strong>GRATIS<\/strong> al canal de noticias de <strong>La Derecha Diario en WhatsApp.<\/strong><\/a><\/aside>\n<figure><img decoding=\"async\" src=\"https:\/\/derechadiario.com.ar\/filesedc\/uploads\/image\/post\/2025\/06\/189_1200_800.webp\" class=\"img-responsive lazyload\" alt=\"Persona con uniforme oscuro y gorra de pie junto a una bicicleta en una calle pavimentada\" title=\"Persona con uniforme oscuro y gorra de pie junto a una bicicleta en una calle pavimentada\"><\/figure>\n","protected":false},"excerpt":{"rendered":"<p>Una ins\u00f3lita secuencia se vivi\u00f3 este domingo en la ciudad de C\u00f3rdoba, con temperaturas bajo cero en toda la regi\u00f3n. Un delincuente de 30 a\u00f1os intent\u00f3 robar una moto en Nueva C\u00f3rdoba y, al ser descubierto, escap\u00f3 en bicicleta. La huida termin\u00f3 en el r\u00edo Suqu\u00eda, donde se arroj\u00f3 nadando para evitar ser capturado por [&hellip;]<\/p>\n","protected":false},"author":2,"featured_media":8673,"comment_status":"open","ping_status":"open","sticky":false,"template":"","format":"standard","meta":{"_et_pb_use_builder":"","_et_pb_old_content":"","_et_gb_content_width":"","footnotes":""},"categories":[84],"tags":[],"class_list":["post-8672","post","type-post","status-publish","format-standard","has-post-thumbnail","hentry","category-ultimomomento"],"_links":{"self":[{"href":"https:\/\/verdadincomodadiario.ar\/index.php?rest_route=\/wp\/v2\/posts\/8672","targetHints":{"allow":["GET"]}}],"collection":[{"href":"https:\/\/verdadincomodadiario.ar\/index.php?rest_route=\/wp\/v2\/posts"}],"about":[{"href":"https:\/\/verdadincomodadiario.ar\/index.php?rest_route=\/wp\/v2\/types\/post"}],"author":[{"embeddable":true,"href":"https:\/\/verdadincomodadiario.ar\/index.php?rest_route=\/wp\/v2\/users\/2"}],"replies":[{"embeddable":true,"href":"https:\/\/verdadincomodadiario.ar\/index.php?rest_route=%2Fwp%2Fv2%2Fcomments&post=8672"}],"version-history":[{"count":0,"href":"https:\/\/verdadincomodadiario.ar\/index.php?rest_route=\/wp\/v2\/posts\/8672\/revisions"}],"wp:featuredmedia":[{"embeddable":true,"href":"https:\/\/verdadincomodadiario.ar\/index.php?rest_route=\/wp\/v2\/media\/8673"}],"wp:attachment":[{"href":"https:\/\/verdadincomodadiario.ar\/index.php?rest_route=%2Fwp%2Fv2%2Fmedia&parent=8672"}],"wp:term":[{"taxonomy":"category","embeddable":true,"href":"https:\/\/verdadincomodadiario.ar\/index.php?rest_route=%2Fwp%2Fv2%2Fcategories&post=8672"},{"taxonomy":"post_tag","embeddable":true,"href":"https:\/\/verdadincomodadiario.ar\/index.php?rest_route=%2Fwp%2Fv2%2Ftags&post=8672"}],"curies":[{"name":"wp","href":"https:\/\/api.w.org\/{rel}","templated":true}]}}