{"id":8658,"date":"2025-06-23T19:36:00","date_gmt":"2025-06-23T19:36:00","guid":{"rendered":"https:\/\/verdadincomodadiario.ar\/?p=8658"},"modified":"2025-06-23T19:36:00","modified_gmt":"2025-06-23T19:36:00","slug":"el-fascismo-fiscal-de-viri-rios","status":"publish","type":"post","link":"https:\/\/verdadincomodadiario.ar\/?p=8658","title":{"rendered":"El fascismo fiscal de Viri R\u00edos"},"content":{"rendered":"<p>En <strong>M\u00e9xico<\/strong> se ha consolidado una nueva religi\u00f3n pol\u00edtica: el culto al Estado como \u00fanico agente del bien. Esta fe no se articula en templos ni con sotanas, sino desde la academia, los escritorios fiscales y las redes sociales. Sus sacerdotes son bur\u00f3cratas moralistas y economistas militantes que ven al <strong>ciudadano aut\u00f3nomo<\/strong> como una amenaza.<\/p>\n<p>Tres frases bastan para ilustrar este delirio:<\/p>\n<p><strong>1. Viri R\u00edos, 23 de octubre de 2024:<\/strong><br \/>\u201cUber est\u00e1 mintiendo, pero si fuera cierto que su negocio solo sobrevive por tener 250 mil personas trabajando para ellos sin seguro social, pues s\u00ed, que se vaya.\u201d<\/p>\n<p><strong>2. Viri R\u00edos, 21 de octubre de 2021:<\/strong><br \/>Los donadores \u201csaludan con sombrero ajeno\u201d. Al deducir impuestos, roban al Estado la potestad de decidir el destino de ese dinero.<\/p>\n<p><strong>3. Margarita R\u00edos-Farjat, 5 de abril de 2019 (como jefa del SAT):<\/strong><br \/>\u201cEl impuesto a pagar no es dinero nuestro, es dinero de la naci\u00f3n.\u201d<\/p>\n<p>Estas tres declaraciones, m\u00e1s que posiciones t\u00e9cnicas o ideol\u00f3gicas, revelan una <strong>teolog\u00eda pol\u00edtica<\/strong> basada en la negaci\u00f3n del individuo. En este credo, el dinero que ganas no te pertenece realmente. La libertad para trabajar, donar o elegir tu forma de vida est\u00e1 subordinada al juicio moral del Estado. Y todo aquel que act\u00fae fuera del marco fiscalista es, por definici\u00f3n, un impostor, un evasor, un traidor a la patria.<\/p>\n<p>No se trata de justicia social. <strong>Se trata de control total<\/strong>.<\/p>\n<p>Quien dona sin intermediaci\u00f3n estatal, usurpa funciones divinas. Quien trabaja sin prestaciones, aunque lo haga por necesidad, perpet\u00faa el pecado original del mercado. Y quien no paga impuestos con entusiasmo, no es suficientemente mexicano.<\/p>\n<p>Esto no es progresismo. <strong>Es un fascismo contable, disfrazado de virtud<\/strong>.<\/p>\n<p>Detr\u00e1s de estas frases hay una ideolog\u00eda transpersonalista, que considera al individuo como medio del proyecto estatal. Es el eco de <strong>Hegel<\/strong>: \u201cEl Estado, las leyes, las constituciones son los fines; el individuo debe ponerse a su servicio.\u201d<\/p>\n<p>Por eso no les incomoda que <strong>250 mil personas pierdan el sustento<\/strong> si Uber se va. Lo importante no es la vida concreta de esos trabajadores, sino que el modelo se ajuste al ideal burocr\u00e1tico. Si no caben en el Excel, que desaparezcan. Su bienestar no importa. Su obediencia s\u00ed.<\/p>\n<p>El problema no es <strong>Uber<\/strong>, ni los donativos, ni los impuestos. El problema es que el ciudadano libre se ha vuelto insoportable para quienes creen que toda virtud debe ser dirigida, deducida o sancionada por el Estado.<\/p>\n<p>Esta es la l\u00f3gica de todo totalitarismo blando: primero se santifica al Estado, luego se criminaliza al individuo.<\/p>\n<p>Quieren hacernos creer que el dinero no es nuestro. Que ayudar sin permiso es traici\u00f3n. Que decidir por uno mismo es un acto de arrogancia.<\/p>\n<p>Pero lo verdaderamente subversivo hoy no es evadir impuestos ni rechazar prestaciones. <strong>Lo subversivo es pensar que el ciudadano puede hacer el bien sin pedirle permiso al gobierno<\/strong>.<\/p>\n<p>Y si eso incomoda a los bur\u00f3cratas redentores, a los planificadores que nunca han generado un peso ni trabajado una jornada en la calle, entonces que sean ellos los que se vayan.<\/p>\n<p><strong>Porque M\u00e9xico no necesita m\u00e1s ap\u00f3stoles del Leviat\u00e1n fiscal. M\u00e9xico necesita ciudadanos libres.<\/strong><\/p>\n","protected":false},"excerpt":{"rendered":"<p>En M\u00e9xico se ha consolidado una nueva religi\u00f3n pol\u00edtica: el culto al Estado como \u00fanico agente del bien. Esta fe no se articula en templos ni con sotanas, sino desde la academia, los escritorios fiscales y las redes sociales. Sus sacerdotes son bur\u00f3cratas moralistas y economistas militantes que ven al ciudadano aut\u00f3nomo como una amenaza. [&hellip;]<\/p>\n","protected":false},"author":2,"featured_media":8659,"comment_status":"open","ping_status":"open","sticky":false,"template":"","format":"standard","meta":{"_et_pb_use_builder":"","_et_pb_old_content":"","_et_gb_content_width":"","footnotes":""},"categories":[84],"tags":[],"class_list":["post-8658","post","type-post","status-publish","format-standard","has-post-thumbnail","hentry","category-ultimomomento"],"_links":{"self":[{"href":"https:\/\/verdadincomodadiario.ar\/index.php?rest_route=\/wp\/v2\/posts\/8658","targetHints":{"allow":["GET"]}}],"collection":[{"href":"https:\/\/verdadincomodadiario.ar\/index.php?rest_route=\/wp\/v2\/posts"}],"about":[{"href":"https:\/\/verdadincomodadiario.ar\/index.php?rest_route=\/wp\/v2\/types\/post"}],"author":[{"embeddable":true,"href":"https:\/\/verdadincomodadiario.ar\/index.php?rest_route=\/wp\/v2\/users\/2"}],"replies":[{"embeddable":true,"href":"https:\/\/verdadincomodadiario.ar\/index.php?rest_route=%2Fwp%2Fv2%2Fcomments&post=8658"}],"version-history":[{"count":0,"href":"https:\/\/verdadincomodadiario.ar\/index.php?rest_route=\/wp\/v2\/posts\/8658\/revisions"}],"wp:featuredmedia":[{"embeddable":true,"href":"https:\/\/verdadincomodadiario.ar\/index.php?rest_route=\/wp\/v2\/media\/8659"}],"wp:attachment":[{"href":"https:\/\/verdadincomodadiario.ar\/index.php?rest_route=%2Fwp%2Fv2%2Fmedia&parent=8658"}],"wp:term":[{"taxonomy":"category","embeddable":true,"href":"https:\/\/verdadincomodadiario.ar\/index.php?rest_route=%2Fwp%2Fv2%2Fcategories&post=8658"},{"taxonomy":"post_tag","embeddable":true,"href":"https:\/\/verdadincomodadiario.ar\/index.php?rest_route=%2Fwp%2Fv2%2Ftags&post=8658"}],"curies":[{"name":"wp","href":"https:\/\/api.w.org\/{rel}","templated":true}]}}