{"id":865,"date":"2025-03-29T12:43:28","date_gmt":"2025-03-29T12:43:28","guid":{"rendered":"https:\/\/verdadincomodadiario.ar\/?p=865"},"modified":"2025-03-29T12:43:28","modified_gmt":"2025-03-29T12:43:28","slug":"la-economia-argentina-crecio-un-75-anual-en-febrero-segun-el-emae-de-equilibra","status":"publish","type":"post","link":"https:\/\/verdadincomodadiario.ar\/?p=865","title":{"rendered":"La econom\u00eda argentina creci\u00f3 un 7,5% anual en febrero, seg\u00fan el EMAE\u00a0de\u00a0Equilibra"},"content":{"rendered":"<p>De acuerdo con el anticipo del <strong>Estimador Mensual de Actividad Econ\u00f3mica<\/strong>\u00a0 (EMAE) de <strong>Equilibra<\/strong>, la <a href=\"https:\/\/derechadiario.com.ar\/economia\/los-salarios-crecieron-29-enero-y-le-volvieron-ganar-inflacion\" title=\"Los salarios crecieron un 2,9% en enero y le volvieron a ganar a la inflaci\u00f3n\">actividad econ\u00f3mica <\/a>experiment\u00f3 un <strong>crecimiento interanual del 7,5% en el mes de febrero\u00a0de 2025.<\/strong>\u00a0 No obstante, otro\u00a0dato m\u00e1s alentador es que la actividad tambi\u00e9n muestra una \u00a0<strong>mejora real<\/strong> en su medici\u00f3n <strong>contrastada<\/strong>\u00a0 respecto a febrero del 2024.<\/p>\n<p>Febrero se present\u00f3 como un punto de inflexi\u00f3n\u00a0donde, sumado al dato del EMAE, la\u00a0<strong>inflaci\u00f3n<\/strong>\u00a0 del mes fue del <strong>2,4%<\/strong> y la interanual se desplom\u00f3 al \u00a0<strong>66,9%<\/strong>.<\/p>\n<p>Este fuerte repunte, en parte, se explica por la baja base de comparaci\u00f3n con febrero de 2024, cuando la econom\u00eda se encontraba atravesando\u00a0el ajuste inicial del\u00a0gobierno de <a href=\"https:\/\/derechadiario.com.ar\/economia\/fmi-confirmo-que-nuevo-acuerdo-con-argentina-sera-por-usd-20-mil-millones\" title=\"El FMI confirm\u00f3 que el nuevo acuerdo con Argentina ser\u00e1 por USD 20 mil millones\">Javier Milei<\/a>, consecuencia de la crisis heredada del kirchnerismo.<\/p>\n<div class=\"inter_image image_horizontal\">\n<picture><source class=\"img-responsive\" type=\"image\/webp\" data-srcset=\"\/filesedc\/uploads\/image\/post\/gnfuojpxsaac3ko-1743206944161_300_200.webp 300w, \n\/filesedc\/uploads\/image\/post\/gnfuojpxsaac3ko-1743206944161_630_420.webp 630w,\n                                \/filesedc\/uploads\/image\/post\/gnfuojpxsaac3ko-1743206944161_760_507.webp 760w,\n                                \/filesedc\/uploads\/image\/post\/gnfuojpxsaac3ko-1743206944161_1200_800.webp 1200w,\n                                \/filesedc\/uploads\/image\/post\/gnfuojpxsaac3ko-1743206944161_1600_1067.webp 1600w\"><img decoding=\"async\" src=\"https:\/\/derechadiario.com.ar\/filesedc\/uploads\/image\/post\/gnfuojpxsaac3ko-1743206944161_1200_800.webp\" class=\"img-responsive lazyload\" alt=\"Gr\u00e1fico de barras y l\u00ednea que muestra la inversi\u00f3n bruta interna mensual en Argentina desde febrero de 2022 hasta febrero de 2025, con barras verdes y rojas indicando variaciones porcentuales y una l\u00ednea azul representando el \u00edndice IBIM-OJF.\" title=\"Gr\u00e1fico de barras y l\u00ednea que muestra la inversi\u00f3n bruta interna mensual en Argentina desde febrero de 2022 hasta febrero de 2025, con barras verdes y rojas indicando variaciones porcentuales y una l\u00ednea azul representando el \u00edndice IBIM-OJF.\"><\/picture>\n<div>\n<span class=\"img_footer\">La recuperaci\u00f3n es sostenida y progresiva. <\/span>| <span class=\"img_author\">La Derecha Diario<\/span>\n<\/div>\n<\/div>\n<p>Contrastando con febrero, los datos del mes de <strong>enero<\/strong>\u00a0 reflejados por Equilibra, dictaron\u00a0un\u00a0<strong>incremento del\u00a07%.<\/strong> El anticipo del Estimador Mensual de Actividad Econ\u00f3mica\u00a0demostr\u00f3 una mejora de la actividad\u00a0interanual en comparaci\u00f3n contra la ca\u00edda registrada en <strong>2024<\/strong>. Pero\u00a0tambi\u00e9n se recupera en su medici\u00f3n desestacionalizada, dando una \u00a0<strong>suma del 0,5%<\/strong> en comparaci\u00f3n con el mes de diciembre.<\/p>\n<p>El impulso no se limita al agro, ya que si se excluye este sector, el EMAE revela un crecimiento \u00a0<strong>a\u00fan mayor<\/strong> del <strong>7,3% interanual<\/strong>, consolidando una tendencia positiva tras el alza del \u00a0<strong>5,4% interanual<\/strong>\u00a0 registrada en noviembre de 2024. En t\u00e9rminos mensuales, la econom\u00eda sin el agro creci\u00f3 un <strong>0,7%<\/strong> con respecto a diciembre del a\u00f1o pasado, lo que confirma que \u00a0<strong>la recuperaci\u00f3n es generalizada y sostenida.<\/strong><\/p>\n<p>Por su parte, el sector <strong>agropecuario<\/strong>\u00a0 tambi\u00e9n evidenci\u00f3 un repunte del <strong>2,5% interanual en enero<\/strong>, aunque su impacto en la mejora total del EMAE fue m\u00e1s moderado, aportando solo 0,2 puntos porcentuales al crecimiento general. Este dato resalta que la reactivaci\u00f3n econ\u00f3mica va m\u00e1s all\u00e1 del campo y se extiende a otros sectores productivos.<\/p>\n<aside class=\"whatsappChannelText\"><a href=\"https:\/\/whatsapp.com\/channel\/0029VagEjILGE56eKjedWF2U\" rel=\"nofollow\" title=\"WhatsApp Link\"><img alt=\"Logo de WhatsApp\" class=\"lazyload\" data-src=\"https:\/\/derechadiario.com.ar\/filesedc\/uploads\/other\/whatsapp_icon_mid_article.png\" width=\"32\" height=\"32\"><\/a> <a href=\"https:\/\/whatsapp.com\/channel\/0029VagEjILGE56eKjedWF2U\" rel=\"nofollow\" title=\"WhatsApp Link\"><strong>NO SE PIERDAN NINGUNA NOTICIA<\/strong>: Click aqu\u00ed para sumarte <strong>GRATIS<\/strong> al canal de noticias de <strong>La Derecha Diario en WhatsApp.<\/strong><\/a><\/aside>\n<figure><img decoding=\"async\" src=\"https:\/\/derechadiario.com.ar\/filesedc\/uploads\/image\/post\/gnj-6gbagaa4k10_1200_800.webp\" class=\"img-responsive lazyload\" alt=\"Gr\u00e1fico de actividad econ\u00f3mica de febrero 2025 mostrando un aumento del 7,5% respecto a febrero 2024 y un incremento del 0,8% respecto a enero 2025, con l\u00edneas de tendencia para EMAE y EMAE sin Agro.\" title=\"Gr\u00e1fico de actividad econ\u00f3mica de febrero 2025 mostrando un aumento del 7,5% respecto a febrero 2024 y un incremento del 0,8% respecto a enero 2025, con l\u00edneas de tendencia para EMAE y EMAE sin Agro.\"><\/figure>\n<p>A pesar de la leve ca\u00edda del <strong>PBI<\/strong>\u00a0 en 2024, que cerr\u00f3 con una contracci\u00f3n del \u00a0<strong>1,8%<\/strong> anual, las perspectivas para los siguientes meses del 2025 son sumamente <strong>optimistas<\/strong>.<\/p>\n<p>La recuperaci\u00f3n del agro tras la sequ\u00eda impuls\u00f3 un crecimiento del <strong>31%<\/strong>\u00a0 en este sector, lo que amortigu\u00f3 la ca\u00edda del PBI no agropecuario (-4% anual). Sin embargo, el aspecto m\u00e1s relevante es el &#8220;elevado arrastre estad\u00edstico&#8221; que dej\u00f3 el cuarto trimestre de 2024, con un efecto positivo del 2,6% sobre la econom\u00eda de este a\u00f1o.<\/p>\n","protected":false},"excerpt":{"rendered":"<p>De acuerdo con el anticipo del Estimador Mensual de Actividad Econ\u00f3mica\u00a0 (EMAE) de Equilibra, la actividad econ\u00f3mica experiment\u00f3 un crecimiento interanual del 7,5% en el mes de febrero\u00a0de 2025.\u00a0 No obstante, otro\u00a0dato m\u00e1s alentador es que la actividad tambi\u00e9n muestra una \u00a0mejora real en su medici\u00f3n contrastada\u00a0 respecto a febrero del 2024. Febrero se present\u00f3 [&hellip;]<\/p>\n","protected":false},"author":2,"featured_media":866,"comment_status":"open","ping_status":"open","sticky":false,"template":"","format":"standard","meta":{"_et_pb_use_builder":"","_et_pb_old_content":"","_et_gb_content_width":"","footnotes":""},"categories":[80],"tags":[],"class_list":["post-865","post","type-post","status-publish","format-standard","has-post-thumbnail","hentry","category-economia-2"],"_links":{"self":[{"href":"https:\/\/verdadincomodadiario.ar\/index.php?rest_route=\/wp\/v2\/posts\/865","targetHints":{"allow":["GET"]}}],"collection":[{"href":"https:\/\/verdadincomodadiario.ar\/index.php?rest_route=\/wp\/v2\/posts"}],"about":[{"href":"https:\/\/verdadincomodadiario.ar\/index.php?rest_route=\/wp\/v2\/types\/post"}],"author":[{"embeddable":true,"href":"https:\/\/verdadincomodadiario.ar\/index.php?rest_route=\/wp\/v2\/users\/2"}],"replies":[{"embeddable":true,"href":"https:\/\/verdadincomodadiario.ar\/index.php?rest_route=%2Fwp%2Fv2%2Fcomments&post=865"}],"version-history":[{"count":0,"href":"https:\/\/verdadincomodadiario.ar\/index.php?rest_route=\/wp\/v2\/posts\/865\/revisions"}],"wp:featuredmedia":[{"embeddable":true,"href":"https:\/\/verdadincomodadiario.ar\/index.php?rest_route=\/wp\/v2\/media\/866"}],"wp:attachment":[{"href":"https:\/\/verdadincomodadiario.ar\/index.php?rest_route=%2Fwp%2Fv2%2Fmedia&parent=865"}],"wp:term":[{"taxonomy":"category","embeddable":true,"href":"https:\/\/verdadincomodadiario.ar\/index.php?rest_route=%2Fwp%2Fv2%2Fcategories&post=865"},{"taxonomy":"post_tag","embeddable":true,"href":"https:\/\/verdadincomodadiario.ar\/index.php?rest_route=%2Fwp%2Fv2%2Ftags&post=865"}],"curies":[{"name":"wp","href":"https:\/\/api.w.org\/{rel}","templated":true}]}}