{"id":863,"date":"2025-03-29T12:43:29","date_gmt":"2025-03-29T12:43:29","guid":{"rendered":"https:\/\/verdadincomodadiario.ar\/?p=863"},"modified":"2025-03-29T12:43:29","modified_gmt":"2025-03-29T12:43:29","slug":"el-banco-interamericano-de-desarrollo-trabaja-con-el-fmi-para-apoyar-al-gobierno","status":"publish","type":"post","link":"https:\/\/verdadincomodadiario.ar\/?p=863","title":{"rendered":"El Banco Interamericano de Desarrollo trabaja con el FMI para apoyar al Gobierno"},"content":{"rendered":"<p>En un nuevo apoyo a la gesti\u00f3n de <strong>Javier Milei<\/strong>, el <strong>Banco Interamericano de Desarrollo<\/strong>\u00a0 (BID) expres\u00f3 su <strong>respaldo<\/strong>\u00a0 al acuerdo entre <a href=\"https:\/\/derechadiario.com.ar\/politica\/entrevista-the-washington-post-milei-relacion-con-trump-y-motosierra\" title=\"La entrevista de The Washington Post a Milei: La relaci\u00f3n con Trump y la 'motosierra'\">Argentina <\/a>y el<a href=\"https:\/\/derechadiario.com.ar\/economia\/fmi-confirmo-que-nuevo-acuerdo-con-argentina-sera-por-usd-20-mil-millones\" title=\"El FMI confirm\u00f3 que el nuevo acuerdo con Argentina ser\u00e1 por USD 20 mil millones\"> Fondo Monetario Internacional<\/a> (FMI), en el marco de la \u00a0<strong>65\u00b0 Reuni\u00f3n Anual de las Asambleas de Gobernadores del organismo en Santiago de Chile<\/strong>.\u00a0<\/p>\n<p>El secretario de Finanzas, <strong>Pablo Quirno<\/strong>, mantuvo un encuentro clave con el presidente del BID, <strong>Ilan Goldfajn<\/strong>, quien manifest\u00f3 su respaldo expl\u00edcito a la estrategia econ\u00f3mica argentina.<\/p>\n<p><strong>\u201cEl BID est\u00e1 comprometido en apoyar a la Argentina en el marco de la estrategia conjunta y sus proyectos en el pa\u00eds, en coordinaci\u00f3n con el FMI y el Banco Mundial, y las medidas que el gobierno argentino est\u00e1 implementando\u201d<\/strong>, afirm\u00f3 Goldfajn.<\/p>\n<div class=\"inter_image image_horizontal\">\n<picture><source class=\"img-responsive\" type=\"image\/webp\" data-srcset=\"\/filesedc\/uploads\/image\/post\/fmi-milei-giorgieva-2024jpg_300_200.webp 300w, \n\/filesedc\/uploads\/image\/post\/fmi-milei-giorgieva-2024jpg_630_420.webp 630w,\n                                \/filesedc\/uploads\/image\/post\/fmi-milei-giorgieva-2024jpg_760_507.webp 760w,\n                                \/filesedc\/uploads\/image\/post\/fmi-milei-giorgieva-2024jpg_1200_800.webp 1200w,\n                                \/filesedc\/uploads\/image\/post\/fmi-milei-giorgieva-2024jpg_1600_1067.webp 1600w\"><img decoding=\"async\" src=\"https:\/\/derechadiario.com.ar\/filesedc\/uploads\/image\/post\/fmi-milei-giorgieva-2024jpg_1200_800.webp\" class=\"img-responsive lazyload\" alt=\"Dos personas posan juntas frente a una pintura de \u00e1ngeles.\" title=\"Dos personas posan juntas frente a una pintura de \u00e1ngeles.\"><\/picture>\n<div>\n<span class=\"img_footer\">Javier Milei y Kristalina Georgieva <\/span>| <span class=\"img_author\">La Derecha Diario<\/span>\n<\/div>\n<\/div>\n<p>Desde el <strong>Palacio de Hacienda<\/strong> destacaron la importancia de esta se\u00f1al de confianza internacional: <strong>&#8220;Este respaldo se enmarca en una coordinaci\u00f3n estrat\u00e9gica con el FMI y el Banco Mundial, con miras a garantizar una implementaci\u00f3n s\u00f3lida y consistente del nuevo acuerdo econ\u00f3mico&#8221;.<\/strong><\/p>\n<aside class=\"are-you-interested-container-photo\"><\/aside>\n<p>Es decir, los organismos multilaterales reconocen que el rumbo adoptado por la administraci\u00f3n Milei es el <strong>correcto<\/strong>\u00a0 para sanear la econom\u00eda y generar crecimiento sostenible.<\/p>\n<p>Adem\u00e1s, se abordaron temas clave como el <strong>financiamiento<\/strong>\u00a0 de proyectos de inversi\u00f3n privada y la <strong>integraci\u00f3n<\/strong>\u00a0 regional, con especial \u00e9nfasis en la iniciativa \u00a0<strong>&#8216;\u2018Conexi\u00f3n Sur\u2019&#8217;<\/strong>. Tambi\u00e9n se reafirm\u00f3 el apoyo argentino a la capitalizaci\u00f3n de <strong>BID Invest<\/strong> y a la iniciativa regional <strong>&#8216;\u2018Preparados y Resilientes en las Am\u00e9ricas\u2019&#8217;.<\/strong><\/p>\n<figure><img decoding=\"async\" src=\"https:\/\/derechadiario.com.ar\/filesedc\/uploads\/image\/post\/fmi-1993107_1200_800.webp\" class=\"img-responsive lazyload\" alt=\"Logotipo del Fondo Monetario Internacional en relieve sobre una superficie met\u00e1lica.\" title=\"Logotipo del Fondo Monetario Internacional en relieve sobre una superficie met\u00e1lica.\"><\/figure>\n<aside class=\"whatsappChannelText\"><a href=\"https:\/\/whatsapp.com\/channel\/0029VagEjILGE56eKjedWF2U\" rel=\"nofollow\" title=\"WhatsApp Link\"><img alt=\"Logo de WhatsApp\" class=\"lazyload\" data-src=\"https:\/\/derechadiario.com.ar\/filesedc\/uploads\/other\/whatsapp_icon_mid_article.png\" width=\"32\" height=\"32\"><\/a> <a href=\"https:\/\/whatsapp.com\/channel\/0029VagEjILGE56eKjedWF2U\" rel=\"nofollow\" title=\"WhatsApp Link\"><strong>NO SE PIERDAN NINGUNA NOTICIA<\/strong>: Click aqu\u00ed para sumarte <strong>GRATIS<\/strong> al canal de noticias de <strong>La Derecha Diario en WhatsApp.<\/strong><\/a><\/aside>\n<p>El ministro de Econom\u00eda, \u00a0<strong>Luis &#8221;Toto&#8221; Caputo,<\/strong> adelant\u00f3 que Argentina est\u00e1 en plena negociaci\u00f3n de un pr\u00e9stamo con el FMI por <strong>20.000 millones de d\u00f3lares<\/strong>\u00a0 y avanza en acuerdos con el <strong>Banco Mundial<\/strong>, el BID y la <strong>CAF<\/strong>\u00a0 para robustecer las reservas, con el ambicioso objetivo de alcanzar los 50.000 millones de d\u00f3lares. Este refuerzo permitir\u00eda consolidar la estabilidad del peso y dar un nuevo impulso a la recuperaci\u00f3n econ\u00f3mica.<\/p>\n<p>El respaldo del BID y de otros organismos internacionales desmiente a los detractores que vaticinaban un aislamiento financiero. Por el contrario, \u00a0<strong>el mundo apuesta por la Argentina de Milei<\/strong>, reconociendo que su liderazgo y sus reformas estructurales son el camino hacia un pa\u00eds competitivo.<\/p>\n<p>La semana entrante, las autoridades del BID se encontrar\u00e1n con los funcionarios del oficialismo argentino\u00a0para <strong>cerrar el acuerdo de correlaci\u00f3n\u00a0econ\u00f3mica.<\/strong><\/p>\n","protected":false},"excerpt":{"rendered":"<p>En un nuevo apoyo a la gesti\u00f3n de Javier Milei, el Banco Interamericano de Desarrollo\u00a0 (BID) expres\u00f3 su respaldo\u00a0 al acuerdo entre Argentina y el Fondo Monetario Internacional (FMI), en el marco de la \u00a065\u00b0 Reuni\u00f3n Anual de las Asambleas de Gobernadores del organismo en Santiago de Chile.\u00a0 El secretario de Finanzas, Pablo Quirno, mantuvo [&hellip;]<\/p>\n","protected":false},"author":2,"featured_media":864,"comment_status":"open","ping_status":"open","sticky":false,"template":"","format":"standard","meta":{"_et_pb_use_builder":"","_et_pb_old_content":"","_et_gb_content_width":"","footnotes":""},"categories":[80],"tags":[],"class_list":["post-863","post","type-post","status-publish","format-standard","has-post-thumbnail","hentry","category-economia-2"],"_links":{"self":[{"href":"https:\/\/verdadincomodadiario.ar\/index.php?rest_route=\/wp\/v2\/posts\/863","targetHints":{"allow":["GET"]}}],"collection":[{"href":"https:\/\/verdadincomodadiario.ar\/index.php?rest_route=\/wp\/v2\/posts"}],"about":[{"href":"https:\/\/verdadincomodadiario.ar\/index.php?rest_route=\/wp\/v2\/types\/post"}],"author":[{"embeddable":true,"href":"https:\/\/verdadincomodadiario.ar\/index.php?rest_route=\/wp\/v2\/users\/2"}],"replies":[{"embeddable":true,"href":"https:\/\/verdadincomodadiario.ar\/index.php?rest_route=%2Fwp%2Fv2%2Fcomments&post=863"}],"version-history":[{"count":0,"href":"https:\/\/verdadincomodadiario.ar\/index.php?rest_route=\/wp\/v2\/posts\/863\/revisions"}],"wp:featuredmedia":[{"embeddable":true,"href":"https:\/\/verdadincomodadiario.ar\/index.php?rest_route=\/wp\/v2\/media\/864"}],"wp:attachment":[{"href":"https:\/\/verdadincomodadiario.ar\/index.php?rest_route=%2Fwp%2Fv2%2Fmedia&parent=863"}],"wp:term":[{"taxonomy":"category","embeddable":true,"href":"https:\/\/verdadincomodadiario.ar\/index.php?rest_route=%2Fwp%2Fv2%2Fcategories&post=863"},{"taxonomy":"post_tag","embeddable":true,"href":"https:\/\/verdadincomodadiario.ar\/index.php?rest_route=%2Fwp%2Fv2%2Ftags&post=863"}],"curies":[{"name":"wp","href":"https:\/\/api.w.org\/{rel}","templated":true}]}}